{"id":8244,"date":"2018-05-08T11:01:57","date_gmt":"2018-05-08T09:01:57","guid":{"rendered":"http:\/\/agora.xtec.cat\/iesmanolohugue\/?p=8244"},"modified":"2020-05-07T20:24:12","modified_gmt":"2020-05-07T18:24:12","slug":"jornada-de-portes-obertes-batxillerat-i-cicles-formatius","status":"publish","type":"post","link":"https:\/\/agora.xtec.cat\/iesmanolohugue\/general\/jornada-de-portes-obertes-batxillerat-i-cicles-formatius\/","title":{"rendered":"JORNADA DE PORTES OBERTES BATXILLERAT I CICLES FORMATIUS"},"content":{"rendered":"<p>Ahir, dia 7 de maig vam celebrar la Jornada de Portes Obertes d\u2019ESO amb una gran aflu\u00e8ncia de fami\u00edlies interessades en la nostra oferta formativa.<\/p>\n<p>Vam fer una presentaci\u00f3 general on el director, Jaume Balart, la coordinadora pedag\u00f2gica Margarita Bartoli i la cap d&#8217;estudis adjunta Cristina Fern\u00e1ndez van donar diferents explicacions sobre diverses q\u00fcestions que podeu trobar en aquesta\u00a0 presentaci\u00f3:\u00a0<a href=\"http:\/\/agora.xtec.cat\/iesmanolohugue\/wp-content\/uploads\/usu9\/2018\/05\/Manolo-Hugu\u00e9-Batxillerat-2018-2019.pdf\">Manolo Hugu\u00e9 2018-2019<\/a><\/p>\n<p>Posteriorment es van fer altres reunions m\u00e9s espec\u00edfiques: una per alumnes que volen fer batxillerat, una altra per alumnes que volen fer cicles de grau mitj\u00e0 o superior de mec\u00e0nica i una altra per alumnes\u00a0 que volen fer cicles de grau mitj\u00e0 o superior d&#8217;administraci\u00f3, amb els corresponents caps de departament.<\/p>\n<p>L&#8217;associaci\u00f3 ASCAMM amb una representaci\u00f3 de diferents empreses\u00a0 van venir a fer una xerrada molt interessant sobre el m\u00f3n de les motlles i matrius i les oportunitats laborals que aquest sector industrial ofereix.<\/p>\n<p>A continuaci\u00f3, vam fer\u00a0 grups i v\u00e0rem visitar les depend\u00e8ncies de l\u2019institut, com ara\u00a0 aules, aules d&#8217;inform\u00e0tica, d&#8217;idiomes, laboratoris, tallers, aules especials&#8230;<\/p>\n<p>&nbsp;<\/p>\n<p><img loading=\"lazy\" decoding=\"async\" class=\" wp-image-8257 aligncenter\" src=\"http:\/\/agora.xtec.cat\/iesmanolohugue\/wp-content\/uploads\/usu9\/2018\/05\/WhatsApp-Image-2018-05-08-at-10.33.16-1024x768.jpeg\" alt=\"\" width=\"821\" height=\"616\" srcset=\"https:\/\/agora.xtec.cat\/iesmanolohugue\/wp-content\/uploads\/usu9\/2018\/05\/WhatsApp-Image-2018-05-08-at-10.33.16-1024x768.jpeg 1024w, https:\/\/agora.xtec.cat\/iesmanolohugue\/wp-content\/uploads\/usu9\/2018\/05\/WhatsApp-Image-2018-05-08-at-10.33.16-150x113.jpeg 150w, https:\/\/agora.xtec.cat\/iesmanolohugue\/wp-content\/uploads\/usu9\/2018\/05\/WhatsApp-Image-2018-05-08-at-10.33.16-300x225.jpeg 300w, https:\/\/agora.xtec.cat\/iesmanolohugue\/wp-content\/uploads\/usu9\/2018\/05\/WhatsApp-Image-2018-05-08-at-10.33.16-768x576.jpeg 768w, https:\/\/agora.xtec.cat\/iesmanolohugue\/wp-content\/uploads\/usu9\/2018\/05\/WhatsApp-Image-2018-05-08-at-10.33.16-200x150.jpeg 200w, https:\/\/agora.xtec.cat\/iesmanolohugue\/wp-content\/uploads\/usu9\/2018\/05\/WhatsApp-Image-2018-05-08-at-10.33.16.jpeg 1600w\" sizes=\"auto, (max-width: 821px) 100vw, 821px\" \/><\/p>\n<p><img loading=\"lazy\" decoding=\"async\" class=\"wp-image-8252 aligncenter\" src=\"http:\/\/agora.xtec.cat\/iesmanolohugue\/wp-content\/uploads\/usu9\/2018\/05\/WhatsApp-Image-2018-05-08-at-10.34.03.jpeg\" alt=\"\" width=\"825\" height=\"619\" srcset=\"https:\/\/agora.xtec.cat\/iesmanolohugue\/wp-content\/uploads\/usu9\/2018\/05\/WhatsApp-Image-2018-05-08-at-10.34.03.jpeg 640w, https:\/\/agora.xtec.cat\/iesmanolohugue\/wp-content\/uploads\/usu9\/2018\/05\/WhatsApp-Image-2018-05-08-at-10.34.03-150x113.jpeg 150w, https:\/\/agora.xtec.cat\/iesmanolohugue\/wp-content\/uploads\/usu9\/2018\/05\/WhatsApp-Image-2018-05-08-at-10.34.03-300x225.jpeg 300w, https:\/\/agora.xtec.cat\/iesmanolohugue\/wp-content\/uploads\/usu9\/2018\/05\/WhatsApp-Image-2018-05-08-at-10.34.03-200x150.jpeg 200w\" sizes=\"auto, (max-width: 825px) 100vw, 825px\" \/><\/p>\n<p><img loading=\"lazy\" decoding=\"async\" class=\" wp-image-8254 aligncenter\" src=\"http:\/\/agora.xtec.cat\/iesmanolohugue\/wp-content\/uploads\/usu9\/2018\/05\/WhatsApp-Image-2018-05-08-at-10.31.20.jpeg\" alt=\"\" width=\"824\" height=\"618\" srcset=\"https:\/\/agora.xtec.cat\/iesmanolohugue\/wp-content\/uploads\/usu9\/2018\/05\/WhatsApp-Image-2018-05-08-at-10.31.20.jpeg 640w, https:\/\/agora.xtec.cat\/iesmanolohugue\/wp-content\/uploads\/usu9\/2018\/05\/WhatsApp-Image-2018-05-08-at-10.31.20-150x113.jpeg 150w, https:\/\/agora.xtec.cat\/iesmanolohugue\/wp-content\/uploads\/usu9\/2018\/05\/WhatsApp-Image-2018-05-08-at-10.31.20-300x225.jpeg 300w, https:\/\/agora.xtec.cat\/iesmanolohugue\/wp-content\/uploads\/usu9\/2018\/05\/WhatsApp-Image-2018-05-08-at-10.31.20-200x150.jpeg 200w\" sizes=\"auto, (max-width: 824px) 100vw, 824px\" \/><\/p>\n","protected":false},"excerpt":{"rendered":"<p>Jornada de Portes Obertes de batxillerat i cicles formatius&hellip;  <a href=\"https:\/\/agora.xtec.cat\/iesmanolohugue\/general\/jornada-de-portes-obertes-batxillerat-i-cicles-formatius\/\" title=\"Read JORNADA DE PORTES OBERTES BATXILLERAT I CICLES FORMATIUS\">Llegeix m\u00e9s\u00bb<\/a><\/p>\n","protected":false},"author":1,"featured_media":8254,"comment_status":"closed","ping_status":"closed","sticky":false,"template":"","format":"standard","meta":{"_bbp_topic_count":0,"_bbp_reply_count":0,"_bbp_total_topic_count":0,"_bbp_total_reply_count":0,"_bbp_voice_count":0,"_bbp_anonymous_reply_count":0,"_bbp_topic_count_hidden":0,"_bbp_reply_count_hidden":0,"_bbp_forum_subforum_count":0,"footnotes":""},"categories":[8,30,70,1,29,213],"tags":[],"class_list":["post-8244","post","type-post","status-publish","format-standard","has-post-thumbnail","hentry","category-batxillerat","category-cicles-formatius","category-comunitat","category-general","category-portada","category-portes-obertes"],"post_mailing_queue_ids":[],"_links":{"self":[{"href":"https:\/\/agora.xtec.cat\/iesmanolohugue\/wp-json\/wp\/v2\/posts\/8244","targetHints":{"allow":["GET"]}}],"collection":[{"href":"https:\/\/agora.xtec.cat\/iesmanolohugue\/wp-json\/wp\/v2\/posts"}],"about":[{"href":"https:\/\/agora.xtec.cat\/iesmanolohugue\/wp-json\/wp\/v2\/types\/post"}],"author":[{"embeddable":true,"href":"https:\/\/agora.xtec.cat\/iesmanolohugue\/wp-json\/wp\/v2\/users\/1"}],"replies":[{"embeddable":true,"href":"https:\/\/agora.xtec.cat\/iesmanolohugue\/wp-json\/wp\/v2\/comments?post=8244"}],"version-history":[{"count":4,"href":"https:\/\/agora.xtec.cat\/iesmanolohugue\/wp-json\/wp\/v2\/posts\/8244\/revisions"}],"predecessor-version":[{"id":8261,"href":"https:\/\/agora.xtec.cat\/iesmanolohugue\/wp-json\/wp\/v2\/posts\/8244\/revisions\/8261"}],"wp:featuredmedia":[{"embeddable":true,"href":"https:\/\/agora.xtec.cat\/iesmanolohugue\/wp-json\/wp\/v2\/media\/8254"}],"wp:attachment":[{"href":"https:\/\/agora.xtec.cat\/iesmanolohugue\/wp-json\/wp\/v2\/media?parent=8244"}],"wp:term":[{"taxonomy":"category","embeddable":true,"href":"https:\/\/agora.xtec.cat\/iesmanolohugue\/wp-json\/wp\/v2\/categories?post=8244"},{"taxonomy":"post_tag","embeddable":true,"href":"https:\/\/agora.xtec.cat\/iesmanolohugue\/wp-json\/wp\/v2\/tags?post=8244"}],"curies":[{"name":"wp","href":"https:\/\/api.w.org\/{rel}","templated":true}]}}