{"id":7789,"date":"2018-03-18T20:23:41","date_gmt":"2018-03-18T19:23:41","guid":{"rendered":"http:\/\/agora.xtec.cat\/iesmanolohugue\/?p=7789"},"modified":"2018-03-18T20:26:33","modified_gmt":"2018-03-18T19:26:33","slug":"salo-densenyament-2n-batxillerat","status":"publish","type":"post","link":"https:\/\/agora.xtec.cat\/iesmanolohugue\/batxillerat\/salo-densenyament-2n-batxillerat\/","title":{"rendered":"Sal\u00f3 de l&#8217;Ensenyament, 2n de Batxillerat"},"content":{"rendered":"<p>El passat 14 de mar\u00e7 l&#8217;alumnat de 2n de Batxillerat vam anar al Sal\u00f3 de l&#8217;Ensenyament a Barcelona. All\u00ed vam trobar tot tipus d&#8217;informaci\u00f3 respecte a la formaci\u00f3 i tamb\u00e9 molts aclariments de cara el futur m\u00e9s immediat. Jornada molt enriquidora a nivell personal i necess\u00e0ria en aquests moments en que el curs avan\u00e7a imparable.<\/p>\n<p><img loading=\"lazy\" decoding=\"async\" class=\"alignnone size-large wp-image-7791\" src=\"http:\/\/agora.xtec.cat\/iesmanolohugue\/wp-content\/uploads\/usu9\/2018\/03\/saloensenyament_2nbat-1024x576.jpg\" alt=\"\" width=\"1024\" height=\"576\" srcset=\"https:\/\/agora.xtec.cat\/iesmanolohugue\/wp-content\/uploads\/usu9\/2018\/03\/saloensenyament_2nbat-1024x576.jpg 1024w, https:\/\/agora.xtec.cat\/iesmanolohugue\/wp-content\/uploads\/usu9\/2018\/03\/saloensenyament_2nbat-150x84.jpg 150w, https:\/\/agora.xtec.cat\/iesmanolohugue\/wp-content\/uploads\/usu9\/2018\/03\/saloensenyament_2nbat-300x169.jpg 300w, https:\/\/agora.xtec.cat\/iesmanolohugue\/wp-content\/uploads\/usu9\/2018\/03\/saloensenyament_2nbat-768x432.jpg 768w, https:\/\/agora.xtec.cat\/iesmanolohugue\/wp-content\/uploads\/usu9\/2018\/03\/saloensenyament_2nbat.jpg 1600w\" sizes=\"auto, (max-width: 1024px) 100vw, 1024px\" \/><\/p>\n","protected":false},"excerpt":{"rendered":"<p>El passat 14 de mar\u00e7 l&#8217;alumnat de 2n de Batxillerat vam anar al Sal\u00f3 de l&#8217;Ensenyament a Barcelona&hellip;  <a href=\"https:\/\/agora.xtec.cat\/iesmanolohugue\/batxillerat\/salo-densenyament-2n-batxillerat\/\" title=\"Read Sal\u00f3 de l&#8217;Ensenyament, 2n de Batxillerat\">Llegeix m\u00e9s\u00bb<\/a><\/p>\n","protected":false},"author":88,"featured_media":7791,"comment_status":"closed","ping_status":"closed","sticky":false,"template":"","format":"standard","meta":{"_bbp_topic_count":0,"_bbp_reply_count":0,"_bbp_total_topic_count":0,"_bbp_total_reply_count":0,"_bbp_voice_count":0,"_bbp_anonymous_reply_count":0,"_bbp_topic_count_hidden":0,"_bbp_reply_count_hidden":0,"_bbp_forum_subforum_count":0,"footnotes":""},"categories":[8,29],"tags":[39],"class_list":["post-7789","post","type-post","status-publish","format-standard","has-post-thumbnail","hentry","category-batxillerat","category-portada","tag-sortides"],"post_mailing_queue_ids":[],"_links":{"self":[{"href":"https:\/\/agora.xtec.cat\/iesmanolohugue\/wp-json\/wp\/v2\/posts\/7789","targetHints":{"allow":["GET"]}}],"collection":[{"href":"https:\/\/agora.xtec.cat\/iesmanolohugue\/wp-json\/wp\/v2\/posts"}],"about":[{"href":"https:\/\/agora.xtec.cat\/iesmanolohugue\/wp-json\/wp\/v2\/types\/post"}],"author":[{"embeddable":true,"href":"https:\/\/agora.xtec.cat\/iesmanolohugue\/wp-json\/wp\/v2\/users\/88"}],"replies":[{"embeddable":true,"href":"https:\/\/agora.xtec.cat\/iesmanolohugue\/wp-json\/wp\/v2\/comments?post=7789"}],"version-history":[{"count":3,"href":"https:\/\/agora.xtec.cat\/iesmanolohugue\/wp-json\/wp\/v2\/posts\/7789\/revisions"}],"predecessor-version":[{"id":7794,"href":"https:\/\/agora.xtec.cat\/iesmanolohugue\/wp-json\/wp\/v2\/posts\/7789\/revisions\/7794"}],"wp:featuredmedia":[{"embeddable":true,"href":"https:\/\/agora.xtec.cat\/iesmanolohugue\/wp-json\/wp\/v2\/media\/7791"}],"wp:attachment":[{"href":"https:\/\/agora.xtec.cat\/iesmanolohugue\/wp-json\/wp\/v2\/media?parent=7789"}],"wp:term":[{"taxonomy":"category","embeddable":true,"href":"https:\/\/agora.xtec.cat\/iesmanolohugue\/wp-json\/wp\/v2\/categories?post=7789"},{"taxonomy":"post_tag","embeddable":true,"href":"https:\/\/agora.xtec.cat\/iesmanolohugue\/wp-json\/wp\/v2\/tags?post=7789"}],"curies":[{"name":"wp","href":"https:\/\/api.w.org\/{rel}","templated":true}]}}