{"id":7734,"date":"2018-03-13T19:43:02","date_gmt":"2018-03-13T18:43:02","guid":{"rendered":"http:\/\/agora.xtec.cat\/iesmanolohugue\/?p=7734"},"modified":"2019-04-03T10:19:44","modified_gmt":"2019-04-03T08:19:44","slug":"alumnes-del-manolo-al-laboratori-de-lectures","status":"publish","type":"post","link":"https:\/\/agora.xtec.cat\/iesmanolohugue\/portada\/alumnes-del-manolo-al-laboratori-de-lectures\/","title":{"rendered":"Alumnes del Manolo al laboratori de lectures"},"content":{"rendered":"<p><img loading=\"lazy\" decoding=\"async\" class=\"alignnone size-large wp-image-7737\" src=\"http:\/\/agora.xtec.cat\/iesmanolohugue\/wp-content\/uploads\/usu9\/2018\/03\/IMG_20180313_173217__01.redimensionada-1024x561.jpg\" alt=\"\" width=\"1024\" height=\"561\" srcset=\"https:\/\/agora.xtec.cat\/iesmanolohugue\/wp-content\/uploads\/usu9\/2018\/03\/IMG_20180313_173217__01.redimensionada.jpg 1024w, https:\/\/agora.xtec.cat\/iesmanolohugue\/wp-content\/uploads\/usu9\/2018\/03\/IMG_20180313_173217__01.redimensionada-150x82.jpg 150w, https:\/\/agora.xtec.cat\/iesmanolohugue\/wp-content\/uploads\/usu9\/2018\/03\/IMG_20180313_173217__01.redimensionada-300x164.jpg 300w, https:\/\/agora.xtec.cat\/iesmanolohugue\/wp-content\/uploads\/usu9\/2018\/03\/IMG_20180313_173217__01.redimensionada-768x421.jpg 768w\" sizes=\"auto, (max-width: 1024px) 100vw, 1024px\" \/>Alguns dels alumnes de l&#8217;institut voluntaris del programa l\u00e8cxit han participat, juntament amb els seus aprenents, al Laboratori de Lectura. L&#8217;objectiu del programa l\u00e8cxit \u00e9s augmentar el gust per la lectura. El laboratori de lectura \u00e9s un &#8220;laboratori&#8221; on hi ha moltes activitats i molt diverses per llegir d&#8217;altres maneres. Mireu les fotos i veureu que divertit que \u00e9s endinsar-se en el m\u00f3n de la lectura!<\/p>\n<p>Ah! I dijous participar\u00e0 en aquest laboratori tot un altre grup d&#8217;alumnes del Manolo Hugu\u00e9!<\/p>\n<p><img loading=\"lazy\" decoding=\"async\" class=\"alignnone size-large wp-image-7738\" src=\"http:\/\/agora.xtec.cat\/iesmanolohugue\/wp-content\/uploads\/usu9\/2018\/03\/IMG_20180313_173816__01.redimensionada-1024x768.jpg\" alt=\"\" width=\"1024\" height=\"768\" srcset=\"https:\/\/agora.xtec.cat\/iesmanolohugue\/wp-content\/uploads\/usu9\/2018\/03\/IMG_20180313_173816__01.redimensionada.jpg 1024w, https:\/\/agora.xtec.cat\/iesmanolohugue\/wp-content\/uploads\/usu9\/2018\/03\/IMG_20180313_173816__01.redimensionada-150x113.jpg 150w, https:\/\/agora.xtec.cat\/iesmanolohugue\/wp-content\/uploads\/usu9\/2018\/03\/IMG_20180313_173816__01.redimensionada-300x225.jpg 300w, https:\/\/agora.xtec.cat\/iesmanolohugue\/wp-content\/uploads\/usu9\/2018\/03\/IMG_20180313_173816__01.redimensionada-768x576.jpg 768w, https:\/\/agora.xtec.cat\/iesmanolohugue\/wp-content\/uploads\/usu9\/2018\/03\/IMG_20180313_173816__01.redimensionada-200x150.jpg 200w\" sizes=\"auto, (max-width: 1024px) 100vw, 1024px\" \/><\/p>\n<p><img loading=\"lazy\" decoding=\"async\" class=\"alignnone size-large wp-image-7739\" src=\"http:\/\/agora.xtec.cat\/iesmanolohugue\/wp-content\/uploads\/usu9\/2018\/03\/IMG_20180313_172857.redimensionada-1024x768.jpg\" alt=\"\" width=\"1024\" height=\"768\" srcset=\"https:\/\/agora.xtec.cat\/iesmanolohugue\/wp-content\/uploads\/usu9\/2018\/03\/IMG_20180313_172857.redimensionada.jpg 1024w, https:\/\/agora.xtec.cat\/iesmanolohugue\/wp-content\/uploads\/usu9\/2018\/03\/IMG_20180313_172857.redimensionada-150x113.jpg 150w, https:\/\/agora.xtec.cat\/iesmanolohugue\/wp-content\/uploads\/usu9\/2018\/03\/IMG_20180313_172857.redimensionada-300x225.jpg 300w, https:\/\/agora.xtec.cat\/iesmanolohugue\/wp-content\/uploads\/usu9\/2018\/03\/IMG_20180313_172857.redimensionada-768x576.jpg 768w, https:\/\/agora.xtec.cat\/iesmanolohugue\/wp-content\/uploads\/usu9\/2018\/03\/IMG_20180313_172857.redimensionada-200x150.jpg 200w\" sizes=\"auto, (max-width: 1024px) 100vw, 1024px\" \/><\/p>\n","protected":false},"excerpt":{"rendered":"<p>Alguns dels alumnes de l&#8217;institut voluntaris del programa l\u00e8cxit han participat, juntament amb els seus aprenents&hellip;  <a href=\"https:\/\/agora.xtec.cat\/iesmanolohugue\/portada\/alumnes-del-manolo-al-laboratori-de-lectures\/\" title=\"Read Alumnes del Manolo al laboratori de lectures\">Llegeix m\u00e9s\u00bb<\/a><\/p>\n","protected":false},"author":6,"featured_media":7737,"comment_status":"closed","ping_status":"closed","sticky":false,"template":"","format":"standard","meta":{"_bbp_topic_count":0,"_bbp_reply_count":0,"_bbp_total_topic_count":0,"_bbp_total_reply_count":0,"_bbp_voice_count":0,"_bbp_anonymous_reply_count":0,"_bbp_topic_count_hidden":0,"_bbp_reply_count_hidden":0,"_bbp_forum_subforum_count":0,"footnotes":""},"categories":[65,172,29],"tags":[107,146,147],"class_list":["post-7734","post","type-post","status-publish","format-standard","has-post-thumbnail","hentry","category-grup-voluntariat","category-lecxit","category-portada","tag-lectura","tag-lecxit","tag-voluntaris"],"post_mailing_queue_ids":[],"_links":{"self":[{"href":"https:\/\/agora.xtec.cat\/iesmanolohugue\/wp-json\/wp\/v2\/posts\/7734","targetHints":{"allow":["GET"]}}],"collection":[{"href":"https:\/\/agora.xtec.cat\/iesmanolohugue\/wp-json\/wp\/v2\/posts"}],"about":[{"href":"https:\/\/agora.xtec.cat\/iesmanolohugue\/wp-json\/wp\/v2\/types\/post"}],"author":[{"embeddable":true,"href":"https:\/\/agora.xtec.cat\/iesmanolohugue\/wp-json\/wp\/v2\/users\/6"}],"replies":[{"embeddable":true,"href":"https:\/\/agora.xtec.cat\/iesmanolohugue\/wp-json\/wp\/v2\/comments?post=7734"}],"version-history":[{"count":3,"href":"https:\/\/agora.xtec.cat\/iesmanolohugue\/wp-json\/wp\/v2\/posts\/7734\/revisions"}],"predecessor-version":[{"id":7748,"href":"https:\/\/agora.xtec.cat\/iesmanolohugue\/wp-json\/wp\/v2\/posts\/7734\/revisions\/7748"}],"wp:featuredmedia":[{"embeddable":true,"href":"https:\/\/agora.xtec.cat\/iesmanolohugue\/wp-json\/wp\/v2\/media\/7737"}],"wp:attachment":[{"href":"https:\/\/agora.xtec.cat\/iesmanolohugue\/wp-json\/wp\/v2\/media?parent=7734"}],"wp:term":[{"taxonomy":"category","embeddable":true,"href":"https:\/\/agora.xtec.cat\/iesmanolohugue\/wp-json\/wp\/v2\/categories?post=7734"},{"taxonomy":"post_tag","embeddable":true,"href":"https:\/\/agora.xtec.cat\/iesmanolohugue\/wp-json\/wp\/v2\/tags?post=7734"}],"curies":[{"name":"wp","href":"https:\/\/api.w.org\/{rel}","templated":true}]}}