{"id":7271,"date":"2018-01-09T17:31:49","date_gmt":"2018-01-09T16:31:49","guid":{"rendered":"http:\/\/agora.xtec.cat\/iesmanolohugue\/?p=7271"},"modified":"2018-01-10T08:13:17","modified_gmt":"2018-01-10T07:13:17","slug":"xxxi-olimpiada-quimica-de-catalunya","status":"publish","type":"post","link":"https:\/\/agora.xtec.cat\/iesmanolohugue\/general\/xxxi-olimpiada-quimica-de-catalunya\/","title":{"rendered":"XXXI Olimp\u00edada Qu\u00edmica de Catalunya"},"content":{"rendered":"<p>&nbsp;<\/p>\n<p>&nbsp;<\/p>\n<p><img loading=\"lazy\" decoding=\"async\" class=\"size-full wp-image-7272 aligncenter\" src=\"http:\/\/agora.xtec.cat\/iesmanolohugue\/wp-content\/uploads\/usu9\/2018\/01\/olimpquim.png\" alt=\"\" width=\"556\" height=\"785\" srcset=\"https:\/\/agora.xtec.cat\/iesmanolohugue\/wp-content\/uploads\/usu9\/2018\/01\/olimpquim.png 556w, https:\/\/agora.xtec.cat\/iesmanolohugue\/wp-content\/uploads\/usu9\/2018\/01\/olimpquim-106x150.png 106w, https:\/\/agora.xtec.cat\/iesmanolohugue\/wp-content\/uploads\/usu9\/2018\/01\/olimpquim-212x300.png 212w\" sizes=\"auto, (max-width: 556px) 100vw, 556px\" \/><\/p>\n<p>&nbsp;<\/p>\n<p>El Il\u00b7lustre Col\u00b7legi Oficial de Qu\u00edmics de Catalunya i l\u2019Associaci\u00f3 de Qu\u00edmics de Catalunya, en col\u00b7laboraci\u00f3 amb les Universitats catalanes que tenen adscrits centres que imparteixen LOGSE, i que s\u00f3n: Universitat Aut\u00f2noma de Barcelona, Universitat de Barcelona, Universitat de Girona, Universitat de Lleida, Universitat Polit\u00e8cnica de Catalunya, Universitat Pompeu Fabra i Universitat Rovira i Virgili, convoquen, com altres anys, la\u00a0<strong>XXXI OLIMP\u00cdADA QU\u00cdMICA DE CATALUNYA.<\/strong><\/p>\n<p>Els objectius d\u2019aquesta olimp\u00edada s\u00f3n: promoure i estimular l\u2019inter\u00e8s dels alumnes per la Qu\u00edmica, establir una millor relaci\u00f3 entre l\u2019ensenyament de la Qu\u00edmica a nivell no universitari i universitari, i motivar el professorat en el desenvolupament d\u2019una metodologia m\u00e9s propera a la vida real.<\/p>\n<p>Per seleccionar els guanyadors es far\u00e0 una prova escrita el dia\u00a0<strong>6\u00a0de Mar\u00e7 de 2018\u00a0a les 16:00 hores<\/strong>, que ser\u00e0 la mateixa i simult\u00e0nia a totes les Universitats catalanes. Es classificaran com a guanyadors els vint-i-un millors alumnes de Catalunya que rebran el corresponent diploma del ICOQC i accediran (7, 14 o 21)\u00a0<strong>en les\u00a0<u>condicions<\/u>\u00a0que es fixen per la ANQUE, la RSEQ y el MECD a la Fase Nacional de 2018.\u00a0<\/strong><br \/>\nEl temari que els alumnes han de preparar inclou els dos cursos de Batxillerat, el primer complet i el segon fins a l\u2019apartat 4 incl\u00f2s. A m\u00e9s, l\u2019examen inclour\u00e0 q\u00fcestions te\u00f2riques sobre pr\u00e0ctiques de laboratori. Tota aquesta informaci\u00f3 la podeu trobar a la p\u00e0gina web (Informaci\u00f3 addicional de la mat\u00e8ria):<\/p>\n<p><a href=\"https:\/\/olimpiacat.wixsite.com\/olimpiades-quimica\">https:\/\/olimpiacat.wixsite.com\/olimpiades-quimica<\/a><\/p>\n","protected":false},"excerpt":{"rendered":"<p>El Il\u00b7lustre Col\u00b7legi Oficial de Qu\u00edmics de Catalunya i l\u2019Associaci\u00f3 de Qu\u00edmics de Catalunya, en col\u00b7laboraci\u00f3&hellip;  <a href=\"https:\/\/agora.xtec.cat\/iesmanolohugue\/general\/xxxi-olimpiada-quimica-de-catalunya\/\" title=\"Read XXXI Olimp\u00edada Qu\u00edmica de Catalunya\">Llegeix m\u00e9s\u00bb<\/a><\/p>\n","protected":false},"author":1,"featured_media":7272,"comment_status":"closed","ping_status":"closed","sticky":false,"template":"","format":"standard","meta":{"_bbp_topic_count":0,"_bbp_reply_count":0,"_bbp_total_topic_count":0,"_bbp_total_reply_count":0,"_bbp_voice_count":0,"_bbp_anonymous_reply_count":0,"_bbp_topic_count_hidden":0,"_bbp_reply_count_hidden":0,"_bbp_forum_subforum_count":0,"footnotes":""},"categories":[8,1,29],"tags":[],"class_list":["post-7271","post","type-post","status-publish","format-standard","has-post-thumbnail","hentry","category-batxillerat","category-general","category-portada"],"post_mailing_queue_ids":[],"_links":{"self":[{"href":"https:\/\/agora.xtec.cat\/iesmanolohugue\/wp-json\/wp\/v2\/posts\/7271","targetHints":{"allow":["GET"]}}],"collection":[{"href":"https:\/\/agora.xtec.cat\/iesmanolohugue\/wp-json\/wp\/v2\/posts"}],"about":[{"href":"https:\/\/agora.xtec.cat\/iesmanolohugue\/wp-json\/wp\/v2\/types\/post"}],"author":[{"embeddable":true,"href":"https:\/\/agora.xtec.cat\/iesmanolohugue\/wp-json\/wp\/v2\/users\/1"}],"replies":[{"embeddable":true,"href":"https:\/\/agora.xtec.cat\/iesmanolohugue\/wp-json\/wp\/v2\/comments?post=7271"}],"version-history":[{"count":2,"href":"https:\/\/agora.xtec.cat\/iesmanolohugue\/wp-json\/wp\/v2\/posts\/7271\/revisions"}],"predecessor-version":[{"id":7274,"href":"https:\/\/agora.xtec.cat\/iesmanolohugue\/wp-json\/wp\/v2\/posts\/7271\/revisions\/7274"}],"wp:featuredmedia":[{"embeddable":true,"href":"https:\/\/agora.xtec.cat\/iesmanolohugue\/wp-json\/wp\/v2\/media\/7272"}],"wp:attachment":[{"href":"https:\/\/agora.xtec.cat\/iesmanolohugue\/wp-json\/wp\/v2\/media?parent=7271"}],"wp:term":[{"taxonomy":"category","embeddable":true,"href":"https:\/\/agora.xtec.cat\/iesmanolohugue\/wp-json\/wp\/v2\/categories?post=7271"},{"taxonomy":"post_tag","embeddable":true,"href":"https:\/\/agora.xtec.cat\/iesmanolohugue\/wp-json\/wp\/v2\/tags?post=7271"}],"curies":[{"name":"wp","href":"https:\/\/api.w.org\/{rel}","templated":true}]}}