{"id":6895,"date":"2017-10-19T11:39:48","date_gmt":"2017-10-19T09:39:48","guid":{"rendered":"http:\/\/agora.xtec.cat\/iesmanolohugue\/?p=6895"},"modified":"2017-10-19T11:42:04","modified_gmt":"2017-10-19T09:42:04","slug":"bloc-destination-quebec","status":"publish","type":"post","link":"https:\/\/agora.xtec.cat\/iesmanolohugue\/eso\/eso-4\/bloc-destination-quebec\/","title":{"rendered":"Bloc Destination Qu\u00e9bec"},"content":{"rendered":"<p>Ja tenim a l&#8217;institut una alumna del Qu\u00e9bec, Canad\u00e0.\u00a0Aqu\u00ed teniu un<span style=\"font-size: 18pt;\">\u00a0<a href=\"http:\/\/blocs.xtec.cat\/mobilitatquebeccaldes\/\">Enlla\u00e7 al bloc<\/a><\/span>\u00a0on podeu saber m\u00e9s de\u00a0l&#8217;alumnat d&#8217;intercanvi i de les seves viv\u00e8ncies.<\/p>\n<p><a href=\"http:\/\/blocs.xtec.cat\/mobilitatquebeccaldes\/\"><img loading=\"lazy\" decoding=\"async\" class=\"wp-image-6897 size-thumbnail alignleft\" src=\"http:\/\/agora.xtec.cat\/iesmanolohugue\/wp-content\/uploads\/usu9\/2017\/10\/julianne-113x150.jpg\" alt=\"\" width=\"113\" height=\"150\" \/><\/a><\/p>\n","protected":false},"excerpt":{"rendered":"<p>Ja tenim a l&#8217;institut una alumna del Qu\u00e9bec, Canad\u00e0.\u00a0Aqu\u00ed teniu un\u00a0<a href=\"http:\/\/blocs.xtec.cat\/mobilitatquebeccaldes\/\">Enlla\u00e7 al bloc<\/a>\u00a0on podeu saber m\u00e9s de\u00a0l&#8217;alumnat d&#8217;intercanvi i de les seves viv\u00e8ncies.<br \/>\n<a href=\"http:\/\/blocs.xtec.cat\/mobilitatquebeccaldes\/\"><\/a><\/p>\n","protected":false},"author":88,"featured_media":6897,"comment_status":"closed","ping_status":"closed","sticky":false,"template":"","format":"standard","meta":{"_bbp_topic_count":0,"_bbp_reply_count":0,"_bbp_total_topic_count":0,"_bbp_total_reply_count":0,"_bbp_voice_count":0,"_bbp_anonymous_reply_count":0,"_bbp_topic_count_hidden":0,"_bbp_reply_count_hidden":0,"_bbp_forum_subforum_count":0,"footnotes":""},"categories":[7,77,29],"tags":[],"class_list":["post-6895","post","type-post","status-publish","format-standard","has-post-thumbnail","hentry","category-eso-4","category-intercanvis-idiomes","category-portada"],"post_mailing_queue_ids":[],"_links":{"self":[{"href":"https:\/\/agora.xtec.cat\/iesmanolohugue\/wp-json\/wp\/v2\/posts\/6895","targetHints":{"allow":["GET"]}}],"collection":[{"href":"https:\/\/agora.xtec.cat\/iesmanolohugue\/wp-json\/wp\/v2\/posts"}],"about":[{"href":"https:\/\/agora.xtec.cat\/iesmanolohugue\/wp-json\/wp\/v2\/types\/post"}],"author":[{"embeddable":true,"href":"https:\/\/agora.xtec.cat\/iesmanolohugue\/wp-json\/wp\/v2\/users\/88"}],"replies":[{"embeddable":true,"href":"https:\/\/agora.xtec.cat\/iesmanolohugue\/wp-json\/wp\/v2\/comments?post=6895"}],"version-history":[{"count":3,"href":"https:\/\/agora.xtec.cat\/iesmanolohugue\/wp-json\/wp\/v2\/posts\/6895\/revisions"}],"predecessor-version":[{"id":6903,"href":"https:\/\/agora.xtec.cat\/iesmanolohugue\/wp-json\/wp\/v2\/posts\/6895\/revisions\/6903"}],"wp:featuredmedia":[{"embeddable":true,"href":"https:\/\/agora.xtec.cat\/iesmanolohugue\/wp-json\/wp\/v2\/media\/6897"}],"wp:attachment":[{"href":"https:\/\/agora.xtec.cat\/iesmanolohugue\/wp-json\/wp\/v2\/media?parent=6895"}],"wp:term":[{"taxonomy":"category","embeddable":true,"href":"https:\/\/agora.xtec.cat\/iesmanolohugue\/wp-json\/wp\/v2\/categories?post=6895"},{"taxonomy":"post_tag","embeddable":true,"href":"https:\/\/agora.xtec.cat\/iesmanolohugue\/wp-json\/wp\/v2\/tags?post=6895"}],"curies":[{"name":"wp","href":"https:\/\/api.w.org\/{rel}","templated":true}]}}