{"id":6036,"date":"2017-05-08T21:18:29","date_gmt":"2017-05-08T19:18:29","guid":{"rendered":"http:\/\/agora.xtec.cat\/iesmanolohugue\/?p=6036"},"modified":"2020-05-07T20:24:46","modified_gmt":"2020-05-07T18:24:46","slug":"jornada-de-portes-obertes-per-batxillerat-i-cicles-formatius-2017","status":"publish","type":"post","link":"https:\/\/agora.xtec.cat\/iesmanolohugue\/general\/jornada-de-portes-obertes-per-batxillerat-i-cicles-formatius-2017\/","title":{"rendered":"Jornada de Portes Obertes per batxillerat i cicles formatius 2017"},"content":{"rendered":"\r\n\t<div class=\"slideshow_container slideshow_container_style-light\" style=\"height: 300px; \" data-slideshow-id=\"6030\" data-style-name=\"style-light\" data-style-version=\"2.3.1\" >\r\n\r\n\t\t\t\t\t<div class=\"slideshow_loading_icon\"><\/div>\r\n\t\t\r\n\t\t<div class=\"slideshow_content\" style=\"display: none;\">\r\n\r\n\t\t\t<div class=\"slideshow_view\">\r\n\t\t\t\t<div class=\"slideshow_slide slideshow_slide_image\">\r\n\t\t\t\t\t\t\t\t\t\t\t<img src=\"https:\/\/agora.xtec.cat\/iesmanolohugue\/wp-content\/uploads\/usu9\/2017\/05\/20170508_181517.jpg\" alt=\"20170508_181517\" width=\"3264\" height=\"2448\" \/>\r\n\t\t\t\t\t\t\t\t\t\t<div class=\"slideshow_description_box slideshow_transparent\">\r\n\t\t\t\t\t\t<div class=\"slideshow_title\">20170508_181517<\/div>\t\t\t\t\t\t\t\t\t\t\t<\/div>\r\n\t\t\t\t<\/div>\r\n\r\n\t\t\t\t\t\t<div style=\"clear: both;\"><\/div><\/div><div class=\"slideshow_view\">\r\n\t\t\t\t<div class=\"slideshow_slide slideshow_slide_image\">\r\n\t\t\t\t\t\t\t\t\t\t\t<img src=\"https:\/\/agora.xtec.cat\/iesmanolohugue\/wp-content\/uploads\/usu9\/2017\/05\/20170508_182006.jpg\" alt=\"20170508_182006\" width=\"3264\" height=\"2448\" \/>\r\n\t\t\t\t\t\t\t\t\t\t<div class=\"slideshow_description_box slideshow_transparent\">\r\n\t\t\t\t\t\t<div class=\"slideshow_title\">20170508_182006<\/div>\t\t\t\t\t\t\t\t\t\t\t<\/div>\r\n\t\t\t\t<\/div>\r\n\r\n\t\t\t\t\t\t<div style=\"clear: both;\"><\/div><\/div><div class=\"slideshow_view\">\r\n\t\t\t\t<div class=\"slideshow_slide slideshow_slide_image\">\r\n\t\t\t\t\t\t\t\t\t\t\t<img src=\"https:\/\/agora.xtec.cat\/iesmanolohugue\/wp-content\/uploads\/usu9\/2017\/05\/20170508_184605.jpg\" alt=\"20170508_184605\" width=\"3264\" height=\"2448\" \/>\r\n\t\t\t\t\t\t\t\t\t\t<div class=\"slideshow_description_box slideshow_transparent\">\r\n\t\t\t\t\t\t<div class=\"slideshow_title\">20170508_184605<\/div>\t\t\t\t\t\t\t\t\t\t\t<\/div>\r\n\t\t\t\t<\/div>\r\n\r\n\t\t\t\t\t\t<div style=\"clear: both;\"><\/div><\/div><div class=\"slideshow_view\">\r\n\t\t\t\t<div class=\"slideshow_slide slideshow_slide_image\">\r\n\t\t\t\t\t\t\t\t\t\t\t<img src=\"https:\/\/agora.xtec.cat\/iesmanolohugue\/wp-content\/uploads\/usu9\/2017\/05\/20170508_184622.jpg\" alt=\"20170508_184622\" width=\"3264\" height=\"2448\" \/>\r\n\t\t\t\t\t\t\t\t\t\t<div class=\"slideshow_description_box slideshow_transparent\">\r\n\t\t\t\t\t\t<div class=\"slideshow_title\">20170508_184622<\/div>\t\t\t\t\t\t\t\t\t\t\t<\/div>\r\n\t\t\t\t<\/div>\r\n\r\n\t\t\t\t\t\t<div style=\"clear: both;\"><\/div><\/div><div class=\"slideshow_view\">\r\n\t\t\t\t<div class=\"slideshow_slide slideshow_slide_image\">\r\n\t\t\t\t\t\t\t\t\t\t\t<img src=\"https:\/\/agora.xtec.cat\/iesmanolohugue\/wp-content\/uploads\/usu9\/2017\/05\/20170508_190418.jpg\" alt=\"20170508_190418\" width=\"3264\" height=\"2448\" \/>\r\n\t\t\t\t\t\t\t\t\t\t<div class=\"slideshow_description_box slideshow_transparent\">\r\n\t\t\t\t\t\t<div class=\"slideshow_title\">20170508_190418<\/div>\t\t\t\t\t\t\t\t\t\t\t<\/div>\r\n\t\t\t\t<\/div>\r\n\r\n\t\t\t\t\t\t<div style=\"clear: both;\"><\/div><\/div>\r\n\t\t<\/div>\r\n\r\n\t\t<div class=\"slideshow_controlPanel slideshow_transparent\" style=\"display: none;\"><ul><li class=\"slideshow_togglePlay\" data-play-text=\"Visualitza\" data-pause-text=\"Pausa\"><\/li><\/ul><\/div>\r\n\r\n\t\t<div class=\"slideshow_button slideshow_previous slideshow_transparent\" role=\"button\" data-previous-text=\"Anterior\" style=\"display: none;\"><\/div>\r\n\t\t<div class=\"slideshow_button slideshow_next slideshow_transparent\" role=\"button\" data-next-text=\"Seg\u00fcent\" style=\"display: none;\"><\/div>\r\n\r\n\t\t<div class=\"slideshow_pagination\" style=\"display: none;\" data-go-to-text=\"V\u00e9s a la diapositiva\"><div class=\"slideshow_pagination_center\"><\/div><\/div>\r\n\r\n\t\t<!-- WordPress Slideshow Version 2.3.1 -->\r\n\r\n\t\t\t<\/div>\r\n\r\n\n<p><span style=\"font-size: 12pt;\">El passat 8 de maig a les 6, tenir lloc la jornada de Portes Obertes al nostre institiut per a futurs alumnes de batxillerat i cicles formatius.<\/span><\/p>\n<p><span style=\"font-size: 12pt;\">Aqu\u00ed\u00a0teniu la presentaci\u00f3 que van oferir els caps de departament i equip directiu:<\/span><\/p>\n<p><span style=\"font-size: 12pt;\"><a href=\"http:\/\/agora.xtec.cat\/iesmanolohugue\/wp-content\/uploads\/usu9\/2017\/05\/Presentaci\u00f3-portes-obertes-16-17.pdf\">Presentaci\u00f3 portes obertes 16-17<\/a><\/span><\/p>\n<p><span style=\"font-size: 12pt;\">on trobareu algunes informacions d&#8217;inter\u00e8s.<\/span><\/p>\n<p><span style=\"font-size: 12pt;\">A continuaci\u00f3 hi ha algunes adreces recollides pel Departament d&#8217;Orientaci\u00f3 Educativa del nostre institut que us poden ser \u00fatils en relaci\u00f3 a les diferents possibilitats educatives post-obligat\u00f2ries a Catalunya:<\/span><\/p>\n<div dir=\"ltr\">\n<div><span style=\"font-size: 12pt;\">\u00a0<\/span><\/div>\n<div><span style=\"font-size: 12pt;\">\u00a0<\/span><\/div>\n<div>\n<p><span style=\"font-size: 12pt;\"><b>ADRECES D&#8217;INTER\u00c8S<\/b><\/span><\/p>\n<p>&nbsp;<\/p>\n<\/div>\n<div>\n<p><span style=\"text-decoration: underline; font-size: 12pt;\">FAM\u00cdLIA I ESCOLA<\/span><\/p>\n<p>&nbsp;<\/p>\n<\/div>\n<div><span style=\"font-size: 12pt;\"><a href=\"http:\/\/familiaiescola.gencat.cat\/ca\">\u00a0http:\/\/familiaiescola.gencat.cat\/ca<\/a><\/span><\/div>\n<div><\/div>\n<div><\/div>\n<div><\/div>\n<div><span style=\"font-size: 12pt;\"><u>ESTUDIAR A CATALUNYA:<\/u><\/span><\/div>\n<div><span style=\"font-size: 12pt;\">\u00a0<\/span><\/div>\n<div><span style=\"font-size: 12pt;\"><a href=\"http:\/\/queestudiar.gencat.cat\/ca\/\" target=\"_blank\" data-saferedirecturl=\"https:\/\/www.google.com\/url?hl=ca&amp;q=http:\/\/queestudiar.gencat.cat\/ca\/&amp;source=gmail&amp;ust=1494404271824000&amp;usg=AFQjCNH59CuvcYxxV3lnCiGGnIj10Cbe6w\" rel=\"noopener noreferrer\">http:\/\/queestudiar.gencat.cat\/<wbr \/>ca\/<\/a><\/span><\/div>\n<div><span style=\"font-size: 12pt;\">\u00a0<\/span><\/div>\n<div><span style=\"font-size: 12pt;\">(P\u00e0gina imprescindible per saber els estudis post-obligatoris que es fan a tota Catalunya<b> pre-universitaris<\/b>)<\/span><\/div>\n<div><span style=\"font-size: 12pt;\">\u00a0<\/span><\/div>\n<div><span style=\"font-size: 12pt;\">\u00a0<\/span><\/div>\n<div><\/div>\n<div><span style=\"font-size: 12pt;\"><u>EDUCAWEB:<\/u><\/span><\/div>\n<div><span style=\"font-size: 12pt;\">\u00a0<\/span><\/div>\n<div><span style=\"font-size: 12pt;\"><a href=\"http:\/\/www.educaweb.cat\/\" target=\"_blank\" data-saferedirecturl=\"https:\/\/www.google.com\/url?hl=ca&amp;q=http:\/\/www.educaweb.cat\/&amp;source=gmail&amp;ust=1494404271824000&amp;usg=AFQjCNHozUt9B9LRseTRYP5rsHtXZ6CCzw\" rel=\"noopener noreferrer\">http:\/\/www.educaweb.cat\/<\/a><\/span><\/div>\n<div><span style=\"font-size: 12pt;\">\u00a0<\/span><\/div>\n<div><span style=\"font-size: 12pt;\">(P\u00e0gina d&#8217;orientaci\u00f3 on trobareu dades d<b>&#8216;estudis per despr\u00e9s del Batxillerat<\/b>)<\/span><\/div>\n<div><span style=\"font-size: 12pt;\">\u00a0<\/span><\/div>\n<div><\/div>\n<div><span style=\"font-size: 12pt;\"><u>IOC:<\/u><\/span><\/div>\n<div><span style=\"font-size: 12pt;\">\u00a0<\/span><\/div>\n<div><span style=\"font-size: 12pt;\"><a href=\"https:\/\/ioc.xtec.cat\/educacio\/\" target=\"_blank\" data-saferedirecturl=\"https:\/\/www.google.com\/url?hl=ca&amp;q=https:\/\/ioc.xtec.cat\/educacio\/&amp;source=gmail&amp;ust=1494404271824000&amp;usg=AFQjCNEeR9yFnlV5RFIJ2L1NZa9D44Z0DQ\" rel=\"noopener noreferrer\">https:\/\/ioc.xtec.cat\/educacio\/<\/a><\/span><\/div>\n<div class=\"gmail_extra\">\n<div class=\"gmail_quote\"><span style=\"font-size: 12pt;\">(P\u00e0gina de l&#8217;Institut Obert de Catalunya per fer estudis pre-universitaris a dist\u00e0ncia. Es poden cursar algunes materies al Batxillerat en aquesta modalitat on-line)<\/span><\/div>\n<div class=\"gmail_quote\"><span style=\"font-size: 12pt;\">\u00a0<\/span><\/div>\n<div class=\"gmail_quote\"><span style=\"font-size: 12pt;\">\u00a0<\/span><\/div>\n<div class=\"gmail_quote\"><\/div>\n<div class=\"gmail_quote\"><span style=\"font-size: 12pt;\">De la web de Fam\u00edlia i escola s&#8217;ha fet un programa que podeu veure for\u00e7a interessant:<\/span><\/div>\n<div class=\"gmail_quote\"><span style=\"font-size: 12pt;\">\u00a0<\/span><\/div>\n<div class=\"gmail_quote\"><span style=\"color: #000000; font-size: 12pt;\"><a href=\"http:\/\/www.xiptv.cat\/families-i-escola\/capitol\/orientacio-academica#.WQdMrGCCXoM.gmail\" target=\"_blank\" data-saferedirecturl=\"https:\/\/www.google.com\/url?hl=ca&amp;q=http:\/\/www.xiptv.cat\/families-i-escola\/capitol\/orientacio-academica%23.WQdMrGCCXoM.gmail&amp;source=gmail&amp;ust=1494404271824000&amp;usg=AFQjCNH55EHm7q8VSGZB9gEVPppU8z4KMA\" rel=\"noopener noreferrer\">http:\/\/www.xiptv.cat\/families-<wbr \/>i-escola\/capitol\/orientacio-ac<wbr \/>ademica#.WQdMrGCCXoM.gmail<\/a><\/span><\/div>\n<div class=\"gmail_quote\"><span style=\"font-size: 12pt;\">\u00a0<\/span><\/div>\n<div class=\"gmail_quote\"><\/div>\n<div class=\"gmail_quote\"><span style=\"font-size: 12pt;\">Finalment hem cregut que valia la pena tenir l&#8217;enlla\u00e7 de la Maleta de les fam\u00edlies de la Diputaci\u00f3 de Barcelona:<\/span><\/div>\n<div class=\"gmail_quote\"><span style=\"font-size: 12pt;\">\u00a0<\/span><\/div>\n<div class=\"gmail_quote\"><span style=\"font-size: 12pt;\">\u00a0<\/span><\/div>\n<div class=\"gmail_quote\"><span style=\"font-size: 12pt;\"><a href=\"https:\/\/www.diba.cat\/es\/web\/educacio\/orientacio\/maleta\" target=\"_blank\" data-saferedirecturl=\"https:\/\/www.google.com\/url?hl=ca&amp;q=https:\/\/www.diba.cat\/es\/web\/educacio\/orientacio\/maleta&amp;source=gmail&amp;ust=1494404271824000&amp;usg=AFQjCNFP19hVWLiClCL5GBf0zijJXV5T5Q\" rel=\"noopener noreferrer\">https:\/\/www.diba.cat\/es\/web\/<wbr \/>educacio\/orientacio\/maleta<\/a><\/span><\/div>\n<div class=\"gmail_quote\"><span style=\"font-size: 12pt;\">\u00a0<\/span><\/div>\n<div class=\"gmail_quote\"><span style=\"font-size: 14pt;\">\u00a0<\/span><\/div>\n<div class=\"gmail_quote\"><\/div>\n<\/div>\n<\/div>\n","protected":false},"excerpt":{"rendered":"<p>Notable \u00e8xit d&#8217;assist\u00e8ncia a la jornada de portes obertes de batxillerat i cicles formatius.&hellip;  <a href=\"https:\/\/agora.xtec.cat\/iesmanolohugue\/general\/jornada-de-portes-obertes-per-batxillerat-i-cicles-formatius-2017\/\" title=\"Read Jornada de Portes Obertes per batxillerat i cicles formatius 2017\">Llegeix m\u00e9s\u00bb<\/a><\/p>\n","protected":false},"author":1,"featured_media":6032,"comment_status":"closed","ping_status":"open","sticky":false,"template":"","format":"standard","meta":{"_bbp_topic_count":0,"_bbp_reply_count":0,"_bbp_total_topic_count":0,"_bbp_total_reply_count":0,"_bbp_voice_count":0,"_bbp_anonymous_reply_count":0,"_bbp_topic_count_hidden":0,"_bbp_reply_count_hidden":0,"_bbp_forum_subforum_count":0,"footnotes":""},"categories":[8,30,1,29,213],"tags":[],"class_list":["post-6036","post","type-post","status-publish","format-standard","has-post-thumbnail","hentry","category-batxillerat","category-cicles-formatius","category-general","category-portada","category-portes-obertes"],"post_mailing_queue_ids":[],"_links":{"self":[{"href":"https:\/\/agora.xtec.cat\/iesmanolohugue\/wp-json\/wp\/v2\/posts\/6036","targetHints":{"allow":["GET"]}}],"collection":[{"href":"https:\/\/agora.xtec.cat\/iesmanolohugue\/wp-json\/wp\/v2\/posts"}],"about":[{"href":"https:\/\/agora.xtec.cat\/iesmanolohugue\/wp-json\/wp\/v2\/types\/post"}],"author":[{"embeddable":true,"href":"https:\/\/agora.xtec.cat\/iesmanolohugue\/wp-json\/wp\/v2\/users\/1"}],"replies":[{"embeddable":true,"href":"https:\/\/agora.xtec.cat\/iesmanolohugue\/wp-json\/wp\/v2\/comments?post=6036"}],"version-history":[{"count":3,"href":"https:\/\/agora.xtec.cat\/iesmanolohugue\/wp-json\/wp\/v2\/posts\/6036\/revisions"}],"predecessor-version":[{"id":11326,"href":"https:\/\/agora.xtec.cat\/iesmanolohugue\/wp-json\/wp\/v2\/posts\/6036\/revisions\/11326"}],"wp:featuredmedia":[{"embeddable":true,"href":"https:\/\/agora.xtec.cat\/iesmanolohugue\/wp-json\/wp\/v2\/media\/6032"}],"wp:attachment":[{"href":"https:\/\/agora.xtec.cat\/iesmanolohugue\/wp-json\/wp\/v2\/media?parent=6036"}],"wp:term":[{"taxonomy":"category","embeddable":true,"href":"https:\/\/agora.xtec.cat\/iesmanolohugue\/wp-json\/wp\/v2\/categories?post=6036"},{"taxonomy":"post_tag","embeddable":true,"href":"https:\/\/agora.xtec.cat\/iesmanolohugue\/wp-json\/wp\/v2\/tags?post=6036"}],"curies":[{"name":"wp","href":"https:\/\/api.w.org\/{rel}","templated":true}]}}