{"id":19159,"date":"2026-04-08T10:48:15","date_gmt":"2026-04-08T08:48:15","guid":{"rendered":"https:\/\/agora.xtec.cat\/iesmanolohugue\/?p=19159"},"modified":"2026-04-08T10:48:15","modified_gmt":"2026-04-08T08:48:15","slug":"el-professor-llorenc-fores-viatja-a-copenhaguen-en-una-mobilitat-erasmus-per-formar-se-en-lideratge-educatiu-i-cultura-danesa","status":"publish","type":"post","link":"https:\/\/agora.xtec.cat\/iesmanolohugue\/general\/el-professor-llorenc-fores-viatja-a-copenhaguen-en-una-mobilitat-erasmus-per-formar-se-en-lideratge-educatiu-i-cultura-danesa\/","title":{"rendered":"El professor Lloren\u00e7 Fores viatja a Copenhaguen en una mobilitat Erasmus+ per formar-se en lideratge educatiu i cultura danesa"},"content":{"rendered":"<p data-path-to-node=\"20\">El nostre professor de l&#8217;\u00e0rea de mec\u00e0nica, Lloren\u00e7 Fores, ha participat recentment en una enriquidora experi\u00e8ncia internacional a Copenhaguen (Dinamarca), emmarcada dins del programa de mobilitat Erasmus+. Aquesta estada ha tingut un doble vessant: l&#8217;acad\u00e8mic i el sociocultural, tots dos fonamentals per a la internacionalitzaci\u00f3 del nostre centre.<\/p>\n<p data-path-to-node=\"20\">L&#8217;eix central de la mobilitat ha estat la formaci\u00f3 realitzada a la <i data-path-to-node=\"21\" data-index-in-node=\"122\">Europass Teacher Academy<\/i>, enfocada en el lideratge educatiu i el seu impacte directe en la millora dels centres escolars. Durant el curs, s&#8217;han treballat aspectes clau per a la gesti\u00f3 d&#8217;equips, com ara:<\/p>\n<ul data-path-to-node=\"22\">\n<li>\n<p data-path-to-node=\"22,0,0\">La difer\u00e8ncia i l&#8217;equilibri necessari entre lideratge i gesti\u00f3.<\/p>\n<\/li>\n<li>\n<p data-path-to-node=\"22,1,0\">L&#8217;exploraci\u00f3 de diferents estils de lideratge educatiu.<\/p>\n<\/li>\n<li>\n<p data-path-to-node=\"22,2,0\">Noves estrat\u00e8gies per optimitzar l&#8217;organitzaci\u00f3 i la cultura de centre.<\/p>\n<\/li>\n<\/ul>\n<p data-path-to-node=\"23\">A m\u00e9s, les sessions van fomentar el treball en xarxa de dimensi\u00f3 europea. Els docents participants van tenir l&#8217;oportunitat de presentar els seus respectius centres educatius, compartint models organitzatius i metodologies, i aprenent de les bones pr\u00e0ctiques d&#8217;escoles d&#8217;altres pa\u00efsos.<\/p>\n<p data-path-to-node=\"24\">M\u00e9s enll\u00e0 de les aules formatives, el programa Erasmus+ fomenta el descobriment actiu de l&#8217;entorn. El professor Fores va aprofitar l&#8217;estada per con\u00e8ixer de prop la hist\u00f2ria i la realitat social de Dinamarca. La ruta va incloure espais emblem\u00e0tics com la impressionant Esgl\u00e9sia de Marbre i el Palau d\u2019Amalienborg, aix\u00ed com un recorregut pels canals del port i una visita a la particular comunitat de Christiania, un model d&#8217;estil de vida alternatiu que serveix d&#8217;inspiraci\u00f3 per a reflexions socials.<\/p>\n<p data-path-to-node=\"25\">Aquesta mobilitat reafirma el comprom\u00eds de l&#8217;Institut Manolo Hugu\u00e9 amb la innovaci\u00f3 educativa i la formaci\u00f3 cont\u00ednua del nostre professorat. Aquestes experi\u00e8ncies globals aporten un gran valor afegit que repercuteix directament en la qualitat de l&#8217;educaci\u00f3 que oferim al nostre alumnat.<\/p>\n<p data-path-to-node=\"25\"><img loading=\"lazy\" decoding=\"async\" class=\"aligncenter wp-image-19163 size-large\" src=\"https:\/\/agora.xtec.cat\/iesmanolohugue\/wp-content\/uploads\/usu9\/2026\/04\/WhatsApp-Image-2026-04-08-at-07.45.13-1-576x1024.jpeg\" alt=\"\" width=\"576\" height=\"1024\" srcset=\"https:\/\/agora.xtec.cat\/iesmanolohugue\/wp-content\/uploads\/usu9\/2026\/04\/WhatsApp-Image-2026-04-08-at-07.45.13-1-576x1024.jpeg 576w, https:\/\/agora.xtec.cat\/iesmanolohugue\/wp-content\/uploads\/usu9\/2026\/04\/WhatsApp-Image-2026-04-08-at-07.45.13-1-169x300.jpeg 169w, https:\/\/agora.xtec.cat\/iesmanolohugue\/wp-content\/uploads\/usu9\/2026\/04\/WhatsApp-Image-2026-04-08-at-07.45.13-1-84x150.jpeg 84w, https:\/\/agora.xtec.cat\/iesmanolohugue\/wp-content\/uploads\/usu9\/2026\/04\/WhatsApp-Image-2026-04-08-at-07.45.13-1-768x1365.jpeg 768w, https:\/\/agora.xtec.cat\/iesmanolohugue\/wp-content\/uploads\/usu9\/2026\/04\/WhatsApp-Image-2026-04-08-at-07.45.13-1-864x1536.jpeg 864w, https:\/\/agora.xtec.cat\/iesmanolohugue\/wp-content\/uploads\/usu9\/2026\/04\/WhatsApp-Image-2026-04-08-at-07.45.13-1.jpeg 900w\" sizes=\"auto, (max-width: 576px) 100vw, 576px\" \/><\/p>\n","protected":false},"excerpt":{"rendered":"<p>El nostre professor de l&#8217;\u00e0rea de mec\u00e0nica, Lloren\u00e7 Fores, ha participat recentment en una enriquidora experi\u00e8ncia internacional a Copenhaguen (Dinamarca), emmarcada dins del programa de mobilitat Erasmus+. Aquesta estada ha tingut un doble vessant: l&#8217;acad\u00e8mic i el sociocultural, tots dos fonamentals per a la internacionalitzaci\u00f3&hellip;  <a href=\"https:\/\/agora.xtec.cat\/iesmanolohugue\/general\/el-professor-llorenc-fores-viatja-a-copenhaguen-en-una-mobilitat-erasmus-per-formar-se-en-lideratge-educatiu-i-cultura-danesa\/\" title=\"Read El professor Lloren\u00e7 Fores viatja a Copenhaguen en una mobilitat Erasmus+ per formar-se en lideratge educatiu i cultura danesa\">Llegeix m\u00e9s\u00bb<\/a><\/p>\n","protected":false},"author":222,"featured_media":19163,"comment_status":"closed","ping_status":"open","sticky":false,"template":"","format":"standard","meta":{"_bbp_topic_count":0,"_bbp_reply_count":0,"_bbp_total_topic_count":0,"_bbp_total_reply_count":0,"_bbp_voice_count":0,"_bbp_anonymous_reply_count":0,"_bbp_topic_count_hidden":0,"_bbp_reply_count_hidden":0,"_bbp_forum_subforum_count":0,"footnotes":""},"categories":[30,1,29],"tags":[422,311,391,423,338,419,420,421],"class_list":["post-19159","post","type-post","status-publish","format-standard","has-post-thumbnail","hentry","category-cicles-formatius","category-general","category-portada","tag-copenhaguen","tag-erasmus","tag-formacio-professional","tag-innovacio","tag-institut-manolo-hugue","tag-internacionalitzacio","tag-lideratge-educatiu","tag-mobilitat-docent"],"post_mailing_queue_ids":[],"_links":{"self":[{"href":"https:\/\/agora.xtec.cat\/iesmanolohugue\/wp-json\/wp\/v2\/posts\/19159","targetHints":{"allow":["GET"]}}],"collection":[{"href":"https:\/\/agora.xtec.cat\/iesmanolohugue\/wp-json\/wp\/v2\/posts"}],"about":[{"href":"https:\/\/agora.xtec.cat\/iesmanolohugue\/wp-json\/wp\/v2\/types\/post"}],"author":[{"embeddable":true,"href":"https:\/\/agora.xtec.cat\/iesmanolohugue\/wp-json\/wp\/v2\/users\/222"}],"replies":[{"embeddable":true,"href":"https:\/\/agora.xtec.cat\/iesmanolohugue\/wp-json\/wp\/v2\/comments?post=19159"}],"version-history":[{"count":1,"href":"https:\/\/agora.xtec.cat\/iesmanolohugue\/wp-json\/wp\/v2\/posts\/19159\/revisions"}],"predecessor-version":[{"id":19164,"href":"https:\/\/agora.xtec.cat\/iesmanolohugue\/wp-json\/wp\/v2\/posts\/19159\/revisions\/19164"}],"wp:featuredmedia":[{"embeddable":true,"href":"https:\/\/agora.xtec.cat\/iesmanolohugue\/wp-json\/wp\/v2\/media\/19163"}],"wp:attachment":[{"href":"https:\/\/agora.xtec.cat\/iesmanolohugue\/wp-json\/wp\/v2\/media?parent=19159"}],"wp:term":[{"taxonomy":"category","embeddable":true,"href":"https:\/\/agora.xtec.cat\/iesmanolohugue\/wp-json\/wp\/v2\/categories?post=19159"},{"taxonomy":"post_tag","embeddable":true,"href":"https:\/\/agora.xtec.cat\/iesmanolohugue\/wp-json\/wp\/v2\/tags?post=19159"}],"curies":[{"name":"wp","href":"https:\/\/api.w.org\/{rel}","templated":true}]}}