{"id":14690,"date":"2022-03-28T20:30:16","date_gmt":"2022-03-28T18:30:16","guid":{"rendered":"https:\/\/agora.xtec.cat\/iesmanolohugue\/?p=14690"},"modified":"2022-03-28T22:07:23","modified_gmt":"2022-03-28T20:07:23","slug":"els-estudiants-de-fabricacio-mecanica-visiten-dicomol","status":"publish","type":"post","link":"https:\/\/agora.xtec.cat\/iesmanolohugue\/general\/els-estudiants-de-fabricacio-mecanica-visiten-dicomol\/","title":{"rendered":"Els estudiants de Fabricaci\u00f3 Mec\u00e0nica visiten DICOMOL"},"content":{"rendered":"<p><img loading=\"lazy\" decoding=\"async\" class=\"size-full wp-image-14691 aligncenter\" src=\"https:\/\/agora.xtec.cat\/iesmanolohugue\/wp-content\/uploads\/usu9\/2022\/03\/estudiants-de-Fabricacio-Mecanica-visiten-DICOMOL.jpg\" alt=\"\" width=\"958\" height=\"537\" srcset=\"https:\/\/agora.xtec.cat\/iesmanolohugue\/wp-content\/uploads\/usu9\/2022\/03\/estudiants-de-Fabricacio-Mecanica-visiten-DICOMOL.jpg 958w, https:\/\/agora.xtec.cat\/iesmanolohugue\/wp-content\/uploads\/usu9\/2022\/03\/estudiants-de-Fabricacio-Mecanica-visiten-DICOMOL-300x168.jpg 300w, https:\/\/agora.xtec.cat\/iesmanolohugue\/wp-content\/uploads\/usu9\/2022\/03\/estudiants-de-Fabricacio-Mecanica-visiten-DICOMOL-150x84.jpg 150w, https:\/\/agora.xtec.cat\/iesmanolohugue\/wp-content\/uploads\/usu9\/2022\/03\/estudiants-de-Fabricacio-Mecanica-visiten-DICOMOL-768x430.jpg 768w\" sizes=\"auto, (max-width: 958px) 100vw, 958px\" \/><\/p>\n<p><span style=\"font-weight: 400;\">El passat dimecres dia 23 de mar\u00e7, amb l&#8217;alumnat de 1r de Grau Superior de Programaci\u00f3 de la Producci\u00f3 (Perfil Motlles i matrius) van fer una sortida per visitar l\u2019empresa <\/span><a href=\"https:\/\/www.dicomol.com\/\"><span style=\"font-weight: 400;\">DICOMOL<\/span><\/a><span style=\"font-weight: 400;\">. Aquesta empresa, ubicada a La Llagosta, es dedica a la fabricaci\u00f3, reparaci\u00f3 i manteniment de motlles d&#8217;injecci\u00f3. Tamb\u00e9 col\u00b7laboren amb el nostre centre acollint l\u2019alumnat en Formaci\u00f3 Dual.<\/span><\/p>\n<p><span style=\"font-weight: 400;\">Els nostres alumnes van poder visitar unes instal\u00b7lacions espectaculars, tant a nivell de maquin\u00e0ria, com a nivell de capacitat de producci\u00f3. A m\u00e9s a m\u00e9s, DICOMOL disposa d&#8217;espai per fer formacions de manera interna de diferents nivells educatius, on l&#8217;alumnat va poder preguntar aspectes relacionats amb el nostre sector productiu i demanar consells a l&#8217;hora de buscar feina.<\/span><\/p>\n<p><span style=\"font-weight: 400;\">Amb aquest tipus de visita, l&#8217;alumnat se situa a l&#8217;entorn real d&#8217;un possible lloc de feina, i aix\u00ed pot dirigir el seu futur aprenentatge cap a un sector productiu determinat.<\/span><\/p>\n<p><span style=\"font-weight: 400;\">Agra\u00efm l&#8217;atenci\u00f3 rebuda per la Sra. Estela S\u00e1nchez, Directora General i a Toni L\u00f3pez, Responsable de Qualitat.<\/span><\/p>\n","protected":false},"excerpt":{"rendered":"<p>El passat dimecres dia 23 de mar\u00e7, amb l&#8217;alumnat de 1r de Grau Superior de Programaci\u00f3 de la Producci\u00f3 (Perfil Motlles i matrius) van fer una sortida per visitar l\u2019empresa <a href=\"https:\/\/www.dicomol.com\/\">DICOMOL<\/a>. Aquesta empresa, ubicada a La Llagosta, es dedica a la fabricaci\u00f3, reparaci\u00f3 i&hellip;  <a href=\"https:\/\/agora.xtec.cat\/iesmanolohugue\/general\/els-estudiants-de-fabricacio-mecanica-visiten-dicomol\/\" title=\"Read Els estudiants de Fabricaci\u00f3 Mec\u00e0nica visiten DICOMOL\">Llegeix m\u00e9s\u00bb<\/a><\/p>\n","protected":false},"author":1,"featured_media":14691,"comment_status":"closed","ping_status":"closed","sticky":false,"template":"","format":"standard","meta":{"_bbp_topic_count":0,"_bbp_reply_count":0,"_bbp_total_topic_count":0,"_bbp_total_reply_count":0,"_bbp_voice_count":0,"_bbp_anonymous_reply_count":0,"_bbp_topic_count_hidden":0,"_bbp_reply_count_hidden":0,"_bbp_forum_subforum_count":0,"footnotes":""},"categories":[1,29],"tags":[],"class_list":["post-14690","post","type-post","status-publish","format-standard","has-post-thumbnail","hentry","category-general","category-portada"],"post_mailing_queue_ids":[],"_links":{"self":[{"href":"https:\/\/agora.xtec.cat\/iesmanolohugue\/wp-json\/wp\/v2\/posts\/14690","targetHints":{"allow":["GET"]}}],"collection":[{"href":"https:\/\/agora.xtec.cat\/iesmanolohugue\/wp-json\/wp\/v2\/posts"}],"about":[{"href":"https:\/\/agora.xtec.cat\/iesmanolohugue\/wp-json\/wp\/v2\/types\/post"}],"author":[{"embeddable":true,"href":"https:\/\/agora.xtec.cat\/iesmanolohugue\/wp-json\/wp\/v2\/users\/1"}],"replies":[{"embeddable":true,"href":"https:\/\/agora.xtec.cat\/iesmanolohugue\/wp-json\/wp\/v2\/comments?post=14690"}],"version-history":[{"count":1,"href":"https:\/\/agora.xtec.cat\/iesmanolohugue\/wp-json\/wp\/v2\/posts\/14690\/revisions"}],"predecessor-version":[{"id":14692,"href":"https:\/\/agora.xtec.cat\/iesmanolohugue\/wp-json\/wp\/v2\/posts\/14690\/revisions\/14692"}],"wp:featuredmedia":[{"embeddable":true,"href":"https:\/\/agora.xtec.cat\/iesmanolohugue\/wp-json\/wp\/v2\/media\/14691"}],"wp:attachment":[{"href":"https:\/\/agora.xtec.cat\/iesmanolohugue\/wp-json\/wp\/v2\/media?parent=14690"}],"wp:term":[{"taxonomy":"category","embeddable":true,"href":"https:\/\/agora.xtec.cat\/iesmanolohugue\/wp-json\/wp\/v2\/categories?post=14690"},{"taxonomy":"post_tag","embeddable":true,"href":"https:\/\/agora.xtec.cat\/iesmanolohugue\/wp-json\/wp\/v2\/tags?post=14690"}],"curies":[{"name":"wp","href":"https:\/\/api.w.org\/{rel}","templated":true}]}}