{"id":14575,"date":"2022-03-06T17:34:59","date_gmt":"2022-03-06T16:34:59","guid":{"rendered":"https:\/\/agora.xtec.cat\/iesmanolohugue\/?p=14575"},"modified":"2022-03-06T17:34:59","modified_gmt":"2022-03-06T16:34:59","slug":"idees-artistiques-de-manolo-hugue-3","status":"publish","type":"post","link":"https:\/\/agora.xtec.cat\/iesmanolohugue\/general\/idees-artistiques-de-manolo-hugue-3\/","title":{"rendered":"IDEES ART\u00cdSTIQUES DE MANOLO HUGU\u00c9 (3)"},"content":{"rendered":"<p>&#8216;Tant me fa \u00e9sser l&#8217;escultor n\u00famero dos o el n\u00famero trenta-tres. Aquestes preocupacions s\u00f3n manicomials. Moralment, no m&#8217;he sentit mai deprimit ni aclaparat. Cal saber situar les coses, saber-se situar i tenir confian\u00e7a. Vull dir que abans que artista cal \u00e9sser home.&#8217;<\/p>\n<p>Manolo Hugu\u00e9 (extret de Josep Pla, Vida de Manolo).<\/p>\n","protected":false},"excerpt":{"rendered":"<p>&#8216;Tant me fa \u00e9sser l&#8217;escultor n\u00famero dos o el n\u00famero trenta-tres. Aquestes preocupacions s\u00f3n manicomials. Moralment, no m&#8217;he sentit mai deprimit ni aclaparat. Cal saber situar les coses, saber-se situar i tenir confian\u00e7a. Vull dir que abans que artista cal \u00e9sser home.&#8217;<br \/>\nManolo Hugu\u00e9 (extret de&hellip;  <a href=\"https:\/\/agora.xtec.cat\/iesmanolohugue\/general\/idees-artistiques-de-manolo-hugue-3\/\" title=\"Read IDEES ART\u00cdSTIQUES DE MANOLO HUGU\u00c9 (3)\">Llegeix m\u00e9s\u00bb<\/a><\/p>\n","protected":false},"author":131,"featured_media":0,"comment_status":"closed","ping_status":"closed","sticky":false,"template":"","format":"standard","meta":{"_bbp_topic_count":0,"_bbp_reply_count":0,"_bbp_total_topic_count":0,"_bbp_total_reply_count":0,"_bbp_voice_count":0,"_bbp_anonymous_reply_count":0,"_bbp_topic_count_hidden":0,"_bbp_reply_count_hidden":0,"_bbp_forum_subforum_count":0,"footnotes":""},"categories":[1,29],"tags":[],"class_list":["post-14575","post","type-post","status-publish","format-standard","hentry","category-general","category-portada"],"post_mailing_queue_ids":[],"_links":{"self":[{"href":"https:\/\/agora.xtec.cat\/iesmanolohugue\/wp-json\/wp\/v2\/posts\/14575","targetHints":{"allow":["GET"]}}],"collection":[{"href":"https:\/\/agora.xtec.cat\/iesmanolohugue\/wp-json\/wp\/v2\/posts"}],"about":[{"href":"https:\/\/agora.xtec.cat\/iesmanolohugue\/wp-json\/wp\/v2\/types\/post"}],"author":[{"embeddable":true,"href":"https:\/\/agora.xtec.cat\/iesmanolohugue\/wp-json\/wp\/v2\/users\/131"}],"replies":[{"embeddable":true,"href":"https:\/\/agora.xtec.cat\/iesmanolohugue\/wp-json\/wp\/v2\/comments?post=14575"}],"version-history":[{"count":1,"href":"https:\/\/agora.xtec.cat\/iesmanolohugue\/wp-json\/wp\/v2\/posts\/14575\/revisions"}],"predecessor-version":[{"id":14576,"href":"https:\/\/agora.xtec.cat\/iesmanolohugue\/wp-json\/wp\/v2\/posts\/14575\/revisions\/14576"}],"wp:attachment":[{"href":"https:\/\/agora.xtec.cat\/iesmanolohugue\/wp-json\/wp\/v2\/media?parent=14575"}],"wp:term":[{"taxonomy":"category","embeddable":true,"href":"https:\/\/agora.xtec.cat\/iesmanolohugue\/wp-json\/wp\/v2\/categories?post=14575"},{"taxonomy":"post_tag","embeddable":true,"href":"https:\/\/agora.xtec.cat\/iesmanolohugue\/wp-json\/wp\/v2\/tags?post=14575"}],"curies":[{"name":"wp","href":"https:\/\/api.w.org\/{rel}","templated":true}]}}