{"id":11542,"date":"2020-05-16T09:23:47","date_gmt":"2020-05-16T07:23:47","guid":{"rendered":"https:\/\/agora.xtec.cat\/iesmanolohugue\/?p=11542"},"modified":"2020-05-16T09:23:47","modified_gmt":"2020-05-16T07:23:47","slug":"xerrades-informatives-mecanica-al-manolo","status":"publish","type":"post","link":"https:\/\/agora.xtec.cat\/iesmanolohugue\/portada\/xerrades-informatives-mecanica-al-manolo\/","title":{"rendered":"XERRADES INFORMATIVES  MECANICA AL MANOLO"},"content":{"rendered":"<p style=\"text-align: center;\">\n<p style=\"text-align: center;\"><span style=\"font-size: 18pt;\"><strong>Esteu interessats en estudiar al nostre Departament de Fabricaci\u00f3 Mec\u00e0nica?<\/strong><\/span><\/p>\n<p><img loading=\"lazy\" decoding=\"async\" class=\"size-full wp-image-11543 aligncenter\" src=\"https:\/\/agora.xtec.cat\/iesmanolohugue\/wp-content\/uploads\/usu9\/2020\/05\/mec1.jpg\" alt=\"\" width=\"387\" height=\"254\" srcset=\"https:\/\/agora.xtec.cat\/iesmanolohugue\/wp-content\/uploads\/usu9\/2020\/05\/mec1.jpg 387w, https:\/\/agora.xtec.cat\/iesmanolohugue\/wp-content\/uploads\/usu9\/2020\/05\/mec1-150x98.jpg 150w, https:\/\/agora.xtec.cat\/iesmanolohugue\/wp-content\/uploads\/usu9\/2020\/05\/mec1-300x197.jpg 300w\" sizes=\"auto, (max-width: 387px) 100vw, 387px\" \/><\/p>\n<p>&nbsp;<\/p>\n<p><span style=\"font-weight: 400;\">Teniu dubtes?? Us oferim informaci\u00f3 personalitzada en dues trobades on-line<\/span><\/p>\n<p><span style=\"font-weight: 400;\">Per informaci\u00f3 de Grau Mitj\u00e0 Mecanitzaci\u00f3 ens trobarem:\u00a0<\/span><\/p>\n<ul>\n<li style=\"font-weight: 400;\"><span style=\"font-weight: 400;\">Divendres 29 de maig a les 18:00\u00a0 <a href=\"https:\/\/docs.google.com\/forms\/d\/e\/1FAIpQLSfRMW--N-A3v6LgnWLTYAe-vF_mkg4ZvaBCoJLlQMYzmgxUrQ\/viewform\"><span style=\"color: #ff0000;\"><strong>INSCRIPCI\u00d3 A LA XERRADA<\/strong><\/span><\/a><\/span><\/li>\n<\/ul>\n<p><span style=\"font-weight: 400;\">Per informaci\u00f3 de Grau Superior Programaci\u00f3 de la Producci\u00f3 (Motlles i Matrius) ens veurem:\u00a0<\/span><\/p>\n<ul>\n<li style=\"font-weight: 400;\"><span style=\"font-weight: 400;\">Divendres 5 de juny a les 18:00\u00a0 <a href=\"https:\/\/docs.google.com\/forms\/d\/e\/1FAIpQLSfRMW--N-A3v6LgnWLTYAe-vF_mkg4ZvaBCoJLlQMYzmgxUrQ\/viewform\"><span style=\"color: #ff0000;\"><strong>INSCRIPCI\u00d3 A LA XERRADA<\/strong><\/span><\/a><\/span><\/li>\n<\/ul>\n<p><span style=\"font-weight: 400;\">Si esteu interessats o interessades\u00a0 en rebre una informaci\u00f3 dels cicles m\u00e9s personalitzada us podeu inscriure en <a href=\"https:\/\/docs.google.com\/forms\/d\/e\/1FAIpQLSfRMW--N-A3v6LgnWLTYAe-vF_mkg4ZvaBCoJLlQMYzmgxUrQ\/viewform\">aquest formulari,<\/a> donarem informaci\u00f3 en reuni\u00f3 on-line.<\/span><\/p>\n<p>Us hi esperem!<\/p>\n<p><iframe loading=\"lazy\" src=\"https:\/\/www.youtube.com\/embed\/t-ZzIhxNW9E\" width=\"560\" height=\"315\" frameborder=\"0\"><\/iframe><\/p>\n","protected":false},"excerpt":{"rendered":"<p>Xerrades informatives&hellip;  <a href=\"https:\/\/agora.xtec.cat\/iesmanolohugue\/portada\/xerrades-informatives-mecanica-al-manolo\/\" title=\"Read XERRADES INFORMATIVES  MECANICA AL MANOLO\">Llegeix m\u00e9s\u00bb<\/a><\/p>\n","protected":false},"author":1,"featured_media":11544,"comment_status":"closed","ping_status":"closed","sticky":false,"template":"","format":"standard","meta":{"_bbp_topic_count":0,"_bbp_reply_count":0,"_bbp_total_topic_count":0,"_bbp_total_reply_count":0,"_bbp_voice_count":0,"_bbp_anonymous_reply_count":0,"_bbp_topic_count_hidden":0,"_bbp_reply_count_hidden":0,"_bbp_forum_subforum_count":0,"footnotes":""},"categories":[30,66,29,213],"tags":[],"class_list":["post-11542","post","type-post","status-publish","format-standard","has-post-thumbnail","hentry","category-cicles-formatius","category-mecanica","category-portada","category-portes-obertes"],"post_mailing_queue_ids":[],"_links":{"self":[{"href":"https:\/\/agora.xtec.cat\/iesmanolohugue\/wp-json\/wp\/v2\/posts\/11542","targetHints":{"allow":["GET"]}}],"collection":[{"href":"https:\/\/agora.xtec.cat\/iesmanolohugue\/wp-json\/wp\/v2\/posts"}],"about":[{"href":"https:\/\/agora.xtec.cat\/iesmanolohugue\/wp-json\/wp\/v2\/types\/post"}],"author":[{"embeddable":true,"href":"https:\/\/agora.xtec.cat\/iesmanolohugue\/wp-json\/wp\/v2\/users\/1"}],"replies":[{"embeddable":true,"href":"https:\/\/agora.xtec.cat\/iesmanolohugue\/wp-json\/wp\/v2\/comments?post=11542"}],"version-history":[{"count":1,"href":"https:\/\/agora.xtec.cat\/iesmanolohugue\/wp-json\/wp\/v2\/posts\/11542\/revisions"}],"predecessor-version":[{"id":11545,"href":"https:\/\/agora.xtec.cat\/iesmanolohugue\/wp-json\/wp\/v2\/posts\/11542\/revisions\/11545"}],"wp:featuredmedia":[{"embeddable":true,"href":"https:\/\/agora.xtec.cat\/iesmanolohugue\/wp-json\/wp\/v2\/media\/11544"}],"wp:attachment":[{"href":"https:\/\/agora.xtec.cat\/iesmanolohugue\/wp-json\/wp\/v2\/media?parent=11542"}],"wp:term":[{"taxonomy":"category","embeddable":true,"href":"https:\/\/agora.xtec.cat\/iesmanolohugue\/wp-json\/wp\/v2\/categories?post=11542"},{"taxonomy":"post_tag","embeddable":true,"href":"https:\/\/agora.xtec.cat\/iesmanolohugue\/wp-json\/wp\/v2\/tags?post=11542"}],"curies":[{"name":"wp","href":"https:\/\/api.w.org\/{rel}","templated":true}]}}