{"id":10945,"date":"2020-03-08T11:08:23","date_gmt":"2020-03-08T10:08:23","guid":{"rendered":"https:\/\/agora.xtec.cat\/iesmanolohugue\/?p=10945"},"modified":"2021-08-12T19:14:38","modified_gmt":"2021-08-12T17:14:38","slug":"taller-de-particules","status":"publish","type":"post","link":"https:\/\/agora.xtec.cat\/iesmanolohugue\/batxillerat\/taller-de-particules\/","title":{"rendered":"Taller de part\u00edcules"},"content":{"rendered":"<p class=\"western\" lang=\"ca-ES\" align=\"justify\">La nostra alumna de 2n de Batxillerat B, Marta P\u00e9rez, va tenir la sort de ser escollida per la Universitat de Barcelona per poder assistir al taller de F\u00edsica de Part\u00edcules que es va impartir divendres, 28 de febrer.<\/p>\n<p class=\"western\" lang=\"ca-ES\" align=\"justify\">En aquest taller es va trobar amb alumnes d\u2019altres instituts de tota Catalunya i va poder aprofundir en els conceptes que estem impartint a les classes de F\u00edsica. Despr\u00e9s d\u2019un primer mat\u00ed amb xerrades te\u00f2riques a c\u00e0rrec de professors de la Universitat, la Marta va poder analitzar dades reals extretes de l\u2019accelerador de part\u00edcules del CERN per trobar el mes\u00f3 D\u00ba (part\u00edcula subat\u00f2mica). A la part final, tots els assistents van poder posar els resultats en com\u00fa junt amb els extrets per altres universitats arreu d\u2019Europa mitjan\u00e7ant una v\u00eddeo confer\u00e8ncia i van poder veure les instal\u00b7lacions del CERN contactant amb una treballadora que els va fer una petita visita en directe.<\/p>\n<p lang=\"ca-ES\" align=\"justify\"><img loading=\"lazy\" decoding=\"async\" class=\"alignnone wp-image-10962\" src=\"https:\/\/agora.xtec.cat\/iesmanolohugue\/wp-content\/uploads\/usu9\/2020\/03\/a1.jpg\" alt=\"\" width=\"413\" height=\"310\" srcset=\"https:\/\/agora.xtec.cat\/iesmanolohugue\/wp-content\/uploads\/usu9\/2020\/03\/a1.jpg 750w, https:\/\/agora.xtec.cat\/iesmanolohugue\/wp-content\/uploads\/usu9\/2020\/03\/a1-150x113.jpg 150w, https:\/\/agora.xtec.cat\/iesmanolohugue\/wp-content\/uploads\/usu9\/2020\/03\/a1-300x225.jpg 300w, https:\/\/agora.xtec.cat\/iesmanolohugue\/wp-content\/uploads\/usu9\/2020\/03\/a1-200x150.jpg 200w\" sizes=\"auto, (max-width: 413px) 100vw, 413px\" \/> <img loading=\"lazy\" decoding=\"async\" class=\"alignnone wp-image-10963\" src=\"https:\/\/agora.xtec.cat\/iesmanolohugue\/wp-content\/uploads\/usu9\/2020\/03\/a2.jpg\" alt=\"\" width=\"411\" height=\"308\" srcset=\"https:\/\/agora.xtec.cat\/iesmanolohugue\/wp-content\/uploads\/usu9\/2020\/03\/a2.jpg 700w, https:\/\/agora.xtec.cat\/iesmanolohugue\/wp-content\/uploads\/usu9\/2020\/03\/a2-150x113.jpg 150w, https:\/\/agora.xtec.cat\/iesmanolohugue\/wp-content\/uploads\/usu9\/2020\/03\/a2-300x225.jpg 300w, https:\/\/agora.xtec.cat\/iesmanolohugue\/wp-content\/uploads\/usu9\/2020\/03\/a2-200x150.jpg 200w\" sizes=\"auto, (max-width: 411px) 100vw, 411px\" \/> <img loading=\"lazy\" decoding=\"async\" class=\"alignnone wp-image-10964\" src=\"https:\/\/agora.xtec.cat\/iesmanolohugue\/wp-content\/uploads\/usu9\/2020\/03\/a3.jpg\" alt=\"\" width=\"412\" height=\"309\" srcset=\"https:\/\/agora.xtec.cat\/iesmanolohugue\/wp-content\/uploads\/usu9\/2020\/03\/a3.jpg 750w, https:\/\/agora.xtec.cat\/iesmanolohugue\/wp-content\/uploads\/usu9\/2020\/03\/a3-150x113.jpg 150w, https:\/\/agora.xtec.cat\/iesmanolohugue\/wp-content\/uploads\/usu9\/2020\/03\/a3-300x225.jpg 300w, https:\/\/agora.xtec.cat\/iesmanolohugue\/wp-content\/uploads\/usu9\/2020\/03\/a3-200x150.jpg 200w\" sizes=\"auto, (max-width: 412px) 100vw, 412px\" \/><\/p>\n","protected":false},"excerpt":{"rendered":"<p>La nostra alumna de 2n de Batxillerat B, Marta P\u00e9rez, va tenir la sort de ser escollida per la Universitat de Barcelona per poder assistir al taller de F\u00edsica de Part\u00edcules que es va impartir divendres, 28 de febrer.<br \/>\nEn aquest taller es va trobar amb&hellip;  <a href=\"https:\/\/agora.xtec.cat\/iesmanolohugue\/batxillerat\/taller-de-particules\/\" title=\"Read Taller de part\u00edcules\">Llegeix m\u00e9s\u00bb<\/a><\/p>\n","protected":false},"author":127,"featured_media":0,"comment_status":"closed","ping_status":"closed","sticky":false,"template":"","format":"standard","meta":{"_bbp_topic_count":0,"_bbp_reply_count":0,"_bbp_total_topic_count":0,"_bbp_total_reply_count":0,"_bbp_voice_count":0,"_bbp_anonymous_reply_count":0,"_bbp_topic_count_hidden":0,"_bbp_reply_count_hidden":0,"_bbp_forum_subforum_count":0,"footnotes":""},"categories":[8,29,97],"tags":[],"class_list":["post-10945","post","type-post","status-publish","format-standard","hentry","category-batxillerat","category-portada","category-setmana-de-la-ciencia"],"post_mailing_queue_ids":[],"_links":{"self":[{"href":"https:\/\/agora.xtec.cat\/iesmanolohugue\/wp-json\/wp\/v2\/posts\/10945","targetHints":{"allow":["GET"]}}],"collection":[{"href":"https:\/\/agora.xtec.cat\/iesmanolohugue\/wp-json\/wp\/v2\/posts"}],"about":[{"href":"https:\/\/agora.xtec.cat\/iesmanolohugue\/wp-json\/wp\/v2\/types\/post"}],"author":[{"embeddable":true,"href":"https:\/\/agora.xtec.cat\/iesmanolohugue\/wp-json\/wp\/v2\/users\/127"}],"replies":[{"embeddable":true,"href":"https:\/\/agora.xtec.cat\/iesmanolohugue\/wp-json\/wp\/v2\/comments?post=10945"}],"version-history":[{"count":2,"href":"https:\/\/agora.xtec.cat\/iesmanolohugue\/wp-json\/wp\/v2\/posts\/10945\/revisions"}],"predecessor-version":[{"id":10965,"href":"https:\/\/agora.xtec.cat\/iesmanolohugue\/wp-json\/wp\/v2\/posts\/10945\/revisions\/10965"}],"wp:attachment":[{"href":"https:\/\/agora.xtec.cat\/iesmanolohugue\/wp-json\/wp\/v2\/media?parent=10945"}],"wp:term":[{"taxonomy":"category","embeddable":true,"href":"https:\/\/agora.xtec.cat\/iesmanolohugue\/wp-json\/wp\/v2\/categories?post=10945"},{"taxonomy":"post_tag","embeddable":true,"href":"https:\/\/agora.xtec.cat\/iesmanolohugue\/wp-json\/wp\/v2\/tags?post=10945"}],"curies":[{"name":"wp","href":"https:\/\/api.w.org\/{rel}","templated":true}]}}