{"id":10869,"date":"2020-02-17T13:11:43","date_gmt":"2020-02-17T12:11:43","guid":{"rendered":"https:\/\/agora.xtec.cat\/iesmanolohugue\/?p=10869"},"modified":"2020-02-17T13:59:22","modified_gmt":"2020-02-17T12:59:22","slug":"mirall-trencat-al-teatre","status":"publish","type":"post","link":"https:\/\/agora.xtec.cat\/iesmanolohugue\/batxillerat\/mirall-trencat-al-teatre\/","title":{"rendered":"Mirall trencat al teatre"},"content":{"rendered":"<p align=\"justify\"><span style=\"font-size: medium;\">El passat dijous els alumnes de primer i segon de batxillerat vam anar a veure l\u2019obra de teatre basada en la novel\u00b7la escrita per Merc\u00e8 Rodoreda i publicada el 1974 anomenada <\/span><span style=\"font-size: medium;\"><i>Mirall trencat<\/i><\/span><span style=\"font-size: medium;\">. La novel\u00b7la narra el principi i el final d&#8217;una fam\u00edlia, els Valldaura-Farriols, explicant-ne tres generacions.<\/span><\/p>\n<p align=\"justify\"><span style=\"font-size: medium;\">La companyia encarregada de l\u2019obra de teatre \u00e9s una companyia molt humil, amb nom\u00e9s tres actors i una persona encarregada de producci\u00f3; tot i aix\u00f2, \u00e9s una companyia molt professional, la qual ens va oferir una meravellosa representaci\u00f3 de la novel\u00b7la. Malgrat el fet que no posseeixen un gran nombre d\u2019actors, van saber donar vida a m\u00e9s de sis personatges fent \u00fas del vestuari, la veu en off\u2026 A m\u00e9s a m\u00e9s, van haver de dur a terme una exhaustiva decisi\u00f3 per tal de discutir quines parts del llibre havien de sortir en l\u2019obra. Tal com ens van dir en el col\u00b7loqui, aquesta part va ser la m\u00e9s dif\u00edcil, ja que havien de deixar moltes parts del llibre de banda, i decidir quines eren les m\u00e9s importants. Al final, van poder fer front a tots els problemes i contratemps i poder oferir-nos una espectacular representaci\u00f3.<\/span><\/p>\n<p align=\"justify\"><span style=\"font-size: medium;\">En conclusi\u00f3, anar a veure l\u2019obra de teatre em va motiva<\/span><span style=\"font-size: medium;\">r<\/span><span style=\"font-size: medium;\"> molt a seguir llegint la novel\u00b7la. Encara que a primera vista pot semblar una novel\u00b7la avorrida, en realitat <\/span><span style=\"font-size: medium;\">cont\u00e9<\/span><span style=\"font-size: medium;\"> una multitud de temes atemporals, els quals faran que no vulguis parar de llegir-la. Per tant, recomano molt anar-la a veure i llegir <\/span><span style=\"font-size: medium;\"><i>Mirall trencat<\/i><\/span><span style=\"font-size: medium;\">.<\/span><\/p>\n<p style=\"text-align: right;\" align=\"justify\">Marta P\u00c9REZ (2n Batxillerat B)<img loading=\"lazy\" decoding=\"async\" class=\"wp-image-10870 aligncenter\" src=\"https:\/\/agora.xtec.cat\/iesmanolohugue\/wp-content\/uploads\/usu9\/2020\/02\/mirall-trencat-1-1024x768.jpg\" alt=\"\" width=\"549\" height=\"412\" srcset=\"https:\/\/agora.xtec.cat\/iesmanolohugue\/wp-content\/uploads\/usu9\/2020\/02\/mirall-trencat-1-1024x768.jpg 1024w, https:\/\/agora.xtec.cat\/iesmanolohugue\/wp-content\/uploads\/usu9\/2020\/02\/mirall-trencat-1-150x113.jpg 150w, https:\/\/agora.xtec.cat\/iesmanolohugue\/wp-content\/uploads\/usu9\/2020\/02\/mirall-trencat-1-300x225.jpg 300w, https:\/\/agora.xtec.cat\/iesmanolohugue\/wp-content\/uploads\/usu9\/2020\/02\/mirall-trencat-1-768x576.jpg 768w, https:\/\/agora.xtec.cat\/iesmanolohugue\/wp-content\/uploads\/usu9\/2020\/02\/mirall-trencat-1-200x150.jpg 200w, https:\/\/agora.xtec.cat\/iesmanolohugue\/wp-content\/uploads\/usu9\/2020\/02\/mirall-trencat-1.jpg 1599w\" sizes=\"auto, (max-width: 549px) 100vw, 549px\" \/><\/p>\n<p align=\"justify\">(Apagant m\u00f2bils, preparant-nos per veure l&#8217;obra)<\/p>\n","protected":false},"excerpt":{"rendered":"<p>El passat dijous els alumnes de primer i segon de batxillerat vam anar &hellip;  <a href=\"https:\/\/agora.xtec.cat\/iesmanolohugue\/batxillerat\/mirall-trencat-al-teatre\/\" title=\"Read Mirall trencat al teatre\">Llegeix m\u00e9s\u00bb<\/a><\/p>\n","protected":false},"author":211,"featured_media":10870,"comment_status":"closed","ping_status":"closed","sticky":false,"template":"","format":"standard","meta":{"_bbp_topic_count":0,"_bbp_reply_count":0,"_bbp_total_topic_count":0,"_bbp_total_reply_count":0,"_bbp_voice_count":0,"_bbp_anonymous_reply_count":0,"_bbp_topic_count_hidden":0,"_bbp_reply_count_hidden":0,"_bbp_forum_subforum_count":0,"footnotes":""},"categories":[8,29,99],"tags":[188,102,190,189,40],"class_list":["post-10869","post","type-post","status-publish","format-standard","has-post-thumbnail","hentry","category-batxillerat","category-portada","category-teatre","tag-batxillerat","tag-catala","tag-merce-rodoreda","tag-mirall-trencat","tag-teatre"],"post_mailing_queue_ids":[],"_links":{"self":[{"href":"https:\/\/agora.xtec.cat\/iesmanolohugue\/wp-json\/wp\/v2\/posts\/10869","targetHints":{"allow":["GET"]}}],"collection":[{"href":"https:\/\/agora.xtec.cat\/iesmanolohugue\/wp-json\/wp\/v2\/posts"}],"about":[{"href":"https:\/\/agora.xtec.cat\/iesmanolohugue\/wp-json\/wp\/v2\/types\/post"}],"author":[{"embeddable":true,"href":"https:\/\/agora.xtec.cat\/iesmanolohugue\/wp-json\/wp\/v2\/users\/211"}],"replies":[{"embeddable":true,"href":"https:\/\/agora.xtec.cat\/iesmanolohugue\/wp-json\/wp\/v2\/comments?post=10869"}],"version-history":[{"count":2,"href":"https:\/\/agora.xtec.cat\/iesmanolohugue\/wp-json\/wp\/v2\/posts\/10869\/revisions"}],"predecessor-version":[{"id":10872,"href":"https:\/\/agora.xtec.cat\/iesmanolohugue\/wp-json\/wp\/v2\/posts\/10869\/revisions\/10872"}],"wp:featuredmedia":[{"embeddable":true,"href":"https:\/\/agora.xtec.cat\/iesmanolohugue\/wp-json\/wp\/v2\/media\/10870"}],"wp:attachment":[{"href":"https:\/\/agora.xtec.cat\/iesmanolohugue\/wp-json\/wp\/v2\/media?parent=10869"}],"wp:term":[{"taxonomy":"category","embeddable":true,"href":"https:\/\/agora.xtec.cat\/iesmanolohugue\/wp-json\/wp\/v2\/categories?post=10869"},{"taxonomy":"post_tag","embeddable":true,"href":"https:\/\/agora.xtec.cat\/iesmanolohugue\/wp-json\/wp\/v2\/tags?post=10869"}],"curies":[{"name":"wp","href":"https:\/\/api.w.org\/{rel}","templated":true}]}}