{"id":957,"date":"2017-10-17T11:40:32","date_gmt":"2017-10-17T09:40:32","guid":{"rendered":"http:\/\/agora.xtec.cat\/iesmallafre\/?p=957"},"modified":"2017-10-17T11:41:07","modified_gmt":"2017-10-17T09:41:07","slug":"sara-kim-fait-un-expose-sur-le-systeme-scolaire-au-quebec","status":"publish","type":"post","link":"https:\/\/agora.xtec.cat\/iesmallafre\/general\/sara-kim-fait-un-expose-sur-le-systeme-scolaire-au-quebec\/","title":{"rendered":"Sara Kim fait un expos\u00e9 sur le syst\u00e8me scolaire au Quebec"},"content":{"rendered":"<p>Aujourd&#8217;hui Sara Kim, une \u00e9l\u00e8ve d&#8217;\u00e9change Qu\u00e9bequoise au\u00a0<span class=\"highlightNode\">mallafr\u00e8<\/span>, a fait un expos\u00e9 sur le syst\u00e8me Scolaire au Qu\u00e9bec. Les \u00e9l\u00e8ves de 4\u00e8 d&#8217;ESO ont \u00e9cout\u00e9 avec attention les diff\u00e9rences et les similarit\u00e9s entre le syst\u00e8me qu\u00e9bequois et le n\u00f4tre. Merci Sara !<\/p>\n<p><a href=\"http:\/\/agora.xtec.cat\/iesmallafre\/wp-content\/uploads\/usu105\/2017\/10\/22449678_1570988456301773_2217269230292613313_n.jpg\"><img loading=\"lazy\" decoding=\"async\" class=\"aligncenter size-medium wp-image-958\" src=\"http:\/\/agora.xtec.cat\/iesmallafre\/wp-content\/uploads\/usu105\/2017\/10\/22449678_1570988456301773_2217269230292613313_n-300x225.jpg\" alt=\"\" width=\"300\" height=\"225\" srcset=\"https:\/\/agora.xtec.cat\/iesmallafre\/wp-content\/uploads\/usu105\/2017\/10\/22449678_1570988456301773_2217269230292613313_n-300x225.jpg 300w, https:\/\/agora.xtec.cat\/iesmallafre\/wp-content\/uploads\/usu105\/2017\/10\/22449678_1570988456301773_2217269230292613313_n-768x576.jpg 768w, https:\/\/agora.xtec.cat\/iesmallafre\/wp-content\/uploads\/usu105\/2017\/10\/22449678_1570988456301773_2217269230292613313_n-200x150.jpg 200w, https:\/\/agora.xtec.cat\/iesmallafre\/wp-content\/uploads\/usu105\/2017\/10\/22449678_1570988456301773_2217269230292613313_n.jpg 960w\" sizes=\"auto, (max-width: 300px) 100vw, 300px\" \/><\/a> <a href=\"http:\/\/agora.xtec.cat\/iesmallafre\/wp-content\/uploads\/usu105\/2017\/10\/22450028_1570988346301784_1925458762485543002_n.jpg\"><img loading=\"lazy\" decoding=\"async\" class=\"aligncenter size-medium wp-image-959\" src=\"http:\/\/agora.xtec.cat\/iesmallafre\/wp-content\/uploads\/usu105\/2017\/10\/22450028_1570988346301784_1925458762485543002_n-300x300.jpg\" alt=\"\" width=\"300\" height=\"300\" srcset=\"https:\/\/agora.xtec.cat\/iesmallafre\/wp-content\/uploads\/usu105\/2017\/10\/22450028_1570988346301784_1925458762485543002_n-300x300.jpg 300w, https:\/\/agora.xtec.cat\/iesmallafre\/wp-content\/uploads\/usu105\/2017\/10\/22450028_1570988346301784_1925458762485543002_n-150x150.jpg 150w, https:\/\/agora.xtec.cat\/iesmallafre\/wp-content\/uploads\/usu105\/2017\/10\/22450028_1570988346301784_1925458762485543002_n-768x768.jpg 768w, https:\/\/agora.xtec.cat\/iesmallafre\/wp-content\/uploads\/usu105\/2017\/10\/22450028_1570988346301784_1925458762485543002_n.jpg 960w\" sizes=\"auto, (max-width: 300px) 100vw, 300px\" \/><\/a> <a href=\"http:\/\/agora.xtec.cat\/iesmallafre\/wp-content\/uploads\/usu105\/2017\/10\/22489979_1570988299635122_4923509803614557316_n.jpg\"><img loading=\"lazy\" decoding=\"async\" class=\"aligncenter size-medium wp-image-960\" src=\"http:\/\/agora.xtec.cat\/iesmallafre\/wp-content\/uploads\/usu105\/2017\/10\/22489979_1570988299635122_4923509803614557316_n-300x300.jpg\" alt=\"\" width=\"300\" height=\"300\" srcset=\"https:\/\/agora.xtec.cat\/iesmallafre\/wp-content\/uploads\/usu105\/2017\/10\/22489979_1570988299635122_4923509803614557316_n-300x300.jpg 300w, https:\/\/agora.xtec.cat\/iesmallafre\/wp-content\/uploads\/usu105\/2017\/10\/22489979_1570988299635122_4923509803614557316_n-150x150.jpg 150w, https:\/\/agora.xtec.cat\/iesmallafre\/wp-content\/uploads\/usu105\/2017\/10\/22489979_1570988299635122_4923509803614557316_n-768x768.jpg 768w, https:\/\/agora.xtec.cat\/iesmallafre\/wp-content\/uploads\/usu105\/2017\/10\/22489979_1570988299635122_4923509803614557316_n.jpg 960w\" sizes=\"auto, (max-width: 300px) 100vw, 300px\" \/><\/a> <a href=\"http:\/\/agora.xtec.cat\/iesmallafre\/wp-content\/uploads\/usu105\/2017\/10\/22519417_1570988416301777_4788210461810985876_n.jpg\"><img loading=\"lazy\" decoding=\"async\" class=\"aligncenter size-medium wp-image-961\" src=\"http:\/\/agora.xtec.cat\/iesmallafre\/wp-content\/uploads\/usu105\/2017\/10\/22519417_1570988416301777_4788210461810985876_n-300x300.jpg\" alt=\"\" width=\"300\" height=\"300\" srcset=\"https:\/\/agora.xtec.cat\/iesmallafre\/wp-content\/uploads\/usu105\/2017\/10\/22519417_1570988416301777_4788210461810985876_n-300x300.jpg 300w, https:\/\/agora.xtec.cat\/iesmallafre\/wp-content\/uploads\/usu105\/2017\/10\/22519417_1570988416301777_4788210461810985876_n-150x150.jpg 150w, https:\/\/agora.xtec.cat\/iesmallafre\/wp-content\/uploads\/usu105\/2017\/10\/22519417_1570988416301777_4788210461810985876_n-768x768.jpg 768w, https:\/\/agora.xtec.cat\/iesmallafre\/wp-content\/uploads\/usu105\/2017\/10\/22519417_1570988416301777_4788210461810985876_n.jpg 960w\" sizes=\"auto, (max-width: 300px) 100vw, 300px\" \/><\/a> <a href=\"http:\/\/agora.xtec.cat\/iesmallafre\/wp-content\/uploads\/usu105\/2017\/10\/22519477_1570988369635115_8449534951572798793_n.jpg\"><img loading=\"lazy\" decoding=\"async\" class=\"aligncenter size-medium wp-image-962\" src=\"http:\/\/agora.xtec.cat\/iesmallafre\/wp-content\/uploads\/usu105\/2017\/10\/22519477_1570988369635115_8449534951572798793_n-300x225.jpg\" alt=\"\" width=\"300\" height=\"225\" srcset=\"https:\/\/agora.xtec.cat\/iesmallafre\/wp-content\/uploads\/usu105\/2017\/10\/22519477_1570988369635115_8449534951572798793_n-300x225.jpg 300w, https:\/\/agora.xtec.cat\/iesmallafre\/wp-content\/uploads\/usu105\/2017\/10\/22519477_1570988369635115_8449534951572798793_n-768x576.jpg 768w, https:\/\/agora.xtec.cat\/iesmallafre\/wp-content\/uploads\/usu105\/2017\/10\/22519477_1570988369635115_8449534951572798793_n-200x150.jpg 200w, https:\/\/agora.xtec.cat\/iesmallafre\/wp-content\/uploads\/usu105\/2017\/10\/22519477_1570988369635115_8449534951572798793_n.jpg 960w\" sizes=\"auto, (max-width: 300px) 100vw, 300px\" \/><\/a><\/p>\n","protected":false},"excerpt":{"rendered":"<p>Aujourd&#8217;hui Sara Kim, une \u00e9l\u00e8ve d&#8217;\u00e9change Qu\u00e9bequoise au\u00a0mallafr\u00e8, a fait un expos\u00e9 sur le syst\u00e8me Scolaire au Qu\u00e9bec. Les \u00e9l\u00e8ves de 4\u00e8 d&#8217;ESO ont \u00e9cout\u00e9 avec attention les diff\u00e9rences et les similarit\u00e9s entre le syst\u00e8me qu\u00e9bequois et le n\u00f4tre. Merci Sara !<br \/>\n<a href=\"http:\/\/agora.xtec.cat\/iesmallafre\/wp-content\/uploads\/usu105\/2017\/10\/22449678_1570988456301773_2217269230292613313_n.jpg\"><\/a> <a href=\"http:\/\/agora.xtec.cat\/iesmallafre\/wp-content\/uploads\/usu105\/2017\/10\/22450028_1570988346301784_1925458762485543002_n.jpg\"><\/a>&hellip;  <a href=\"https:\/\/agora.xtec.cat\/iesmallafre\/general\/sara-kim-fait-un-expose-sur-le-systeme-scolaire-au-quebec\/\" title=\"Read Sara Kim fait un expos\u00e9 sur le syst\u00e8me scolaire au Quebec\">Llegeix m\u00e9s\u00bb<\/a><\/p>\n","protected":false},"author":6,"featured_media":962,"comment_status":"closed","ping_status":"closed","sticky":false,"template":"","format":"standard","meta":{"_bbp_topic_count":0,"_bbp_reply_count":0,"_bbp_total_topic_count":0,"_bbp_total_reply_count":0,"_bbp_voice_count":0,"_bbp_anonymous_reply_count":0,"_bbp_topic_count_hidden":0,"_bbp_reply_count_hidden":0,"_bbp_forum_subforum_count":0,"footnotes":""},"categories":[31,8,1,29],"tags":[102,177],"class_list":["post-957","post","type-post","status-publish","format-standard","has-post-thumbnail","hentry","category-ampa","category-batxillerat","category-general","category-portada","tag-batxillerat","tag-intercanvi"],"post_mailing_queue_ids":[],"_links":{"self":[{"href":"https:\/\/agora.xtec.cat\/iesmallafre\/wp-json\/wp\/v2\/posts\/957","targetHints":{"allow":["GET"]}}],"collection":[{"href":"https:\/\/agora.xtec.cat\/iesmallafre\/wp-json\/wp\/v2\/posts"}],"about":[{"href":"https:\/\/agora.xtec.cat\/iesmallafre\/wp-json\/wp\/v2\/types\/post"}],"author":[{"embeddable":true,"href":"https:\/\/agora.xtec.cat\/iesmallafre\/wp-json\/wp\/v2\/users\/6"}],"replies":[{"embeddable":true,"href":"https:\/\/agora.xtec.cat\/iesmallafre\/wp-json\/wp\/v2\/comments?post=957"}],"version-history":[{"count":2,"href":"https:\/\/agora.xtec.cat\/iesmallafre\/wp-json\/wp\/v2\/posts\/957\/revisions"}],"predecessor-version":[{"id":964,"href":"https:\/\/agora.xtec.cat\/iesmallafre\/wp-json\/wp\/v2\/posts\/957\/revisions\/964"}],"wp:featuredmedia":[{"embeddable":true,"href":"https:\/\/agora.xtec.cat\/iesmallafre\/wp-json\/wp\/v2\/media\/962"}],"wp:attachment":[{"href":"https:\/\/agora.xtec.cat\/iesmallafre\/wp-json\/wp\/v2\/media?parent=957"}],"wp:term":[{"taxonomy":"category","embeddable":true,"href":"https:\/\/agora.xtec.cat\/iesmallafre\/wp-json\/wp\/v2\/categories?post=957"},{"taxonomy":"post_tag","embeddable":true,"href":"https:\/\/agora.xtec.cat\/iesmallafre\/wp-json\/wp\/v2\/tags?post=957"}],"curies":[{"name":"wp","href":"https:\/\/api.w.org\/{rel}","templated":true}]}}