{"id":907,"date":"2017-09-27T17:24:28","date_gmt":"2017-09-27T15:24:28","guid":{"rendered":"http:\/\/agora.xtec.cat\/iesmallafre\/?p=907"},"modified":"2017-10-04T10:18:48","modified_gmt":"2017-10-04T08:18:48","slug":"ieduca-guia-dus-per-les-families","status":"publish","type":"post","link":"https:\/\/agora.xtec.cat\/iesmallafre\/general\/ieduca-guia-dus-per-les-families\/","title":{"rendered":"iEduca. Guia d&#8217;\u00fas per les fam\u00edlies"},"content":{"rendered":"<p><a href=\"http:\/\/agora.xtec.cat\/iesmallafre\/wp-content\/uploads\/usu105\/2017\/09\/ieduca.png\"><img loading=\"lazy\" decoding=\"async\" class=\"aligncenter size-full wp-image-908\" src=\"http:\/\/agora.xtec.cat\/iesmallafre\/wp-content\/uploads\/usu105\/2017\/09\/ieduca.png\" alt=\"\" width=\"249\" height=\"145\" \/><\/a><\/p>\n<p>Presentem l&#8217;aplicaci\u00f3 iEduca com a novetat a la web del centre. Es tracta d&#8217;una app de gesti\u00f3 de professorat i alumnat al que podeu accedir per consultar la informaci\u00f3 dels vostres fills.\u00a0Teniu un enlla\u00e7 d&#8217;acc\u00e9s a la part superior dreta del menu principal de la p\u00e0gina.<\/p>\n<p><a href=\"https:\/\/insmallafre.ieduca.com\/\">\u00a0Acc\u00e9s a iEduca<\/a><\/p>\n<p><a href=\"http:\/\/agora.xtec.cat\/iesmallafre\/general\/tutorial-ieduca-per-a-les-families-video\/\">Tutorial iEduca per a les fam\u00edlies (v\u00eddeo)<\/a><\/p>\n<p><a href=\"https:\/\/agora.xtec.cat\/iesmallafre\/docs\/guia-ieduca-per-les-families\/?bp-attachment=Guia-iEduca-per-les-fam%C3%ADlies.pdf\">Tutorial iEduca per a les fam\u00edlies<\/a><\/p>\n<p>&nbsp;<\/p>\n<p>&nbsp;<\/p>\n","protected":false},"excerpt":{"rendered":"<p><a href=\"http:\/\/agora.xtec.cat\/iesmallafre\/wp-content\/uploads\/usu105\/2017\/09\/ieduca.png\"><\/a><br \/>\nPresentem l&#8217;aplicaci\u00f3 iEduca com a novetat a la web del centre. Es tracta d&#8217;una app de gesti\u00f3 de professorat i alumnat al que podeu accedir per consultar la informaci\u00f3 dels vostres fills.\u00a0Teniu un enlla\u00e7 d&#8217;acc\u00e9s a la part superior dreta del menu principal de&hellip;  <a href=\"https:\/\/agora.xtec.cat\/iesmallafre\/general\/ieduca-guia-dus-per-les-families\/\" title=\"Read iEduca. Guia d&#8217;\u00fas per les fam\u00edlies\">Llegeix m\u00e9s\u00bb<\/a><\/p>\n","protected":false},"author":6,"featured_media":908,"comment_status":"closed","ping_status":"closed","sticky":false,"template":"","format":"standard","meta":{"_bbp_topic_count":0,"_bbp_reply_count":0,"_bbp_total_topic_count":0,"_bbp_total_reply_count":0,"_bbp_voice_count":0,"_bbp_anonymous_reply_count":0,"_bbp_topic_count_hidden":0,"_bbp_reply_count_hidden":0,"_bbp_forum_subforum_count":0,"footnotes":""},"categories":[31,8,3,1,29],"tags":[180,126,181],"class_list":["post-907","post","type-post","status-publish","format-standard","has-post-thumbnail","hentry","category-ampa","category-batxillerat","category-eso","category-general","category-portada","tag-2017-2018","tag-ampa","tag-gestio"],"post_mailing_queue_ids":[],"_links":{"self":[{"href":"https:\/\/agora.xtec.cat\/iesmallafre\/wp-json\/wp\/v2\/posts\/907","targetHints":{"allow":["GET"]}}],"collection":[{"href":"https:\/\/agora.xtec.cat\/iesmallafre\/wp-json\/wp\/v2\/posts"}],"about":[{"href":"https:\/\/agora.xtec.cat\/iesmallafre\/wp-json\/wp\/v2\/types\/post"}],"author":[{"embeddable":true,"href":"https:\/\/agora.xtec.cat\/iesmallafre\/wp-json\/wp\/v2\/users\/6"}],"replies":[{"embeddable":true,"href":"https:\/\/agora.xtec.cat\/iesmallafre\/wp-json\/wp\/v2\/comments?post=907"}],"version-history":[{"count":4,"href":"https:\/\/agora.xtec.cat\/iesmallafre\/wp-json\/wp\/v2\/posts\/907\/revisions"}],"predecessor-version":[{"id":956,"href":"https:\/\/agora.xtec.cat\/iesmallafre\/wp-json\/wp\/v2\/posts\/907\/revisions\/956"}],"wp:featuredmedia":[{"embeddable":true,"href":"https:\/\/agora.xtec.cat\/iesmallafre\/wp-json\/wp\/v2\/media\/908"}],"wp:attachment":[{"href":"https:\/\/agora.xtec.cat\/iesmallafre\/wp-json\/wp\/v2\/media?parent=907"}],"wp:term":[{"taxonomy":"category","embeddable":true,"href":"https:\/\/agora.xtec.cat\/iesmallafre\/wp-json\/wp\/v2\/categories?post=907"},{"taxonomy":"post_tag","embeddable":true,"href":"https:\/\/agora.xtec.cat\/iesmallafre\/wp-json\/wp\/v2\/tags?post=907"}],"curies":[{"name":"wp","href":"https:\/\/api.w.org\/{rel}","templated":true}]}}