{"id":889,"date":"2017-09-18T21:18:38","date_gmt":"2017-09-18T19:18:38","guid":{"rendered":"http:\/\/agora.xtec.cat\/iesmallafre\/?p=889"},"modified":"2017-09-18T21:19:29","modified_gmt":"2017-09-18T19:19:29","slug":"intercanvi-amb-quebec","status":"publish","type":"post","link":"https:\/\/agora.xtec.cat\/iesmallafre\/general\/intercanvi-amb-quebec\/","title":{"rendered":"Intercanvi amb Quebec"},"content":{"rendered":"<p>Benvinguda al Mallafr\u00e8, Sara Kim!<\/p>\n<p>La nostra alumna S\u00f2nia Cirauqui acaba de rebre la visita de la seva corresponent d&#8217;intercanvi, la quebequesa Sara Kim Simoneau-Fournier. La Sara Kim passar\u00e0 tres mesos al nostre institut, assistint a les classes\u00a0<span class=\"highlightNode\">i<\/span>compartint la vida escolar\u00a0<span class=\"highlightNode\">i<\/span>\u00a0extra escolar amb la S\u00f2nia.<\/p>\n<div class=\"text_exposed_show\">\n<p>A partir del gener, la S\u00f2nia passar\u00e0 tres mesos al Quebec, a l&#8217;escola\u00a0<span class=\"highlightNode\">i<\/span>\u00a0la casa de la Sara Kim.<\/p>\n<p>Les dues noies han congeniat estupendament. La S\u00f2nia est\u00e0 gaudint de l&#8217;estada de la Sara Kim,\u00a0<span class=\"highlightNode\">i<\/span>\u00a0esperant amb molta emoci\u00f3 el moment en qu\u00e8 marxi ells cap al Canad\u00e0.<\/p>\n<p><a href=\"http:\/\/agora.xtec.cat\/iesmallafre\/wp-content\/uploads\/usu105\/2017\/09\/IMG_0676.jpg\"><img loading=\"lazy\" decoding=\"async\" class=\"aligncenter size-medium wp-image-892\" src=\"http:\/\/agora.xtec.cat\/iesmallafre\/wp-content\/uploads\/usu105\/2017\/09\/IMG_0676-169x300.jpg\" alt=\"\" width=\"169\" height=\"300\" srcset=\"https:\/\/agora.xtec.cat\/iesmallafre\/wp-content\/uploads\/usu105\/2017\/09\/IMG_0676-169x300.jpg 169w, https:\/\/agora.xtec.cat\/iesmallafre\/wp-content\/uploads\/usu105\/2017\/09\/IMG_0676.jpg 480w\" sizes=\"auto, (max-width: 169px) 100vw, 169px\" \/><\/a> <a href=\"http:\/\/agora.xtec.cat\/iesmallafre\/wp-content\/uploads\/usu105\/2017\/09\/IMG_0677.jpg\"><img loading=\"lazy\" decoding=\"async\" class=\"aligncenter size-medium wp-image-891\" src=\"http:\/\/agora.xtec.cat\/iesmallafre\/wp-content\/uploads\/usu105\/2017\/09\/IMG_0677-300x224.jpg\" alt=\"\" width=\"300\" height=\"224\" srcset=\"https:\/\/agora.xtec.cat\/iesmallafre\/wp-content\/uploads\/usu105\/2017\/09\/IMG_0677-300x224.jpg 300w, https:\/\/agora.xtec.cat\/iesmallafre\/wp-content\/uploads\/usu105\/2017\/09\/IMG_0677-200x150.jpg 200w, https:\/\/agora.xtec.cat\/iesmallafre\/wp-content\/uploads\/usu105\/2017\/09\/IMG_0677.jpg 480w\" sizes=\"auto, (max-width: 300px) 100vw, 300px\" \/><\/a> <a href=\"http:\/\/agora.xtec.cat\/iesmallafre\/wp-content\/uploads\/usu105\/2017\/09\/IMG_0678.jpg\"><img loading=\"lazy\" decoding=\"async\" class=\"aligncenter size-medium wp-image-890\" src=\"http:\/\/agora.xtec.cat\/iesmallafre\/wp-content\/uploads\/usu105\/2017\/09\/IMG_0678-300x225.jpg\" alt=\"\" width=\"300\" height=\"225\" srcset=\"https:\/\/agora.xtec.cat\/iesmallafre\/wp-content\/uploads\/usu105\/2017\/09\/IMG_0678-300x225.jpg 300w, https:\/\/agora.xtec.cat\/iesmallafre\/wp-content\/uploads\/usu105\/2017\/09\/IMG_0678-768x576.jpg 768w, https:\/\/agora.xtec.cat\/iesmallafre\/wp-content\/uploads\/usu105\/2017\/09\/IMG_0678-1024x768.jpg 1024w, https:\/\/agora.xtec.cat\/iesmallafre\/wp-content\/uploads\/usu105\/2017\/09\/IMG_0678-200x150.jpg 200w, https:\/\/agora.xtec.cat\/iesmallafre\/wp-content\/uploads\/usu105\/2017\/09\/IMG_0678.jpg 1600w\" sizes=\"auto, (max-width: 300px) 100vw, 300px\" \/><\/a><\/p>\n<\/div>\n","protected":false},"excerpt":{"rendered":"<p>Benvinguda al Mallafr\u00e8, Sara Kim!<br \/>\nLa nostra alumna S\u00f2nia Cirauqui acaba de rebre la visita de la seva corresponent d&#8217;intercanvi, la quebequesa Sara Kim Simoneau-Fournier. La Sara Kim passar\u00e0 tres mesos al nostre institut, assistint a les classes\u00a0icompartint la vida escolar\u00a0i\u00a0extra escolar amb la S\u00f2nia.<\/p>\n<p>A partir&hellip;  <a href=\"https:\/\/agora.xtec.cat\/iesmallafre\/general\/intercanvi-amb-quebec\/\" title=\"Read Intercanvi amb Quebec\">Llegeix m\u00e9s\u00bb<\/a><\/p>\n","protected":false},"author":6,"featured_media":890,"comment_status":"closed","ping_status":"closed","sticky":false,"template":"","format":"standard","meta":{"_bbp_topic_count":0,"_bbp_reply_count":0,"_bbp_total_topic_count":0,"_bbp_total_reply_count":0,"_bbp_voice_count":0,"_bbp_anonymous_reply_count":0,"_bbp_topic_count_hidden":0,"_bbp_reply_count_hidden":0,"_bbp_forum_subforum_count":0,"footnotes":""},"categories":[31,1,29],"tags":[177],"class_list":["post-889","post","type-post","status-publish","format-standard","has-post-thumbnail","hentry","category-ampa","category-general","category-portada","tag-intercanvi"],"post_mailing_queue_ids":[],"_links":{"self":[{"href":"https:\/\/agora.xtec.cat\/iesmallafre\/wp-json\/wp\/v2\/posts\/889","targetHints":{"allow":["GET"]}}],"collection":[{"href":"https:\/\/agora.xtec.cat\/iesmallafre\/wp-json\/wp\/v2\/posts"}],"about":[{"href":"https:\/\/agora.xtec.cat\/iesmallafre\/wp-json\/wp\/v2\/types\/post"}],"author":[{"embeddable":true,"href":"https:\/\/agora.xtec.cat\/iesmallafre\/wp-json\/wp\/v2\/users\/6"}],"replies":[{"embeddable":true,"href":"https:\/\/agora.xtec.cat\/iesmallafre\/wp-json\/wp\/v2\/comments?post=889"}],"version-history":[{"count":1,"href":"https:\/\/agora.xtec.cat\/iesmallafre\/wp-json\/wp\/v2\/posts\/889\/revisions"}],"predecessor-version":[{"id":893,"href":"https:\/\/agora.xtec.cat\/iesmallafre\/wp-json\/wp\/v2\/posts\/889\/revisions\/893"}],"wp:featuredmedia":[{"embeddable":true,"href":"https:\/\/agora.xtec.cat\/iesmallafre\/wp-json\/wp\/v2\/media\/890"}],"wp:attachment":[{"href":"https:\/\/agora.xtec.cat\/iesmallafre\/wp-json\/wp\/v2\/media?parent=889"}],"wp:term":[{"taxonomy":"category","embeddable":true,"href":"https:\/\/agora.xtec.cat\/iesmallafre\/wp-json\/wp\/v2\/categories?post=889"},{"taxonomy":"post_tag","embeddable":true,"href":"https:\/\/agora.xtec.cat\/iesmallafre\/wp-json\/wp\/v2\/tags?post=889"}],"curies":[{"name":"wp","href":"https:\/\/api.w.org\/{rel}","templated":true}]}}