{"id":876,"date":"2017-07-25T10:18:16","date_gmt":"2017-07-25T08:18:16","guid":{"rendered":"http:\/\/agora.xtec.cat\/iesmallafre\/?p=876"},"modified":"2017-09-18T21:12:24","modified_gmt":"2017-09-18T19:12:24","slug":"presentacio-alumnes-curs-2017-2018","status":"publish","type":"post","link":"https:\/\/agora.xtec.cat\/iesmallafre\/general\/presentacio-alumnes-curs-2017-2018\/","title":{"rendered":"Presentaci\u00f3 alumnes curs 2017-2018"},"content":{"rendered":"<p><strong>ATENCI\u00d3, ALUMNAT DEL MALLAFR\u00c8!<\/strong><\/p>\n<p>Us esperem\u00a0 el dia <strong>14 de setembre<\/strong> per\u00a0 fer la presentaci\u00f3 del curs :<\/p>\n<p>&#8211; 09.00 hores \u00a0\u00a0\u00a0\u00a0\u00a0\u00a0\u00a0\u00a0\u00a0\u00a0\u00a0\u00a0\u00a0\u00a0\u00a0\u00a0\u00a0\u00a0\u00a0\u00a0 2n, 3r i 4t ESO<\/p>\n<p>&#8211; 10.00 hores\u00a0\u00a0\u00a0\u00a0\u00a0\u00a0\u00a0\u00a0\u00a0\u00a0\u00a0\u00a0\u00a0\u00a0\u00a0\u00a0\u00a0\u00a0\u00a0\u00a0\u00a0 1r i 2n de Batxillerat<\/p>\n<p>&#8211; 11.30 hores\u00a0\u00a0\u00a0\u00a0\u00a0\u00a0\u00a0\u00a0\u00a0\u00a0\u00a0\u00a0\u00a0\u00a0\u00a0\u00a0\u00a0\u00a0\u00a0\u00a0\u00a0 1r d\u2019ESO<\/p>\n<p>Aquest dia us donarem l\u2019agenda,\u00a0 la carpeta i l\u2019horari, tamb\u00e9 coneixereu el vostre el tutor\/a .<\/p>\n<p>Els alumnes de 1r d\u2019ESO est\u00e0 previst que estiguin al centre un parell d\u2019hores.<\/p>\n<p>El dia <strong>15<\/strong> les classes comen\u00e7aren a les <strong>8 del mat\u00ed<\/strong>.<\/p>\n<p><strong>\u00a0<\/strong><\/p>\n<p><strong>BON ESTIU A TOTHOM! <\/strong><\/p>\n<p><strong>ENS VEIEM EL SETEMBRE.<\/strong><\/p>\n","protected":false},"excerpt":{"rendered":"<p>ATENCI\u00d3, ALUMNAT DEL MALLAFR\u00c8!<br \/>\nUs esperem\u00a0 el dia 14 de setembre per\u00a0 fer la presentaci\u00f3 del curs :<br \/>\n&#8211; 09.00 hores \u00a0\u00a0\u00a0\u00a0\u00a0\u00a0\u00a0\u00a0\u00a0\u00a0\u00a0\u00a0\u00a0\u00a0\u00a0\u00a0\u00a0\u00a0\u00a0\u00a0 2n, 3r i 4t ESO<br \/>\n&#8211; 10.00 hores\u00a0\u00a0\u00a0\u00a0\u00a0\u00a0\u00a0\u00a0\u00a0\u00a0\u00a0\u00a0\u00a0\u00a0\u00a0\u00a0\u00a0\u00a0\u00a0\u00a0\u00a0 1r i 2n de Batxillerat<br \/>\n&#8211; 11.30 hores\u00a0\u00a0\u00a0\u00a0\u00a0\u00a0\u00a0\u00a0\u00a0\u00a0\u00a0\u00a0\u00a0\u00a0\u00a0\u00a0\u00a0\u00a0\u00a0\u00a0\u00a0 1r d\u2019ESO<br \/>\nAquest dia us donarem l\u2019agenda,\u00a0 la carpeta i l\u2019horari, tamb\u00e9&hellip;  <a href=\"https:\/\/agora.xtec.cat\/iesmallafre\/general\/presentacio-alumnes-curs-2017-2018\/\" title=\"Read Presentaci\u00f3 alumnes curs 2017-2018\">Llegeix m\u00e9s\u00bb<\/a><\/p>\n","protected":false},"author":6,"featured_media":0,"comment_status":"open","ping_status":"closed","sticky":false,"template":"","format":"standard","meta":{"_bbp_topic_count":0,"_bbp_reply_count":0,"_bbp_total_topic_count":0,"_bbp_total_reply_count":0,"_bbp_voice_count":0,"_bbp_anonymous_reply_count":0,"_bbp_topic_count_hidden":0,"_bbp_reply_count_hidden":0,"_bbp_forum_subforum_count":0,"footnotes":""},"categories":[31,8,3,1,29],"tags":[173],"class_list":["post-876","post","type-post","status-publish","format-standard","hentry","category-ampa","category-batxillerat","category-eso","category-general","category-portada","tag-173"],"post_mailing_queue_ids":[],"_links":{"self":[{"href":"https:\/\/agora.xtec.cat\/iesmallafre\/wp-json\/wp\/v2\/posts\/876","targetHints":{"allow":["GET"]}}],"collection":[{"href":"https:\/\/agora.xtec.cat\/iesmallafre\/wp-json\/wp\/v2\/posts"}],"about":[{"href":"https:\/\/agora.xtec.cat\/iesmallafre\/wp-json\/wp\/v2\/types\/post"}],"author":[{"embeddable":true,"href":"https:\/\/agora.xtec.cat\/iesmallafre\/wp-json\/wp\/v2\/users\/6"}],"replies":[{"embeddable":true,"href":"https:\/\/agora.xtec.cat\/iesmallafre\/wp-json\/wp\/v2\/comments?post=876"}],"version-history":[{"count":1,"href":"https:\/\/agora.xtec.cat\/iesmallafre\/wp-json\/wp\/v2\/posts\/876\/revisions"}],"predecessor-version":[{"id":877,"href":"https:\/\/agora.xtec.cat\/iesmallafre\/wp-json\/wp\/v2\/posts\/876\/revisions\/877"}],"wp:attachment":[{"href":"https:\/\/agora.xtec.cat\/iesmallafre\/wp-json\/wp\/v2\/media?parent=876"}],"wp:term":[{"taxonomy":"category","embeddable":true,"href":"https:\/\/agora.xtec.cat\/iesmallafre\/wp-json\/wp\/v2\/categories?post=876"},{"taxonomy":"post_tag","embeddable":true,"href":"https:\/\/agora.xtec.cat\/iesmallafre\/wp-json\/wp\/v2\/tags?post=876"}],"curies":[{"name":"wp","href":"https:\/\/api.w.org\/{rel}","templated":true}]}}