{"id":868,"date":"2017-07-15T09:47:46","date_gmt":"2017-07-15T07:47:46","guid":{"rendered":"http:\/\/agora.xtec.cat\/iesmallafre\/?p=868"},"modified":"2017-07-15T09:48:35","modified_gmt":"2017-07-15T07:48:35","slug":"lectures-obligatories-per-a-les-materies-comunes-de-batxillerat","status":"publish","type":"post","link":"https:\/\/agora.xtec.cat\/iesmallafre\/general\/lectures-obligatories-per-a-les-materies-comunes-de-batxillerat\/","title":{"rendered":"Lectures obligat\u00f2ries per a les mat\u00e8ries comunes de Batxillerat"},"content":{"rendered":"<p><strong>Lectures obligat\u00f2ries per a les mat\u00e8ries comunes de batxillerat que prescriu el Departament d\u2019Ensenyament<\/strong><\/p>\n<p><strong>\u00a0<\/strong><\/p>\n<p><strong>1.1. Lectures per a la mat\u00e8ria comuna de <u>Llengua Catalana i Literatura<\/u> <\/strong><\/p>\n<p><strong>\u00a0<\/strong><\/p>\n<p><strong>Promoci\u00f3 2016-2018 <\/strong><\/p>\n<p><strong>1r de batxillerat<\/strong><\/p>\n<ol>\n<li>Joanot Martorell, <em>Tirant lo Blanc. Episodis amorosos<\/em> (versi\u00f3 actualitzada)*.<\/li>\n<li><em>Antologia de poesia catalana<\/em> (35 poemes)*.<\/li>\n<\/ol>\n<p><strong>2n de batxillerat<\/strong><\/p>\n<ol start=\"3\">\n<li>\u00c0ngel Guimer\u00e0, <em>Terra baixa<\/em>.<\/li>\n<li>Merc\u00e8 Rodoreda, <em>La pla\u00e7a del Diamant<\/em>.<\/li>\n<li>(A criteri del departament de lleng\u00fces.)<\/li>\n<\/ol>\n<p><strong>\u00a0<\/strong><\/p>\n<p><strong>Promoci\u00f3 2017-2019 <\/strong><\/p>\n<p><strong>1r de batxillerat<\/strong><\/p>\n<ol>\n<li>Joanot Martorell, <em>Tirant lo Blanc. Episodis amorosos<\/em> (versi\u00f3 actualitzada)*.<\/li>\n<li><em>Antologia de poesia catalana<\/em> (35 poemes)*.<\/li>\n<\/ol>\n<p><strong>2n de batxillerat<\/strong><\/p>\n<ol start=\"3\">\n<li>\u00c0ngel Guimer\u00e0, <em>Terra baixa<\/em>.<\/li>\n<li>Merc\u00e8 Rodoreda, <em>Mirall trencat<\/em>.<\/li>\n<li>(A criteri del departament de lleng\u00fces.)<\/li>\n<\/ol>\n<p>* En les lectures marcades amb un asterisc no ser\u00e0 objecte d\u2019avaluaci\u00f3 l\u2019obra completa, sin\u00f3 una selecci\u00f3.<\/p>\n<p>&nbsp;<\/p>\n<p><strong>1.2. Lectures per a la mat\u00e8ria comuna de <u>Llengua Castellana i Literatura<\/u> <\/strong><\/p>\n<p><strong>\u00a0<\/strong><\/p>\n<p><strong>Promoci\u00f3 2016-2018 <\/strong><\/p>\n<p><strong>1r de batxillerat<\/strong><\/p>\n<ol>\n<li>Miguel de Cervantes, <em>Novelas ejemplares<\/em>.*<\/li>\n<li>Federico Garc\u00eda Lorca, <em>La casa de Bernarda Alba<\/em>.<\/li>\n<\/ol>\n<p><strong>2n de batxillerat<\/strong><\/p>\n<ol start=\"3\">\n<li>Ana Mar\u00eda Matute, <em>Los ni\u00f1os tontos<\/em>.<\/li>\n<li><em>Segunda antolog\u00eda de poes\u00eda espa\u00f1ola<\/em>.*<\/li>\n<li>(A criteri del departament de lleng\u00fces.)<\/li>\n<\/ol>\n<p><strong>\u00a0<\/strong><\/p>\n<p><strong>Promoci\u00f3 2017-2019 <\/strong><\/p>\n<p><strong>1r de batxillerat<\/strong><\/p>\n<ol>\n<li>Miguel de Cervantes, <em>Novelas ejemplares<\/em>.*<\/li>\n<li>Ram\u00f3n Mar\u00eda del Valle-Incl\u00e1n, <em>Luces de bohemia<\/em>.<\/li>\n<\/ol>\n<p><strong>2n de batxillerat<\/strong><\/p>\n<ol start=\"3\">\n<li>Ana Mar\u00eda Matute, <em>Los ni\u00f1os tontos<\/em>.<\/li>\n<li><em>Segunda antolog\u00eda de poes\u00eda espa\u00f1ola<\/em>.*<\/li>\n<li>(A criteri del departament de lleng\u00fces.)<\/li>\n<\/ol>\n<p>* En les lectures marcades amb un asterisc no ser\u00e0 objecte d\u2019avaluaci\u00f3 l\u2019obra completa, sin\u00f3 una selecci\u00f3.<\/p>\n<p>&nbsp;<\/p>\n<p><strong>Nota:<\/strong><\/p>\n<p>Les lectures de 2n de batxillerat s\u00f3n mat\u00e8ria d\u2019examen en les Proves d\u2019Acc\u00e9s a la Universitat de l\u2019any corresponent.<\/p>\n<p><a href=\"http:\/\/agora.xtec.cat\/iesmallafre\/wp-content\/uploads\/usu105\/2017\/07\/Lectures-prescriptives-de-batxillerat-catal\u00e0-i-castell\u00e0.docx\">Lectures prescriptives de batxillerat (catal\u00e0 i castell\u00e0)<\/a><\/p>\n<p>&nbsp;<\/p>\n","protected":false},"excerpt":{"rendered":"<p>Lectures obligat\u00f2ries per a les mat\u00e8ries comunes de batxillerat que prescriu el Departament d\u2019Ensenyament<br \/>\n\u00a0<br \/>\n1.1. Lectures per a la mat\u00e8ria comuna de Llengua Catalana i Literatura<br \/>\n\u00a0<br \/>\nPromoci\u00f3 2016-2018<br \/>\n1r de batxillerat<\/p>\n<ol>\n<li>Joanot Martorell, Tirant lo Blanc. Episodis amorosos (versi\u00f3 actualitzada)*.<\/li>\n<li>Antologia de poesia catalana (35 poemes)*.<\/li>\n<\/ol>\n<p>2n de batxillerat\n<ol&hellip;  <a href=\"https:\/\/agora.xtec.cat\/iesmallafre\/general\/lectures-obligatories-per-a-les-materies-comunes-de-batxillerat\/\" title=\"Read Lectures obligat\u00f2ries per a les mat\u00e8ries comunes de Batxillerat\">Llegeix m\u00e9s\u00bb<\/a><\/p>\n","protected":false},"author":6,"featured_media":0,"comment_status":"open","ping_status":"closed","sticky":false,"template":"","format":"standard","meta":{"_bbp_topic_count":0,"_bbp_reply_count":0,"_bbp_total_topic_count":0,"_bbp_total_reply_count":0,"_bbp_voice_count":0,"_bbp_anonymous_reply_count":0,"_bbp_topic_count_hidden":0,"_bbp_reply_count_hidden":0,"_bbp_forum_subforum_count":0,"footnotes":""},"categories":[8,1,29],"tags":[102,171],"class_list":["post-868","post","type-post","status-publish","format-standard","hentry","category-batxillerat","category-general","category-portada","tag-batxillerat","tag-lectures"],"post_mailing_queue_ids":[],"_links":{"self":[{"href":"https:\/\/agora.xtec.cat\/iesmallafre\/wp-json\/wp\/v2\/posts\/868","targetHints":{"allow":["GET"]}}],"collection":[{"href":"https:\/\/agora.xtec.cat\/iesmallafre\/wp-json\/wp\/v2\/posts"}],"about":[{"href":"https:\/\/agora.xtec.cat\/iesmallafre\/wp-json\/wp\/v2\/types\/post"}],"author":[{"embeddable":true,"href":"https:\/\/agora.xtec.cat\/iesmallafre\/wp-json\/wp\/v2\/users\/6"}],"replies":[{"embeddable":true,"href":"https:\/\/agora.xtec.cat\/iesmallafre\/wp-json\/wp\/v2\/comments?post=868"}],"version-history":[{"count":1,"href":"https:\/\/agora.xtec.cat\/iesmallafre\/wp-json\/wp\/v2\/posts\/868\/revisions"}],"predecessor-version":[{"id":870,"href":"https:\/\/agora.xtec.cat\/iesmallafre\/wp-json\/wp\/v2\/posts\/868\/revisions\/870"}],"wp:attachment":[{"href":"https:\/\/agora.xtec.cat\/iesmallafre\/wp-json\/wp\/v2\/media?parent=868"}],"wp:term":[{"taxonomy":"category","embeddable":true,"href":"https:\/\/agora.xtec.cat\/iesmallafre\/wp-json\/wp\/v2\/categories?post=868"},{"taxonomy":"post_tag","embeddable":true,"href":"https:\/\/agora.xtec.cat\/iesmallafre\/wp-json\/wp\/v2\/tags?post=868"}],"curies":[{"name":"wp","href":"https:\/\/api.w.org\/{rel}","templated":true}]}}