{"id":622,"date":"2017-05-24T10:51:41","date_gmt":"2017-05-24T08:51:41","guid":{"rendered":"http:\/\/agora.xtec.cat\/iesmallafre\/?p=622"},"modified":"2017-05-24T10:51:41","modified_gmt":"2017-05-24T08:51:41","slug":"atencio-personalitzada-ampa-mallafre","status":"publish","type":"post","link":"https:\/\/agora.xtec.cat\/iesmallafre\/portada\/atencio-personalitzada-ampa-mallafre\/","title":{"rendered":"Atenci\u00f3 personalitzada. AMPA Mallafr\u00e9"},"content":{"rendered":"<p>I<a href=\"http:\/\/agora.xtec.cat\/iesmallafre\/wp-content\/uploads\/usu105\/2017\/05\/orientaci\u00f3.jpg\"><img loading=\"lazy\" decoding=\"async\" class=\"aligncenter size-medium wp-image-623\" src=\"http:\/\/agora.xtec.cat\/iesmallafre\/wp-content\/uploads\/usu105\/2017\/05\/orientaci\u00f3-300x169.jpg\" alt=\"orientaci\u00f3\" width=\"300\" height=\"169\" srcset=\"https:\/\/agora.xtec.cat\/iesmallafre\/wp-content\/uploads\/usu105\/2017\/05\/orientaci\u00f3-300x169.jpg 300w, https:\/\/agora.xtec.cat\/iesmallafre\/wp-content\/uploads\/usu105\/2017\/05\/orientaci\u00f3-768x432.jpg 768w, https:\/\/agora.xtec.cat\/iesmallafre\/wp-content\/uploads\/usu105\/2017\/05\/orientaci\u00f3.jpg 960w\" sizes=\"auto, (max-width: 300px) 100vw, 300px\" \/><\/a>NFORMACIONS DE L&#8217;AMPA DEL <span class=\"highlightNode\">MALLAFR\u00c8<\/span>.<\/p>\n<p>Els passats 8,9,10 <span class=\"highlightNode\">i<\/span> 11 de maig, va venir a l&#8217;institut una orientadora de l&#8217;empresa Educaweb, alb l&#8217;objectiu de fer trobades de mitja hora amb les fam\u00edlies de 4t d&#8217;ESO <span class=\"highlightNode\">i<\/span> de 2n. de batxillerat que ho havien demanat.<\/p>\n<p>Es va reunir amb 31 fam\u00edlies, a les que va poder resoldre els dubtes sobre estudis, mat\u00e8ries optatives, itineraris, professions de futur, perfils associats a cada professi\u00f3, llocs on cursar certs estudis <span class=\"highlightNode\">i<\/span> altres q\u00fcestions sobre<span class=\"text_exposed_show\"> el futur acad\u00e8mic dels fills.<\/span><\/p>\n<div class=\"text_exposed_show\">\n<p>Les xerrades van servir perqu\u00e8, a m\u00e9s d&#8217;orientar d&#8217;una manera<br \/>\nindividualitzada, se&#8217;ls indiqu\u00e9s llocs web on hi ha tota l&#8217;oferta<br \/>\neducativa de graus <span class=\"highlightNode\">i<\/span> centres que hi ha a Catalunya. D&#8217;aquesta manera,<br \/>\nvan poder sortir amb informaci\u00f3 fiable per consultar des de casa.<\/p>\n<p>Aquesta atenci\u00f3 personalitzada \u00e9s una iniciativa de l&#8217;AMPA, gratu\u00efta per als seus socis, que s&#8217;ha fet per primera vegada a l&#8217;institut, fora de l&#8217;horari escolar.<\/p>\n<p>Esperem que us hagi estat molt \u00fatil als que hi heu assistit<\/p>\n<\/div>\n","protected":false},"excerpt":{"rendered":"<p>I<a href=\"http:\/\/agora.xtec.cat\/iesmallafre\/wp-content\/uploads\/usu105\/2017\/05\/orientaci\u00f3.jpg\"><\/a>NFORMACIONS DE L&#8217;AMPA DEL MALLAFR\u00c8.<br \/>\nEls passats 8,9,10 i 11 de maig, va venir a l&#8217;institut una orientadora de l&#8217;empresa Educaweb, alb l&#8217;objectiu de fer trobades de mitja hora amb les fam\u00edlies de 4t d&#8217;ESO i de 2n. de batxillerat que ho havien demanat.<br \/>\nEs va&hellip;  <a href=\"https:\/\/agora.xtec.cat\/iesmallafre\/portada\/atencio-personalitzada-ampa-mallafre\/\" title=\"Read Atenci\u00f3 personalitzada. AMPA Mallafr\u00e9\">Llegeix m\u00e9s\u00bb<\/a><\/p>\n","protected":false},"author":6,"featured_media":623,"comment_status":"open","ping_status":"open","sticky":false,"template":"","format":"standard","meta":{"_bbp_topic_count":0,"_bbp_reply_count":0,"_bbp_total_topic_count":0,"_bbp_total_reply_count":0,"_bbp_voice_count":0,"_bbp_anonymous_reply_count":0,"_bbp_topic_count_hidden":0,"_bbp_reply_count_hidden":0,"_bbp_forum_subforum_count":0,"footnotes":""},"categories":[31,29],"tags":[126],"class_list":["post-622","post","type-post","status-publish","format-standard","has-post-thumbnail","hentry","category-ampa","category-portada","tag-ampa"],"post_mailing_queue_ids":[],"_links":{"self":[{"href":"https:\/\/agora.xtec.cat\/iesmallafre\/wp-json\/wp\/v2\/posts\/622","targetHints":{"allow":["GET"]}}],"collection":[{"href":"https:\/\/agora.xtec.cat\/iesmallafre\/wp-json\/wp\/v2\/posts"}],"about":[{"href":"https:\/\/agora.xtec.cat\/iesmallafre\/wp-json\/wp\/v2\/types\/post"}],"author":[{"embeddable":true,"href":"https:\/\/agora.xtec.cat\/iesmallafre\/wp-json\/wp\/v2\/users\/6"}],"replies":[{"embeddable":true,"href":"https:\/\/agora.xtec.cat\/iesmallafre\/wp-json\/wp\/v2\/comments?post=622"}],"version-history":[{"count":1,"href":"https:\/\/agora.xtec.cat\/iesmallafre\/wp-json\/wp\/v2\/posts\/622\/revisions"}],"predecessor-version":[{"id":624,"href":"https:\/\/agora.xtec.cat\/iesmallafre\/wp-json\/wp\/v2\/posts\/622\/revisions\/624"}],"wp:featuredmedia":[{"embeddable":true,"href":"https:\/\/agora.xtec.cat\/iesmallafre\/wp-json\/wp\/v2\/media\/623"}],"wp:attachment":[{"href":"https:\/\/agora.xtec.cat\/iesmallafre\/wp-json\/wp\/v2\/media?parent=622"}],"wp:term":[{"taxonomy":"category","embeddable":true,"href":"https:\/\/agora.xtec.cat\/iesmallafre\/wp-json\/wp\/v2\/categories?post=622"},{"taxonomy":"post_tag","embeddable":true,"href":"https:\/\/agora.xtec.cat\/iesmallafre\/wp-json\/wp\/v2\/tags?post=622"}],"curies":[{"name":"wp","href":"https:\/\/api.w.org\/{rel}","templated":true}]}}