{"id":617,"date":"2017-05-24T10:32:22","date_gmt":"2017-05-24T08:32:22","guid":{"rendered":"http:\/\/agora.xtec.cat\/iesmallafre\/?p=617"},"modified":"2017-05-24T10:33:17","modified_gmt":"2017-05-24T08:33:17","slug":"xerrada-sobre-el-requiem-de-verdi-david-puertas","status":"publish","type":"post","link":"https:\/\/agora.xtec.cat\/iesmallafre\/general\/xerrada-sobre-el-requiem-de-verdi-david-puertas\/","title":{"rendered":"Xerrada sobre el R\u00e8quiem de Verdi. David Puertas"},"content":{"rendered":"<p>Alguns alumnes de la mat\u00e8ria d&#8217;An\u00e0lisi Musical del batxillerat d&#8217;Arts Esc\u00e8niques del <span class=\"highlightNode\">Mallafr\u00e8<\/span>, han estat aquesta nit a l&#8217;<a class=\"profileLink\" href=\"https:\/\/www.facebook.com\/Auditoritoldra\/?fref=mentions\" data-hovercard=\"\/ajax\/hovercard\/page.php?id=114155825411502&amp;extragetparams=%7B%22fref%22%3A%22mentions%22%7D\" data-hovercard-prefer-more-content-show=\"1\" data-hovercard-obj-id=\"114155825411502\">Auditori Eduard Toldr\u00e0<\/a> escoltant la interessant xerrada de David Puertas sobre el Requiem de Verdi. Moltes gr\u00e0cies David!<\/p>\n<p>&nbsp;<\/p>\n<p><a href=\"http:\/\/agora.xtec.cat\/iesmallafre\/wp-content\/uploads\/usu105\/2017\/05\/puertas1.jpg\"><img loading=\"lazy\" decoding=\"async\" class=\"aligncenter size-medium wp-image-618\" src=\"http:\/\/agora.xtec.cat\/iesmallafre\/wp-content\/uploads\/usu105\/2017\/05\/puertas1-300x287.jpg\" alt=\"puertas1\" width=\"300\" height=\"287\" srcset=\"https:\/\/agora.xtec.cat\/iesmallafre\/wp-content\/uploads\/usu105\/2017\/05\/puertas1-300x287.jpg 300w, https:\/\/agora.xtec.cat\/iesmallafre\/wp-content\/uploads\/usu105\/2017\/05\/puertas1-768x735.jpg 768w, https:\/\/agora.xtec.cat\/iesmallafre\/wp-content\/uploads\/usu105\/2017\/05\/puertas1.jpg 960w\" sizes=\"auto, (max-width: 300px) 100vw, 300px\" \/><\/a> <a href=\"http:\/\/agora.xtec.cat\/iesmallafre\/wp-content\/uploads\/usu105\/2017\/05\/puertas3.jpg\"><img loading=\"lazy\" decoding=\"async\" class=\"aligncenter size-medium wp-image-620\" src=\"http:\/\/agora.xtec.cat\/iesmallafre\/wp-content\/uploads\/usu105\/2017\/05\/puertas3-300x223.jpg\" alt=\"puertas3\" width=\"300\" height=\"223\" srcset=\"https:\/\/agora.xtec.cat\/iesmallafre\/wp-content\/uploads\/usu105\/2017\/05\/puertas3-300x223.jpg 300w, https:\/\/agora.xtec.cat\/iesmallafre\/wp-content\/uploads\/usu105\/2017\/05\/puertas3-768x570.jpg 768w, https:\/\/agora.xtec.cat\/iesmallafre\/wp-content\/uploads\/usu105\/2017\/05\/puertas3-200x150.jpg 200w, https:\/\/agora.xtec.cat\/iesmallafre\/wp-content\/uploads\/usu105\/2017\/05\/puertas3.jpg 960w\" sizes=\"auto, (max-width: 300px) 100vw, 300px\" \/><\/a> <a href=\"http:\/\/agora.xtec.cat\/iesmallafre\/wp-content\/uploads\/usu105\/2017\/05\/puertas2.jpg\"><img loading=\"lazy\" decoding=\"async\" class=\"aligncenter size-medium wp-image-619\" src=\"http:\/\/agora.xtec.cat\/iesmallafre\/wp-content\/uploads\/usu105\/2017\/05\/puertas2-300x225.jpg\" alt=\"puertas2\" width=\"300\" height=\"225\" srcset=\"https:\/\/agora.xtec.cat\/iesmallafre\/wp-content\/uploads\/usu105\/2017\/05\/puertas2-300x225.jpg 300w, https:\/\/agora.xtec.cat\/iesmallafre\/wp-content\/uploads\/usu105\/2017\/05\/puertas2-768x577.jpg 768w, https:\/\/agora.xtec.cat\/iesmallafre\/wp-content\/uploads\/usu105\/2017\/05\/puertas2-200x150.jpg 200w, https:\/\/agora.xtec.cat\/iesmallafre\/wp-content\/uploads\/usu105\/2017\/05\/puertas2.jpg 960w\" sizes=\"auto, (max-width: 300px) 100vw, 300px\" \/><\/a><\/p>\n","protected":false},"excerpt":{"rendered":"<p>Alguns alumnes de la mat\u00e8ria d&#8217;An\u00e0lisi Musical del batxillerat d&#8217;Arts Esc\u00e8niques del Mallafr\u00e8, han estat aquesta nit a l&#8217;<a class=\"profileLink\" href=\"https:\/\/www.facebook.com\/Auditoritoldra\/?fref=mentions\" data-hovercard=\"\/ajax\/hovercard\/page.php?id=114155825411502&amp;extragetparams=%7B%22fref%22%3A%22mentions%22%7D\" data-hovercard-prefer-more-content-show=\"1\" data-hovercard-obj-id=\"114155825411502\">Auditori Eduard Toldr\u00e0<\/a> escoltant la interessant xerrada de David Puertas sobre el Requiem de Verdi. Moltes gr\u00e0cies David!<br \/>\n&nbsp;<br \/>\n<a href=\"http:\/\/agora.xtec.cat\/iesmallafre\/wp-content\/uploads\/usu105\/2017\/05\/puertas1.jpg\"><\/a> <a href=\"http:\/\/agora.xtec.cat\/iesmallafre\/wp-content\/uploads\/usu105\/2017\/05\/puertas3.jpg\"><\/a> <a&hellip;  <a href=\"https:\/\/agora.xtec.cat\/iesmallafre\/general\/xerrada-sobre-el-requiem-de-verdi-david-puertas\/\" title=\"Read Xerrada sobre el R\u00e8quiem de Verdi. David Puertas\">Llegeix m\u00e9s\u00bb<\/a><\/p>\n","protected":false},"author":6,"featured_media":618,"comment_status":"open","ping_status":"open","sticky":false,"template":"","format":"standard","meta":{"_bbp_topic_count":0,"_bbp_reply_count":0,"_bbp_total_topic_count":0,"_bbp_total_reply_count":0,"_bbp_voice_count":0,"_bbp_anonymous_reply_count":0,"_bbp_topic_count_hidden":0,"_bbp_reply_count_hidden":0,"_bbp_forum_subforum_count":0,"footnotes":""},"categories":[31,8,1,29],"tags":[125,102,39],"class_list":["post-617","post","type-post","status-publish","format-standard","has-post-thumbnail","hentry","category-ampa","category-batxillerat","category-general","category-portada","tag-analisimusical","tag-batxillerat","tag-sortides"],"post_mailing_queue_ids":[],"_links":{"self":[{"href":"https:\/\/agora.xtec.cat\/iesmallafre\/wp-json\/wp\/v2\/posts\/617","targetHints":{"allow":["GET"]}}],"collection":[{"href":"https:\/\/agora.xtec.cat\/iesmallafre\/wp-json\/wp\/v2\/posts"}],"about":[{"href":"https:\/\/agora.xtec.cat\/iesmallafre\/wp-json\/wp\/v2\/types\/post"}],"author":[{"embeddable":true,"href":"https:\/\/agora.xtec.cat\/iesmallafre\/wp-json\/wp\/v2\/users\/6"}],"replies":[{"embeddable":true,"href":"https:\/\/agora.xtec.cat\/iesmallafre\/wp-json\/wp\/v2\/comments?post=617"}],"version-history":[{"count":1,"href":"https:\/\/agora.xtec.cat\/iesmallafre\/wp-json\/wp\/v2\/posts\/617\/revisions"}],"predecessor-version":[{"id":621,"href":"https:\/\/agora.xtec.cat\/iesmallafre\/wp-json\/wp\/v2\/posts\/617\/revisions\/621"}],"wp:featuredmedia":[{"embeddable":true,"href":"https:\/\/agora.xtec.cat\/iesmallafre\/wp-json\/wp\/v2\/media\/618"}],"wp:attachment":[{"href":"https:\/\/agora.xtec.cat\/iesmallafre\/wp-json\/wp\/v2\/media?parent=617"}],"wp:term":[{"taxonomy":"category","embeddable":true,"href":"https:\/\/agora.xtec.cat\/iesmallafre\/wp-json\/wp\/v2\/categories?post=617"},{"taxonomy":"post_tag","embeddable":true,"href":"https:\/\/agora.xtec.cat\/iesmallafre\/wp-json\/wp\/v2\/tags?post=617"}],"curies":[{"name":"wp","href":"https:\/\/api.w.org\/{rel}","templated":true}]}}