{"id":611,"date":"2017-05-02T10:41:18","date_gmt":"2017-05-02T08:41:18","guid":{"rendered":"http:\/\/agora.xtec.cat\/iesmallafre\/?p=611"},"modified":"2017-05-02T10:41:18","modified_gmt":"2017-05-02T08:41:18","slug":"tots-dansen-2017","status":"publish","type":"post","link":"https:\/\/agora.xtec.cat\/iesmallafre\/general\/tots-dansen-2017\/","title":{"rendered":"Tots dansen 2017"},"content":{"rendered":"<p>Teatre principal de Vilanova i la Geltr\u00fa<\/p>\n<p>Dimarts dia 2 i dijous dia 4 de Maig a les 20h<\/p>\n<p>Tots Dansen \u00e9s un gran espectacle de dansa contempor\u00e0nia que fan els alumnes del batxillerat d&#8217;arts esc\u00e8niques del Dolors Mallafr\u00e8 i els del Manuel de Cabanyes.<\/p>\n<p>Tots Dansen, organitzat per la Xarxa Transversal i el Mercat de les Flors, celebra aquest curs la seva 5a edici\u00f3 complint el seu principal objectiu: apropar el llenguatge del moviment i la dansa contempor\u00e0nia al p\u00fablic jove.<\/p>\n<p>Ho fa, a m\u00e9s, com un dels eixos principals del Pla d&#8217;Impuls de la Dansa, promogut per la Generalitat de Catalunya, per refor\u00e7ar i incrementar el comprom\u00eds de la dansa amb l&#8217;educaci\u00f3, les escoles i la comunitat<\/p>\n<p>Les ciutats que hi participen s\u00f3n Sant Cugat del Vall\u00e8s, Olot, Vilanova\u00a0i la Geltr\u00fa, Manresa, Tortosa, Granollers i Matar\u00f3.<\/p>\n<p>Enguany han participat 43 professors i 1.822 alumnes de 30 instituts i escoles de secund\u00e0ria. Els professors encarregats d&#8217;aquest gran projecte a Vilanoca i la geltr\u00fa son Esther Mas, Ester Cabiscol i Montsrrat Campillo del Mallafr\u00e8 i Juanra Mu\u00f1oz, Silvia Ortoll i Paula Climent del Cabanyes.<\/p>\n<p>Les funcions s\u00f3n el resultat de la participaci\u00f3 del projecte per part dels estudiants als respectius centres d&#8217;ensenyament durant un trimestre escolar. Tots Dansen \u00e9s un projecte de pr\u00e0ctica art\u00edstica a l&#8217;aula, que es presenta com una eina educativa pel professorat, per\u00f2 sobretot s&#8217;introdueix com una viv\u00e8ncia i experi\u00e8ncia positiva, tant personal com col\u00b7lectiva. D&#8217;altra banda, el proc\u00e9s de creaci\u00f3 coreogr\u00e0fica que es comparteix entre alumnes i professors, amb la supervisi\u00f3 art\u00edstica del core\u00f2graf i d&#8217;11 ballarins i ballarines locals, dona com a resultat final un espectacle de dansa contempor\u00e0nia.<\/p>\n<p>El director art\u00edstic enguany \u00e9s Ram\u00f3n Baeza, destacada personalitat de la dansa que es fa al nostre pa\u00eds i core\u00f2graf i codirector de Increpaci\u00f3n Danza, una companyia d&#8217;\u00e0mbit internacional caracteritzada pel mestissatge entre la dansa espanyola, el flamenc i la dansa contempor\u00e0nia reconeguda amb diversos premis i mencions. La ballarina-formadora que ha treballat dia a dia amb els<br \/>\nalumnes als instituts \u00e9s Angie Mas.<\/p>\n<p>Les funcions a Vilanova i la Geltr\u00fa es fan els dies 2 i 4 de maig al Teatre Principal. Tant dimarts com dijous es far\u00e0 un assaig general de 9.30 a 12.30 h, una representaci\u00f3 per a les escoles a les 13 h, i una oberta a tot el p\u00fablic a les 20 h.<\/p>\n<p><a href=\"http:\/\/agora.xtec.cat\/iesmallafre\/wp-content\/uploads\/usu105\/2017\/05\/18194019_1410073742393246_2938978231732350168_n.jpg\"><img loading=\"lazy\" decoding=\"async\" class=\"aligncenter size-medium wp-image-612\" src=\"http:\/\/agora.xtec.cat\/iesmallafre\/wp-content\/uploads\/usu105\/2017\/05\/18194019_1410073742393246_2938978231732350168_n-300x200.jpg\" alt=\"18194019_1410073742393246_2938978231732350168_n\" width=\"300\" height=\"200\" srcset=\"https:\/\/agora.xtec.cat\/iesmallafre\/wp-content\/uploads\/usu105\/2017\/05\/18194019_1410073742393246_2938978231732350168_n-300x200.jpg 300w, https:\/\/agora.xtec.cat\/iesmallafre\/wp-content\/uploads\/usu105\/2017\/05\/18194019_1410073742393246_2938978231732350168_n-768x512.jpg 768w, https:\/\/agora.xtec.cat\/iesmallafre\/wp-content\/uploads\/usu105\/2017\/05\/18194019_1410073742393246_2938978231732350168_n.jpg 960w\" sizes=\"auto, (max-width: 300px) 100vw, 300px\" \/><\/a><\/p>\n","protected":false},"excerpt":{"rendered":"<p>Teatre principal de Vilanova i la Geltr\u00fa<br \/>\nDimarts dia 2 i dijous dia 4 de Maig a les 20h<br \/>\nTots Dansen \u00e9s un gran espectacle de dansa contempor\u00e0nia que fan els alumnes del batxillerat d&#8217;arts esc\u00e8niques del Dolors Mallafr\u00e8 i els del Manuel de Cabanyes.<br \/>\nTots Dansen, organitzat&hellip;  <a href=\"https:\/\/agora.xtec.cat\/iesmallafre\/general\/tots-dansen-2017\/\" title=\"Read Tots dansen 2017\">Llegeix m\u00e9s\u00bb<\/a><\/p>\n","protected":false},"author":6,"featured_media":612,"comment_status":"open","ping_status":"open","sticky":false,"template":"","format":"standard","meta":{"_bbp_topic_count":0,"_bbp_reply_count":0,"_bbp_total_topic_count":0,"_bbp_total_reply_count":0,"_bbp_voice_count":0,"_bbp_anonymous_reply_count":0,"_bbp_topic_count_hidden":0,"_bbp_reply_count_hidden":0,"_bbp_forum_subforum_count":0,"footnotes":""},"categories":[31,8,3,1,29],"tags":[124],"class_list":["post-611","post","type-post","status-publish","format-standard","has-post-thumbnail","hentry","category-ampa","category-batxillerat","category-eso","category-general","category-portada","tag-totsdancen"],"post_mailing_queue_ids":[],"_links":{"self":[{"href":"https:\/\/agora.xtec.cat\/iesmallafre\/wp-json\/wp\/v2\/posts\/611","targetHints":{"allow":["GET"]}}],"collection":[{"href":"https:\/\/agora.xtec.cat\/iesmallafre\/wp-json\/wp\/v2\/posts"}],"about":[{"href":"https:\/\/agora.xtec.cat\/iesmallafre\/wp-json\/wp\/v2\/types\/post"}],"author":[{"embeddable":true,"href":"https:\/\/agora.xtec.cat\/iesmallafre\/wp-json\/wp\/v2\/users\/6"}],"replies":[{"embeddable":true,"href":"https:\/\/agora.xtec.cat\/iesmallafre\/wp-json\/wp\/v2\/comments?post=611"}],"version-history":[{"count":1,"href":"https:\/\/agora.xtec.cat\/iesmallafre\/wp-json\/wp\/v2\/posts\/611\/revisions"}],"predecessor-version":[{"id":613,"href":"https:\/\/agora.xtec.cat\/iesmallafre\/wp-json\/wp\/v2\/posts\/611\/revisions\/613"}],"wp:featuredmedia":[{"embeddable":true,"href":"https:\/\/agora.xtec.cat\/iesmallafre\/wp-json\/wp\/v2\/media\/612"}],"wp:attachment":[{"href":"https:\/\/agora.xtec.cat\/iesmallafre\/wp-json\/wp\/v2\/media?parent=611"}],"wp:term":[{"taxonomy":"category","embeddable":true,"href":"https:\/\/agora.xtec.cat\/iesmallafre\/wp-json\/wp\/v2\/categories?post=611"},{"taxonomy":"post_tag","embeddable":true,"href":"https:\/\/agora.xtec.cat\/iesmallafre\/wp-json\/wp\/v2\/tags?post=611"}],"curies":[{"name":"wp","href":"https:\/\/api.w.org\/{rel}","templated":true}]}}