{"id":573,"date":"2017-05-02T10:32:23","date_gmt":"2017-05-02T08:32:23","guid":{"rendered":"http:\/\/agora.xtec.cat\/iesmallafre\/?p=573"},"modified":"2017-05-02T10:32:23","modified_gmt":"2017-05-02T08:32:23","slug":"exposicio-llibres-dartista","status":"publish","type":"post","link":"https:\/\/agora.xtec.cat\/iesmallafre\/general\/exposicio-llibres-dartista\/","title":{"rendered":"Exposici\u00f3 llibres d&#8217;artista"},"content":{"rendered":"<p style=\"background: white; margin: 4.5pt 0cm 4.5pt 0cm;\"><span style=\"font-size: 10.5pt; font-family: 'Helvetica','sans-serif'; color: #1d2129;\">Llibres d&#8217;artista \u00e9s una expocici\u00f3 de llibres creats pels alumnes de 2n de batxillerat de la mat\u00e8ria de Disseny que imparteix el porfessor Carles Urgelles.<\/span><\/p>\n<p style=\"background: white; font-variant-ligatures: normal; font-variant-caps: normal; orphans: 2; text-align: start; widows: 2; -webkit-text-stroke-width: 0px; text-decoration-style: initial; text-decoration-color: initial; word-spacing: 0px; margin: 4.5pt 0cm 4.5pt 0cm;\"><span style=\"font-size: 10.5pt; font-family: 'Helvetica','sans-serif'; color: #1d2129;\">Havien de triar un autor hist\u00f2ric i un de contemporani dels \u00e0mbits disseny gr\u00e0fic d&#8217;objectes i d&#8217;arquitectes.<\/span><a href=\"http:\/\/agora.xtec.cat\/iesmallafre\/wp-content\/uploads\/usu105\/2017\/05\/18033903_1401374963263124_4468637143869413669_n.jpg\"><img loading=\"lazy\" decoding=\"async\" class=\"aligncenter size-medium wp-image-574\" src=\"http:\/\/agora.xtec.cat\/iesmallafre\/wp-content\/uploads\/usu105\/2017\/05\/18033903_1401374963263124_4468637143869413669_n-300x168.jpg\" alt=\"18033903_1401374963263124_4468637143869413669_n\" width=\"300\" height=\"168\" srcset=\"https:\/\/agora.xtec.cat\/iesmallafre\/wp-content\/uploads\/usu105\/2017\/05\/18033903_1401374963263124_4468637143869413669_n-300x168.jpg 300w, https:\/\/agora.xtec.cat\/iesmallafre\/wp-content\/uploads\/usu105\/2017\/05\/18033903_1401374963263124_4468637143869413669_n-768x431.jpg 768w, https:\/\/agora.xtec.cat\/iesmallafre\/wp-content\/uploads\/usu105\/2017\/05\/18033903_1401374963263124_4468637143869413669_n.jpg 960w\" sizes=\"auto, (max-width: 300px) 100vw, 300px\" \/><\/a><\/p>\n","protected":false},"excerpt":{"rendered":"<p>Llibres d&#8217;artista \u00e9s una expocici\u00f3 de llibres creats pels alumnes de 2n de batxillerat de la mat\u00e8ria de Disseny que imparteix el porfessor Carles Urgelles.<br \/>\nHavien de triar un autor hist\u00f2ric i un de contemporani dels \u00e0mbits disseny gr\u00e0fic d&#8217;objectes i d&#8217;arquitectes.<a href=\"http:\/\/agora.xtec.cat\/iesmallafre\/wp-content\/uploads\/usu105\/2017\/05\/18033903_1401374963263124_4468637143869413669_n.jpg\"><\/a><\/p>\n","protected":false},"author":6,"featured_media":574,"comment_status":"open","ping_status":"open","sticky":false,"template":"","format":"standard","meta":{"_bbp_topic_count":0,"_bbp_reply_count":0,"_bbp_total_topic_count":0,"_bbp_total_reply_count":0,"_bbp_voice_count":0,"_bbp_anonymous_reply_count":0,"_bbp_topic_count_hidden":0,"_bbp_reply_count_hidden":0,"_bbp_forum_subforum_count":0,"footnotes":""},"categories":[31,1,29],"tags":[117],"class_list":["post-573","post","type-post","status-publish","format-standard","has-post-thumbnail","hentry","category-ampa","category-general","category-portada","tag-exposicions"],"post_mailing_queue_ids":[],"_links":{"self":[{"href":"https:\/\/agora.xtec.cat\/iesmallafre\/wp-json\/wp\/v2\/posts\/573","targetHints":{"allow":["GET"]}}],"collection":[{"href":"https:\/\/agora.xtec.cat\/iesmallafre\/wp-json\/wp\/v2\/posts"}],"about":[{"href":"https:\/\/agora.xtec.cat\/iesmallafre\/wp-json\/wp\/v2\/types\/post"}],"author":[{"embeddable":true,"href":"https:\/\/agora.xtec.cat\/iesmallafre\/wp-json\/wp\/v2\/users\/6"}],"replies":[{"embeddable":true,"href":"https:\/\/agora.xtec.cat\/iesmallafre\/wp-json\/wp\/v2\/comments?post=573"}],"version-history":[{"count":1,"href":"https:\/\/agora.xtec.cat\/iesmallafre\/wp-json\/wp\/v2\/posts\/573\/revisions"}],"predecessor-version":[{"id":575,"href":"https:\/\/agora.xtec.cat\/iesmallafre\/wp-json\/wp\/v2\/posts\/573\/revisions\/575"}],"wp:featuredmedia":[{"embeddable":true,"href":"https:\/\/agora.xtec.cat\/iesmallafre\/wp-json\/wp\/v2\/media\/574"}],"wp:attachment":[{"href":"https:\/\/agora.xtec.cat\/iesmallafre\/wp-json\/wp\/v2\/media?parent=573"}],"wp:term":[{"taxonomy":"category","embeddable":true,"href":"https:\/\/agora.xtec.cat\/iesmallafre\/wp-json\/wp\/v2\/categories?post=573"},{"taxonomy":"post_tag","embeddable":true,"href":"https:\/\/agora.xtec.cat\/iesmallafre\/wp-json\/wp\/v2\/tags?post=573"}],"curies":[{"name":"wp","href":"https:\/\/api.w.org\/{rel}","templated":true}]}}