{"id":565,"date":"2017-05-02T10:28:48","date_gmt":"2017-05-02T08:28:48","guid":{"rendered":"http:\/\/agora.xtec.cat\/iesmallafre\/?p=565"},"modified":"2017-05-02T10:28:48","modified_gmt":"2017-05-02T08:28:48","slug":"zona-educacio-2017","status":"publish","type":"post","link":"https:\/\/agora.xtec.cat\/iesmallafre\/general\/zona-educacio-2017\/","title":{"rendered":"Zona educaci\u00f3 2017"},"content":{"rendered":"<p>Del 18 al 20 d&#8217;abril<\/p>\n<p>L&#8217; Institut Dolors Mallafr\u00e8 t\u00e9 el seu estand a la setena edici\u00f3 de la fira anomenada Zona E ( Zona Educaci\u00f3) que es fa a Vilanova i la Geltr\u00fa<\/p>\n<p>Trobareu informaci\u00f3 sobre les sortides educatives i professionals que es poden cursar al Garraf i en concret, al nostre centre.<\/p>\n<p><a href=\"http:\/\/agora.xtec.cat\/iesmallafre\/wp-content\/uploads\/usu105\/2017\/05\/17992182_1398912790176008_1795772511247900923_n.jpg\"><img loading=\"lazy\" decoding=\"async\" class=\"aligncenter size-medium wp-image-566\" src=\"http:\/\/agora.xtec.cat\/iesmallafre\/wp-content\/uploads\/usu105\/2017\/05\/17992182_1398912790176008_1795772511247900923_n-300x169.jpg\" alt=\"17992182_1398912790176008_1795772511247900923_n\" width=\"300\" height=\"169\" srcset=\"https:\/\/agora.xtec.cat\/iesmallafre\/wp-content\/uploads\/usu105\/2017\/05\/17992182_1398912790176008_1795772511247900923_n-300x169.jpg 300w, https:\/\/agora.xtec.cat\/iesmallafre\/wp-content\/uploads\/usu105\/2017\/05\/17992182_1398912790176008_1795772511247900923_n-768x432.jpg 768w, https:\/\/agora.xtec.cat\/iesmallafre\/wp-content\/uploads\/usu105\/2017\/05\/17992182_1398912790176008_1795772511247900923_n.jpg 960w\" sizes=\"auto, (max-width: 300px) 100vw, 300px\" \/><\/a><\/p>\n","protected":false},"excerpt":{"rendered":"<p>Del 18 al 20 d&#8217;abril<br \/>\nL&#8217; Institut Dolors Mallafr\u00e8 t\u00e9 el seu estand a la setena edici\u00f3 de la fira anomenada Zona E ( Zona Educaci\u00f3) que es fa a Vilanova i la Geltr\u00fa<br \/>\nTrobareu informaci\u00f3 sobre les sortides educatives i professionals que es poden cursar al&hellip;  <a href=\"https:\/\/agora.xtec.cat\/iesmallafre\/general\/zona-educacio-2017\/\" title=\"Read Zona educaci\u00f3 2017\">Llegeix m\u00e9s\u00bb<\/a><\/p>\n","protected":false},"author":6,"featured_media":566,"comment_status":"open","ping_status":"open","sticky":false,"template":"","format":"standard","meta":{"_bbp_topic_count":0,"_bbp_reply_count":0,"_bbp_total_topic_count":0,"_bbp_total_reply_count":0,"_bbp_voice_count":0,"_bbp_anonymous_reply_count":0,"_bbp_topic_count_hidden":0,"_bbp_reply_count_hidden":0,"_bbp_forum_subforum_count":0,"footnotes":""},"categories":[31,1,29],"tags":[114],"class_list":["post-565","post","type-post","status-publish","format-standard","has-post-thumbnail","hentry","category-ampa","category-general","category-portada","tag-zonae"],"post_mailing_queue_ids":[],"_links":{"self":[{"href":"https:\/\/agora.xtec.cat\/iesmallafre\/wp-json\/wp\/v2\/posts\/565","targetHints":{"allow":["GET"]}}],"collection":[{"href":"https:\/\/agora.xtec.cat\/iesmallafre\/wp-json\/wp\/v2\/posts"}],"about":[{"href":"https:\/\/agora.xtec.cat\/iesmallafre\/wp-json\/wp\/v2\/types\/post"}],"author":[{"embeddable":true,"href":"https:\/\/agora.xtec.cat\/iesmallafre\/wp-json\/wp\/v2\/users\/6"}],"replies":[{"embeddable":true,"href":"https:\/\/agora.xtec.cat\/iesmallafre\/wp-json\/wp\/v2\/comments?post=565"}],"version-history":[{"count":1,"href":"https:\/\/agora.xtec.cat\/iesmallafre\/wp-json\/wp\/v2\/posts\/565\/revisions"}],"predecessor-version":[{"id":567,"href":"https:\/\/agora.xtec.cat\/iesmallafre\/wp-json\/wp\/v2\/posts\/565\/revisions\/567"}],"wp:featuredmedia":[{"embeddable":true,"href":"https:\/\/agora.xtec.cat\/iesmallafre\/wp-json\/wp\/v2\/media\/566"}],"wp:attachment":[{"href":"https:\/\/agora.xtec.cat\/iesmallafre\/wp-json\/wp\/v2\/media?parent=565"}],"wp:term":[{"taxonomy":"category","embeddable":true,"href":"https:\/\/agora.xtec.cat\/iesmallafre\/wp-json\/wp\/v2\/categories?post=565"},{"taxonomy":"post_tag","embeddable":true,"href":"https:\/\/agora.xtec.cat\/iesmallafre\/wp-json\/wp\/v2\/tags?post=565"}],"curies":[{"name":"wp","href":"https:\/\/api.w.org\/{rel}","templated":true}]}}