{"id":548,"date":"2017-05-02T10:22:44","date_gmt":"2017-05-02T08:22:44","guid":{"rendered":"http:\/\/agora.xtec.cat\/iesmallafre\/?p=548"},"modified":"2017-05-02T10:22:44","modified_gmt":"2017-05-02T08:22:44","slug":"6-dabril-dia-de-lactivitat-fisica","status":"publish","type":"post","link":"https:\/\/agora.xtec.cat\/iesmallafre\/general\/6-dabril-dia-de-lactivitat-fisica\/","title":{"rendered":"6 d&#8217;abril: Dia de l&#8217;activitat f\u00edsica"},"content":{"rendered":"<p>Avui 6 d&#8217;abril, dia mundial de l&#8217;activitat f\u00edsica amb l&#8217;eslogan &#8220;gent activa, gent feli\u00e7&#8221;, l&#8217;institut Dolors Mallafr\u00e8 ho ha cel.lebrat organitzant un torneig de beisbol entre els diferents cursos de primer de batxillerat i els alumnes de la mat\u00e8ria optativa de beisbol de segon d&#8217;ESO. Ha estat una jornada molt participativa i de molta emoci\u00f3 fins el final.<br \/>\nEnhorabona a tots!!!!!!<a href=\"http:\/\/agora.xtec.cat\/iesmallafre\/wp-content\/uploads\/usu105\/2017\/05\/17634549_1383135901753697_8723787557677573022_n.jpg\"><img loading=\"lazy\" decoding=\"async\" class=\"aligncenter size-medium wp-image-549\" src=\"http:\/\/agora.xtec.cat\/iesmallafre\/wp-content\/uploads\/usu105\/2017\/05\/17634549_1383135901753697_8723787557677573022_n-300x225.jpg\" alt=\"17634549_1383135901753697_8723787557677573022_n\" width=\"300\" height=\"225\" srcset=\"https:\/\/agora.xtec.cat\/iesmallafre\/wp-content\/uploads\/usu105\/2017\/05\/17634549_1383135901753697_8723787557677573022_n-300x225.jpg 300w, https:\/\/agora.xtec.cat\/iesmallafre\/wp-content\/uploads\/usu105\/2017\/05\/17634549_1383135901753697_8723787557677573022_n-768x576.jpg 768w, https:\/\/agora.xtec.cat\/iesmallafre\/wp-content\/uploads\/usu105\/2017\/05\/17634549_1383135901753697_8723787557677573022_n-200x150.jpg 200w, https:\/\/agora.xtec.cat\/iesmallafre\/wp-content\/uploads\/usu105\/2017\/05\/17634549_1383135901753697_8723787557677573022_n.jpg 960w\" sizes=\"auto, (max-width: 300px) 100vw, 300px\" \/><\/a> <a href=\"http:\/\/agora.xtec.cat\/iesmallafre\/wp-content\/uploads\/usu105\/2017\/05\/17795895_1383135488420405_6374952065341621723_n.jpg\"><img loading=\"lazy\" decoding=\"async\" class=\"aligncenter size-medium wp-image-550\" src=\"http:\/\/agora.xtec.cat\/iesmallafre\/wp-content\/uploads\/usu105\/2017\/05\/17795895_1383135488420405_6374952065341621723_n-300x169.jpg\" alt=\"17795895_1383135488420405_6374952065341621723_n\" width=\"300\" height=\"169\" srcset=\"https:\/\/agora.xtec.cat\/iesmallafre\/wp-content\/uploads\/usu105\/2017\/05\/17795895_1383135488420405_6374952065341621723_n-300x169.jpg 300w, https:\/\/agora.xtec.cat\/iesmallafre\/wp-content\/uploads\/usu105\/2017\/05\/17795895_1383135488420405_6374952065341621723_n-768x432.jpg 768w, https:\/\/agora.xtec.cat\/iesmallafre\/wp-content\/uploads\/usu105\/2017\/05\/17795895_1383135488420405_6374952065341621723_n.jpg 960w\" sizes=\"auto, (max-width: 300px) 100vw, 300px\" \/><\/a> <a href=\"http:\/\/agora.xtec.cat\/iesmallafre\/wp-content\/uploads\/usu105\/2017\/05\/17796161_1383135968420357_947681465739341166_n.jpg\"><img loading=\"lazy\" decoding=\"async\" class=\"aligncenter size-medium wp-image-551\" src=\"http:\/\/agora.xtec.cat\/iesmallafre\/wp-content\/uploads\/usu105\/2017\/05\/17796161_1383135968420357_947681465739341166_n-300x225.jpg\" alt=\"17796161_1383135968420357_947681465739341166_n\" width=\"300\" height=\"225\" srcset=\"https:\/\/agora.xtec.cat\/iesmallafre\/wp-content\/uploads\/usu105\/2017\/05\/17796161_1383135968420357_947681465739341166_n-300x225.jpg 300w, https:\/\/agora.xtec.cat\/iesmallafre\/wp-content\/uploads\/usu105\/2017\/05\/17796161_1383135968420357_947681465739341166_n-768x576.jpg 768w, https:\/\/agora.xtec.cat\/iesmallafre\/wp-content\/uploads\/usu105\/2017\/05\/17796161_1383135968420357_947681465739341166_n-200x150.jpg 200w, https:\/\/agora.xtec.cat\/iesmallafre\/wp-content\/uploads\/usu105\/2017\/05\/17796161_1383135968420357_947681465739341166_n.jpg 960w\" sizes=\"auto, (max-width: 300px) 100vw, 300px\" \/><\/a> <a href=\"http:\/\/agora.xtec.cat\/iesmallafre\/wp-content\/uploads\/usu105\/2017\/05\/17796635_1383135438420410_8071216023060380053_n.jpg\"><img loading=\"lazy\" decoding=\"async\" class=\"aligncenter size-medium wp-image-552\" src=\"http:\/\/agora.xtec.cat\/iesmallafre\/wp-content\/uploads\/usu105\/2017\/05\/17796635_1383135438420410_8071216023060380053_n-300x169.jpg\" alt=\"17796635_1383135438420410_8071216023060380053_n\" width=\"300\" height=\"169\" srcset=\"https:\/\/agora.xtec.cat\/iesmallafre\/wp-content\/uploads\/usu105\/2017\/05\/17796635_1383135438420410_8071216023060380053_n-300x169.jpg 300w, https:\/\/agora.xtec.cat\/iesmallafre\/wp-content\/uploads\/usu105\/2017\/05\/17796635_1383135438420410_8071216023060380053_n-768x432.jpg 768w, https:\/\/agora.xtec.cat\/iesmallafre\/wp-content\/uploads\/usu105\/2017\/05\/17796635_1383135438420410_8071216023060380053_n.jpg 960w\" sizes=\"auto, (max-width: 300px) 100vw, 300px\" \/><\/a> <a href=\"http:\/\/agora.xtec.cat\/iesmallafre\/wp-content\/uploads\/usu105\/2017\/05\/17799435_1383135321753755_6561471532998429068_n.jpg\"><img loading=\"lazy\" decoding=\"async\" class=\"aligncenter size-medium wp-image-553\" src=\"http:\/\/agora.xtec.cat\/iesmallafre\/wp-content\/uploads\/usu105\/2017\/05\/17799435_1383135321753755_6561471532998429068_n-300x169.jpg\" alt=\"17799435_1383135321753755_6561471532998429068_n\" width=\"300\" height=\"169\" srcset=\"https:\/\/agora.xtec.cat\/iesmallafre\/wp-content\/uploads\/usu105\/2017\/05\/17799435_1383135321753755_6561471532998429068_n-300x169.jpg 300w, https:\/\/agora.xtec.cat\/iesmallafre\/wp-content\/uploads\/usu105\/2017\/05\/17799435_1383135321753755_6561471532998429068_n.jpg 568w\" sizes=\"auto, (max-width: 300px) 100vw, 300px\" \/><\/a><\/p>\n","protected":false},"excerpt":{"rendered":"<p>Avui 6 d&#8217;abril, dia mundial de l&#8217;activitat f\u00edsica amb l&#8217;eslogan &#8220;gent activa, gent feli\u00e7&#8221;, l&#8217;institut Dolors Mallafr\u00e8 ho ha cel.lebrat organitzant un torneig de beisbol entre els diferents cursos de primer de batxillerat i els alumnes de la mat\u00e8ria optativa de beisbol de segon d&#8217;ESO.&hellip;  <a href=\"https:\/\/agora.xtec.cat\/iesmallafre\/general\/6-dabril-dia-de-lactivitat-fisica\/\" title=\"Read 6 d&#8217;abril: Dia de l&#8217;activitat f\u00edsica\">Llegeix m\u00e9s\u00bb<\/a><\/p>\n","protected":false},"author":6,"featured_media":553,"comment_status":"open","ping_status":"open","sticky":false,"template":"","format":"standard","meta":{"_bbp_topic_count":0,"_bbp_reply_count":0,"_bbp_total_topic_count":0,"_bbp_total_reply_count":0,"_bbp_voice_count":0,"_bbp_anonymous_reply_count":0,"_bbp_topic_count_hidden":0,"_bbp_reply_count_hidden":0,"_bbp_forum_subforum_count":0,"footnotes":""},"categories":[1,29],"tags":[112],"class_list":["post-548","post","type-post","status-publish","format-standard","has-post-thumbnail","hentry","category-general","category-portada","tag-educacio-fisica"],"post_mailing_queue_ids":[],"_links":{"self":[{"href":"https:\/\/agora.xtec.cat\/iesmallafre\/wp-json\/wp\/v2\/posts\/548","targetHints":{"allow":["GET"]}}],"collection":[{"href":"https:\/\/agora.xtec.cat\/iesmallafre\/wp-json\/wp\/v2\/posts"}],"about":[{"href":"https:\/\/agora.xtec.cat\/iesmallafre\/wp-json\/wp\/v2\/types\/post"}],"author":[{"embeddable":true,"href":"https:\/\/agora.xtec.cat\/iesmallafre\/wp-json\/wp\/v2\/users\/6"}],"replies":[{"embeddable":true,"href":"https:\/\/agora.xtec.cat\/iesmallafre\/wp-json\/wp\/v2\/comments?post=548"}],"version-history":[{"count":1,"href":"https:\/\/agora.xtec.cat\/iesmallafre\/wp-json\/wp\/v2\/posts\/548\/revisions"}],"predecessor-version":[{"id":554,"href":"https:\/\/agora.xtec.cat\/iesmallafre\/wp-json\/wp\/v2\/posts\/548\/revisions\/554"}],"wp:featuredmedia":[{"embeddable":true,"href":"https:\/\/agora.xtec.cat\/iesmallafre\/wp-json\/wp\/v2\/media\/553"}],"wp:attachment":[{"href":"https:\/\/agora.xtec.cat\/iesmallafre\/wp-json\/wp\/v2\/media?parent=548"}],"wp:term":[{"taxonomy":"category","embeddable":true,"href":"https:\/\/agora.xtec.cat\/iesmallafre\/wp-json\/wp\/v2\/categories?post=548"},{"taxonomy":"post_tag","embeddable":true,"href":"https:\/\/agora.xtec.cat\/iesmallafre\/wp-json\/wp\/v2\/tags?post=548"}],"curies":[{"name":"wp","href":"https:\/\/api.w.org\/{rel}","templated":true}]}}