{"id":464,"date":"2017-04-06T21:24:13","date_gmt":"2017-04-06T19:24:13","guid":{"rendered":"http:\/\/agora.xtec.cat\/iesmallafre\/?p=464"},"modified":"2017-04-06T21:38:19","modified_gmt":"2017-04-06T19:38:19","slug":"premis-sant-jordi-2017","status":"publish","type":"post","link":"https:\/\/agora.xtec.cat\/iesmallafre\/general\/premis-sant-jordi-2017\/","title":{"rendered":"Premis Sant Jordi 2017"},"content":{"rendered":"<p><a href=\"http:\/\/agora.xtec.cat\/iesmallafre\/wp-content\/uploads\/usu105\/2017\/04\/foto-premios-2017.jpg\"><img loading=\"lazy\" decoding=\"async\" class=\"aligncenter size-large wp-image-466\" src=\"http:\/\/agora.xtec.cat\/iesmallafre\/wp-content\/uploads\/usu105\/2017\/04\/foto-premios-2017-576x1024.jpg\" alt=\"foto premios 2017\" width=\"576\" height=\"1024\" srcset=\"https:\/\/agora.xtec.cat\/iesmallafre\/wp-content\/uploads\/usu105\/2017\/04\/foto-premios-2017-576x1024.jpg 576w, https:\/\/agora.xtec.cat\/iesmallafre\/wp-content\/uploads\/usu105\/2017\/04\/foto-premios-2017-169x300.jpg 169w, https:\/\/agora.xtec.cat\/iesmallafre\/wp-content\/uploads\/usu105\/2017\/04\/foto-premios-2017-768x1365.jpg 768w, https:\/\/agora.xtec.cat\/iesmallafre\/wp-content\/uploads\/usu105\/2017\/04\/foto-premios-2017.jpg 1080w\" sizes=\"auto, (max-width: 576px) 100vw, 576px\" \/><\/a><\/p>\n<p style=\"text-align: center;\"><strong>CONCURSOS DE NARRACI\u00d3, POES\u00cdA, CAN\u00c7ONS, IL\u00b7LUSTRACIONS i FOTOGRAFIA MATEM\u00c0TICA<\/strong><\/p>\n<p style=\"text-align: center;\">BASES:\u00a0<a href=\"https:\/\/agora.xtec.cat\/iesmallafre\/docs\/bases-dels-concursos-sant-jordi-2017\/\">https:\/\/agora.xtec.cat\/iesmallafre\/docs\/bases-dels-concursos-sant-jordi-2017\/<\/a><\/p>\n","protected":false},"excerpt":{"rendered":"<p><a href=\"http:\/\/agora.xtec.cat\/iesmallafre\/wp-content\/uploads\/usu105\/2017\/04\/foto-premios-2017.jpg\"><\/a><br \/>\nCONCURSOS DE NARRACI\u00d3, POES\u00cdA, CAN\u00c7ONS, IL\u00b7LUSTRACIONS i FOTOGRAFIA MATEM\u00c0TICA<br \/>\nBASES:\u00a0<a href=\"https:\/\/agora.xtec.cat\/iesmallafre\/docs\/bases-dels-concursos-sant-jordi-2017\/\">https:\/\/agora.xtec.cat\/iesmallafre\/docs\/bases-dels-concursos-sant-jordi-2017\/<\/a><\/p>\n","protected":false},"author":6,"featured_media":466,"comment_status":"open","ping_status":"open","sticky":false,"template":"","format":"standard","meta":{"_bbp_topic_count":0,"_bbp_reply_count":0,"_bbp_total_topic_count":0,"_bbp_total_reply_count":0,"_bbp_voice_count":0,"_bbp_anonymous_reply_count":0,"_bbp_topic_count_hidden":0,"_bbp_reply_count_hidden":0,"_bbp_forum_subforum_count":0,"footnotes":""},"categories":[61,1,29],"tags":[96,97,38],"class_list":["post-464","post","type-post","status-publish","format-standard","has-post-thumbnail","hentry","category-festes-trimestrals","category-general","category-portada","tag-96","tag-concursos","tag-sant-jordi"],"post_mailing_queue_ids":[],"_links":{"self":[{"href":"https:\/\/agora.xtec.cat\/iesmallafre\/wp-json\/wp\/v2\/posts\/464","targetHints":{"allow":["GET"]}}],"collection":[{"href":"https:\/\/agora.xtec.cat\/iesmallafre\/wp-json\/wp\/v2\/posts"}],"about":[{"href":"https:\/\/agora.xtec.cat\/iesmallafre\/wp-json\/wp\/v2\/types\/post"}],"author":[{"embeddable":true,"href":"https:\/\/agora.xtec.cat\/iesmallafre\/wp-json\/wp\/v2\/users\/6"}],"replies":[{"embeddable":true,"href":"https:\/\/agora.xtec.cat\/iesmallafre\/wp-json\/wp\/v2\/comments?post=464"}],"version-history":[{"count":3,"href":"https:\/\/agora.xtec.cat\/iesmallafre\/wp-json\/wp\/v2\/posts\/464\/revisions"}],"predecessor-version":[{"id":474,"href":"https:\/\/agora.xtec.cat\/iesmallafre\/wp-json\/wp\/v2\/posts\/464\/revisions\/474"}],"wp:featuredmedia":[{"embeddable":true,"href":"https:\/\/agora.xtec.cat\/iesmallafre\/wp-json\/wp\/v2\/media\/466"}],"wp:attachment":[{"href":"https:\/\/agora.xtec.cat\/iesmallafre\/wp-json\/wp\/v2\/media?parent=464"}],"wp:term":[{"taxonomy":"category","embeddable":true,"href":"https:\/\/agora.xtec.cat\/iesmallafre\/wp-json\/wp\/v2\/categories?post=464"},{"taxonomy":"post_tag","embeddable":true,"href":"https:\/\/agora.xtec.cat\/iesmallafre\/wp-json\/wp\/v2\/tags?post=464"}],"curies":[{"name":"wp","href":"https:\/\/api.w.org\/{rel}","templated":true}]}}