{"id":288,"date":"2016-02-06T20:34:56","date_gmt":"2016-02-06T19:34:56","guid":{"rendered":"http:\/\/agora.xtec.cat\/iesmallafre\/?p=288"},"modified":"2016-09-08T18:19:53","modified_gmt":"2016-09-08T17:19:53","slug":"programa-carnaval-2016","status":"publish","type":"post","link":"https:\/\/agora.xtec.cat\/iesmallafre\/eso\/programa-carnaval-2016\/","title":{"rendered":"PROGRAMA CARNAVAL 2016"},"content":{"rendered":"<p><a href=\"http:\/\/agora.xtec.cat\/iesmallafre\/wp-content\/uploads\/usu105\/2016\/02\/12688038_986829431384348_6354825698937103596_n.jpg\"><img loading=\"lazy\" decoding=\"async\" class=\"alignnone wp-image-289\" src=\"http:\/\/agora.xtec.cat\/iesmallafre\/wp-content\/uploads\/usu105\/2016\/02\/12688038_986829431384348_6354825698937103596_n.jpg\" alt=\"12688038_986829431384348_6354825698937103596_n\" width=\"514\" height=\"685\" srcset=\"https:\/\/agora.xtec.cat\/iesmallafre\/wp-content\/uploads\/usu105\/2016\/02\/12688038_986829431384348_6354825698937103596_n.jpg 720w, https:\/\/agora.xtec.cat\/iesmallafre\/wp-content\/uploads\/usu105\/2016\/02\/12688038_986829431384348_6354825698937103596_n-225x300.jpg 225w\" sizes=\"auto, (max-width: 514px) 100vw, 514px\" \/><\/a><\/p>\n<p>El divendres dia 5 de febrer a les 11:30 hores comen\u00e7ar\u00e0 la festa de carnestoltes al Mallafr\u00e8.<\/p>\n<p>\u2022 11:30 hores: batucada per comen\u00e7ar a portar a tota la gent cap al gimn\u00e0s.<span class=\"text_exposed_show\"><br \/>\n\u2022 11:50 hores: actuaci\u00f3 de les concubines de Sa Majestat i discurs.<br \/>\n\u2022 De 12 a 13 hores: concurs de disfresses.<br \/>\n(Tots els participants han d\u2019estar inscrits perqu\u00e8 la presentadora anir\u00e0 cridant un per un per realitzar una desfilada).<br \/>\nLa desfilada comen\u00e7ar\u00e0 pels alumnes de 1r ESO fins 2n BTX. Tancaran la desfilada els participants del sector profes i PAS.<\/span><\/p>\n<div class=\"text_exposed_show\">\n<p>La festa continuar\u00e0 al pati amb disco-m\u00f2bil fins a les 13: 30 hores.<\/p>\n<p>\u2022 13:30 hores: tothom cap a casa.<\/p>\n<p>GAUDIU DEL CARNAVAL!!!<\/p>\n<\/div>\n","protected":false},"excerpt":{"rendered":"<p>divendres dia 5 de febrer a les 11:30 hores comen\u00e7ar\u00e0 la festa de carnestoltes al Mallafr\u00e8.&hellip;  <a href=\"https:\/\/agora.xtec.cat\/iesmallafre\/eso\/programa-carnaval-2016\/\" title=\"Read PROGRAMA CARNAVAL 2016\">Llegeix m\u00e9s\u00bb<\/a><\/p>\n","protected":false},"author":1,"featured_media":289,"comment_status":"open","ping_status":"open","sticky":false,"template":"","format":"standard","meta":{"_bbp_topic_count":0,"_bbp_reply_count":0,"_bbp_total_topic_count":0,"_bbp_total_reply_count":0,"_bbp_voice_count":0,"_bbp_anonymous_reply_count":0,"_bbp_topic_count_hidden":0,"_bbp_reply_count_hidden":0,"_bbp_forum_subforum_count":0,"footnotes":""},"categories":[31,8,3,29],"tags":[59],"class_list":["post-288","post","type-post","status-publish","format-standard","has-post-thumbnail","hentry","category-ampa","category-batxillerat","category-eso","category-portada","tag-carnaval"],"post_mailing_queue_ids":[],"_links":{"self":[{"href":"https:\/\/agora.xtec.cat\/iesmallafre\/wp-json\/wp\/v2\/posts\/288","targetHints":{"allow":["GET"]}}],"collection":[{"href":"https:\/\/agora.xtec.cat\/iesmallafre\/wp-json\/wp\/v2\/posts"}],"about":[{"href":"https:\/\/agora.xtec.cat\/iesmallafre\/wp-json\/wp\/v2\/types\/post"}],"author":[{"embeddable":true,"href":"https:\/\/agora.xtec.cat\/iesmallafre\/wp-json\/wp\/v2\/users\/1"}],"replies":[{"embeddable":true,"href":"https:\/\/agora.xtec.cat\/iesmallafre\/wp-json\/wp\/v2\/comments?post=288"}],"version-history":[{"count":2,"href":"https:\/\/agora.xtec.cat\/iesmallafre\/wp-json\/wp\/v2\/posts\/288\/revisions"}],"predecessor-version":[{"id":291,"href":"https:\/\/agora.xtec.cat\/iesmallafre\/wp-json\/wp\/v2\/posts\/288\/revisions\/291"}],"wp:featuredmedia":[{"embeddable":true,"href":"https:\/\/agora.xtec.cat\/iesmallafre\/wp-json\/wp\/v2\/media\/289"}],"wp:attachment":[{"href":"https:\/\/agora.xtec.cat\/iesmallafre\/wp-json\/wp\/v2\/media?parent=288"}],"wp:term":[{"taxonomy":"category","embeddable":true,"href":"https:\/\/agora.xtec.cat\/iesmallafre\/wp-json\/wp\/v2\/categories?post=288"},{"taxonomy":"post_tag","embeddable":true,"href":"https:\/\/agora.xtec.cat\/iesmallafre\/wp-json\/wp\/v2\/tags?post=288"}],"curies":[{"name":"wp","href":"https:\/\/api.w.org\/{rel}","templated":true}]}}