{"id":26197,"date":"2026-04-16T12:06:37","date_gmt":"2026-04-16T10:06:37","guid":{"rendered":"https:\/\/agora.xtec.cat\/iesmallafre\/?p=26197"},"modified":"2026-04-16T12:06:37","modified_gmt":"2026-04-16T10:06:37","slug":"2n-deso-participa-en-la-tercera-sessio-del-menjallibres","status":"publish","type":"post","link":"https:\/\/agora.xtec.cat\/iesmallafre\/eso\/2n-deso-participa-en-la-tercera-sessio-del-menjallibres\/","title":{"rendered":"2n d\u2019ESO participa en la tercera sessi\u00f3 del Menjallibres"},"content":{"rendered":"<p>El passat dimecres 8 d&#8217;abril, l\u2019alumnat de 2n d\u2019ESO va participar en la tercera sessi\u00f3 del Menjallibres al Teatre Principal de Vilanova. La jornada va girar al voltant de la novel\u00b7la <em>Douglas Row<\/em>, de Gisela Pou, una proposta que combina intriga i emoci\u00f3 amb una mirada reflexiva.<\/p>\n<p>Al llarg de la hist\u00f2ria es tracten temes com l\u2019amistat, la identitat o la presa de decisions, aix\u00ed com les conseq\u00fc\u00e8ncies que aquestes poden tenir. El component de misteri mant\u00e9 l\u2019inter\u00e8s i convida el lector a anar descobrint progressivament els secrets que s\u2019hi amaguen.<\/p>\n<p>La trobada amb l\u2019autora va permetre con\u00e8ixer de primera m\u00e0 el proc\u00e9s de creaci\u00f3 de l\u2019obra i aprofundir en alguns dels seus aspectes, fet que va enriquir encara m\u00e9s l\u2019experi\u00e8ncia lectora de l\u2019alumnat.<\/p>\n<p><a href=\"https:\/\/agora.xtec.cat\/iesmallafre\/wp-content\/uploads\/usu105\/2026\/04\/FOTOS-EXCURSIO-e1776333855937.jpg\"><img loading=\"lazy\" decoding=\"async\" class=\"wp-image-26198 aligncenter\" src=\"https:\/\/agora.xtec.cat\/iesmallafre\/wp-content\/uploads\/usu105\/2026\/04\/FOTOS-EXCURSIO-e1776333855937.jpg\" alt=\"\" width=\"593\" height=\"261\" srcset=\"https:\/\/agora.xtec.cat\/iesmallafre\/wp-content\/uploads\/usu105\/2026\/04\/FOTOS-EXCURSIO-e1776333855937.jpg 2048w, https:\/\/agora.xtec.cat\/iesmallafre\/wp-content\/uploads\/usu105\/2026\/04\/FOTOS-EXCURSIO-e1776333855937-300x132.jpg 300w, https:\/\/agora.xtec.cat\/iesmallafre\/wp-content\/uploads\/usu105\/2026\/04\/FOTOS-EXCURSIO-e1776333855937-1024x450.jpg 1024w, https:\/\/agora.xtec.cat\/iesmallafre\/wp-content\/uploads\/usu105\/2026\/04\/FOTOS-EXCURSIO-e1776333855937-768x338.jpg 768w, https:\/\/agora.xtec.cat\/iesmallafre\/wp-content\/uploads\/usu105\/2026\/04\/FOTOS-EXCURSIO-e1776333855937-1536x675.jpg 1536w\" sizes=\"auto, (max-width: 593px) 100vw, 593px\" \/><\/a><\/p>\n<p><a href=\"https:\/\/agora.xtec.cat\/iesmallafre\/wp-content\/uploads\/usu105\/2026\/04\/premi.menjallibres.banner.jpg\"><img loading=\"lazy\" decoding=\"async\" class=\"wp-image-26199 aligncenter\" src=\"https:\/\/agora.xtec.cat\/iesmallafre\/wp-content\/uploads\/usu105\/2026\/04\/premi.menjallibres.banner.jpg\" alt=\"\" width=\"608\" height=\"158\" srcset=\"https:\/\/agora.xtec.cat\/iesmallafre\/wp-content\/uploads\/usu105\/2026\/04\/premi.menjallibres.banner.jpg 772w, https:\/\/agora.xtec.cat\/iesmallafre\/wp-content\/uploads\/usu105\/2026\/04\/premi.menjallibres.banner-300x78.jpg 300w, https:\/\/agora.xtec.cat\/iesmallafre\/wp-content\/uploads\/usu105\/2026\/04\/premi.menjallibres.banner-768x199.jpg 768w\" sizes=\"auto, (max-width: 608px) 100vw, 608px\" \/><\/a><\/p>\n","protected":false},"excerpt":{"rendered":"<p>El passat dimecres 8 d&#8217;abril, l\u2019alumnat de 2n d\u2019ESO va participar en la tercera sessi\u00f3 del Menjallibres al Teatre Principal de Vilanova. La jornada va girar al voltant de la novel\u00b7la Douglas Row, de Gisela Pou, una proposta que combina intriga i emoci\u00f3 amb una&hellip;  <a href=\"https:\/\/agora.xtec.cat\/iesmallafre\/eso\/2n-deso-participa-en-la-tercera-sessio-del-menjallibres\/\" title=\"Read 2n d\u2019ESO participa en la tercera sessi\u00f3 del Menjallibres\">Llegeix m\u00e9s\u00bb<\/a><\/p>\n","protected":false},"author":16,"featured_media":26198,"comment_status":"closed","ping_status":"open","sticky":false,"template":"","format":"standard","meta":{"_bbp_topic_count":0,"_bbp_reply_count":0,"_bbp_total_topic_count":0,"_bbp_total_reply_count":0,"_bbp_voice_count":0,"_bbp_anonymous_reply_count":0,"_bbp_topic_count_hidden":0,"_bbp_reply_count_hidden":0,"_bbp_forum_subforum_count":0,"footnotes":""},"categories":[3,5,29],"tags":[],"class_list":["post-26197","post","type-post","status-publish","format-standard","has-post-thumbnail","hentry","category-eso","category-eso-2","category-portada"],"post_mailing_queue_ids":[],"_links":{"self":[{"href":"https:\/\/agora.xtec.cat\/iesmallafre\/wp-json\/wp\/v2\/posts\/26197","targetHints":{"allow":["GET"]}}],"collection":[{"href":"https:\/\/agora.xtec.cat\/iesmallafre\/wp-json\/wp\/v2\/posts"}],"about":[{"href":"https:\/\/agora.xtec.cat\/iesmallafre\/wp-json\/wp\/v2\/types\/post"}],"author":[{"embeddable":true,"href":"https:\/\/agora.xtec.cat\/iesmallafre\/wp-json\/wp\/v2\/users\/16"}],"replies":[{"embeddable":true,"href":"https:\/\/agora.xtec.cat\/iesmallafre\/wp-json\/wp\/v2\/comments?post=26197"}],"version-history":[{"count":2,"href":"https:\/\/agora.xtec.cat\/iesmallafre\/wp-json\/wp\/v2\/posts\/26197\/revisions"}],"predecessor-version":[{"id":26201,"href":"https:\/\/agora.xtec.cat\/iesmallafre\/wp-json\/wp\/v2\/posts\/26197\/revisions\/26201"}],"wp:featuredmedia":[{"embeddable":true,"href":"https:\/\/agora.xtec.cat\/iesmallafre\/wp-json\/wp\/v2\/media\/26198"}],"wp:attachment":[{"href":"https:\/\/agora.xtec.cat\/iesmallafre\/wp-json\/wp\/v2\/media?parent=26197"}],"wp:term":[{"taxonomy":"category","embeddable":true,"href":"https:\/\/agora.xtec.cat\/iesmallafre\/wp-json\/wp\/v2\/categories?post=26197"},{"taxonomy":"post_tag","embeddable":true,"href":"https:\/\/agora.xtec.cat\/iesmallafre\/wp-json\/wp\/v2\/tags?post=26197"}],"curies":[{"name":"wp","href":"https:\/\/api.w.org\/{rel}","templated":true}]}}