{"id":26184,"date":"2026-04-15T11:35:45","date_gmt":"2026-04-15T09:35:45","guid":{"rendered":"https:\/\/agora.xtec.cat\/iesmallafre\/?p=26184"},"modified":"2026-04-15T11:35:45","modified_gmt":"2026-04-15T09:35:45","slug":"concurs-de-fotografia-matematica-2","status":"publish","type":"post","link":"https:\/\/agora.xtec.cat\/iesmallafre\/general\/concurs-de-fotografia-matematica-2\/","title":{"rendered":"Concurs de Fotografia Matem\u00e0tica"},"content":{"rendered":"<p>Un any m\u00e9s, el nostre institut organitza el Concurs de Fotografia Matem\u00e0tica, una proposta que convida a mirar el m\u00f3n amb ulls matem\u00e0tics i a descobrir la seva bellesa a trav\u00e9s de la fotografia.<\/p>\n<p>La fotografia matem\u00e0tica permet capturar conceptes com la simetria, les proporcions, les formes geom\u00e8triques o els patrons presents en la natura, l\u2019arquitectura i el nostre entorn quotidi\u00e0. L\u2019objectiu del concurs \u00e9s fer visible aquesta pres\u00e8ncia de les matem\u00e0tiques en el dia a dia i fomentar una mirada m\u00e9s creativa i art\u00edstica de la disciplina.<\/p>\n<p>El concurs compta amb diverses categories: ESO12 (1r i 2n d\u2019ESO), ESO34 (3r i 4t d\u2019ESO), BAT (Batxillerat) i PROFPAS (professorat i PAS).<\/p>\n<p>Les fotografies finalistes es presentaran al concurs Fotomat de l\u2019ABEAM, que aplega participants d\u2019arreu de Catalunya.<\/p>\n<p>Animeu-vos a participar i a descobrir les matem\u00e0tiques que s\u2019amaguen en tot all\u00f2 que ens envolta!<\/p>\n<p><a href=\"https:\/\/agora.xtec.cat\/iesmallafre\/wp-content\/uploads\/usu105\/2026\/04\/Cartell-2026_2.jpg\"><img loading=\"lazy\" decoding=\"async\" class=\"wp-image-26192 aligncenter\" src=\"https:\/\/agora.xtec.cat\/iesmallafre\/wp-content\/uploads\/usu105\/2026\/04\/Cartell-2026_2.jpg\" alt=\"\" width=\"526\" height=\"296\" srcset=\"https:\/\/agora.xtec.cat\/iesmallafre\/wp-content\/uploads\/usu105\/2026\/04\/Cartell-2026_2.jpg 1000w, https:\/\/agora.xtec.cat\/iesmallafre\/wp-content\/uploads\/usu105\/2026\/04\/Cartell-2026_2-300x169.jpg 300w, https:\/\/agora.xtec.cat\/iesmallafre\/wp-content\/uploads\/usu105\/2026\/04\/Cartell-2026_2-768x432.jpg 768w\" sizes=\"auto, (max-width: 526px) 100vw, 526px\" \/><\/a><\/p>\n<p><a href=\"https:\/\/agora.xtec.cat\/iesmallafre\/wp-content\/uploads\/usu105\/2026\/04\/Instruccions-26.docx.pdf\" target=\"_blank\" rel=\"noopener\">Bases del 10\u00e8 Concurs de Fotografia Matem\u00e0tica<\/a><\/p>\n","protected":false},"excerpt":{"rendered":"<p>Un any m\u00e9s, el nostre institut organitza el Concurs de Fotografia Matem\u00e0tica, una proposta que convida a mirar el m\u00f3n amb ulls matem\u00e0tics i a descobrir la seva bellesa a trav\u00e9s de la fotografia.<br \/>\nLa fotografia matem\u00e0tica permet capturar conceptes com la simetria, les proporcions, les&hellip;  <a href=\"https:\/\/agora.xtec.cat\/iesmallafre\/general\/concurs-de-fotografia-matematica-2\/\" title=\"Read Concurs de Fotografia Matem\u00e0tica\">Llegeix m\u00e9s\u00bb<\/a><\/p>\n","protected":false},"author":16,"featured_media":26191,"comment_status":"closed","ping_status":"open","sticky":false,"template":"","format":"standard","meta":{"_bbp_topic_count":0,"_bbp_reply_count":0,"_bbp_total_topic_count":0,"_bbp_total_reply_count":0,"_bbp_voice_count":0,"_bbp_anonymous_reply_count":0,"_bbp_topic_count_hidden":0,"_bbp_reply_count_hidden":0,"_bbp_forum_subforum_count":0,"footnotes":""},"categories":[1,29,312],"tags":[],"class_list":["post-26184","post","type-post","status-publish","format-standard","has-post-thumbnail","hentry","category-general","category-portada","category-florence-sim"],"post_mailing_queue_ids":[],"_links":{"self":[{"href":"https:\/\/agora.xtec.cat\/iesmallafre\/wp-json\/wp\/v2\/posts\/26184","targetHints":{"allow":["GET"]}}],"collection":[{"href":"https:\/\/agora.xtec.cat\/iesmallafre\/wp-json\/wp\/v2\/posts"}],"about":[{"href":"https:\/\/agora.xtec.cat\/iesmallafre\/wp-json\/wp\/v2\/types\/post"}],"author":[{"embeddable":true,"href":"https:\/\/agora.xtec.cat\/iesmallafre\/wp-json\/wp\/v2\/users\/16"}],"replies":[{"embeddable":true,"href":"https:\/\/agora.xtec.cat\/iesmallafre\/wp-json\/wp\/v2\/comments?post=26184"}],"version-history":[{"count":3,"href":"https:\/\/agora.xtec.cat\/iesmallafre\/wp-json\/wp\/v2\/posts\/26184\/revisions"}],"predecessor-version":[{"id":26193,"href":"https:\/\/agora.xtec.cat\/iesmallafre\/wp-json\/wp\/v2\/posts\/26184\/revisions\/26193"}],"wp:featuredmedia":[{"embeddable":true,"href":"https:\/\/agora.xtec.cat\/iesmallafre\/wp-json\/wp\/v2\/media\/26191"}],"wp:attachment":[{"href":"https:\/\/agora.xtec.cat\/iesmallafre\/wp-json\/wp\/v2\/media?parent=26184"}],"wp:term":[{"taxonomy":"category","embeddable":true,"href":"https:\/\/agora.xtec.cat\/iesmallafre\/wp-json\/wp\/v2\/categories?post=26184"},{"taxonomy":"post_tag","embeddable":true,"href":"https:\/\/agora.xtec.cat\/iesmallafre\/wp-json\/wp\/v2\/tags?post=26184"}],"curies":[{"name":"wp","href":"https:\/\/api.w.org\/{rel}","templated":true}]}}