{"id":26144,"date":"2026-04-09T12:08:29","date_gmt":"2026-04-09T10:08:29","guid":{"rendered":"https:\/\/agora.xtec.cat\/iesmallafre\/?p=26144"},"modified":"2026-04-16T12:14:27","modified_gmt":"2026-04-16T10:14:27","slug":"viatge-al-camp-de-concentracio-de-buchenwald","status":"publish","type":"post","link":"https:\/\/agora.xtec.cat\/iesmallafre\/portada\/viatge-al-camp-de-concentracio-de-buchenwald\/","title":{"rendered":"Viatge al camp de concentraci\u00f3 de Buchenwald"},"content":{"rendered":"<div>\n<p>L\u2019Institut Dolors Mallafr\u00e8 participa al viatge commemoratiu al camp de concentraci\u00f3 de Buchenwald i a la ciutat de Weimar.<\/p>\n<\/div>\n<div>\n<p>Els objectius generals d\u2019aquest projecte consisteixen a portar un grup de joves a Weimar i Buchenwald per assistir i participar en els actes internacionals. Reunir un grup de joves espanyols que es puguin unir a altres joves de diferents pa\u00efsos, per manifestar el seu comprom\u00eds amb la lluita per la mem\u00f2ria, contra el feixisme i amb el jurament de Buchenwald. Un acte de comprom\u00eds de la joventut del m\u00f3n amb els valors.<\/p>\n<p>El nostre alumnat est\u00e0 fent el viatge amb\u00a0 altres joves de diferents centres d\u2019Espanya, com ara, l&#8217;INS Llu\u00eds Simarro (X\u00e0tiva, Val\u00e8ncia), l&#8217;IES Ben al Jatib (Rinc\u00f3n de la Victoria \u2013 M\u00e0laga), l&#8217;IES Juan de la Cierva (Madrid) o l&#8217;IES Aguas Vivas (Guadalajara &#8211; Castella-la Manxa).<\/p>\n<p>Un dels principals objectius en visitar el camp de concentraci\u00f3 de Buchenwald i el subcamp de Dora \u00e9s preservar la mem\u00f2ria hist\u00f2rica. \u00c9s essencial que les generacions actuals i futures comprenguin i recordin els horrors de l&#8217;Holocaust per honorar les v\u00edctimes i evitar que aquestes atrocitats es repeteixin. La visita ajuda a fomentar el respecte per la dignitat humana i la diversitat cultural, recordant la import\u00e0ncia de la toler\u00e0ncia i el respecte mutu.<\/p>\n<\/div>\n<p><a href=\"https:\/\/agora.xtec.cat\/iesmallafre\/wp-content\/uploads\/usu105\/2026\/04\/1000115875-e1776334315959.jpg\"><img loading=\"lazy\" decoding=\"async\" class=\"wp-image-26204 aligncenter\" src=\"https:\/\/agora.xtec.cat\/iesmallafre\/wp-content\/uploads\/usu105\/2026\/04\/1000115875-e1776334315959.jpg\" alt=\"\" width=\"591\" height=\"340\" srcset=\"https:\/\/agora.xtec.cat\/iesmallafre\/wp-content\/uploads\/usu105\/2026\/04\/1000115875-e1776334315959.jpg 1142w, https:\/\/agora.xtec.cat\/iesmallafre\/wp-content\/uploads\/usu105\/2026\/04\/1000115875-e1776334315959-300x172.jpg 300w, https:\/\/agora.xtec.cat\/iesmallafre\/wp-content\/uploads\/usu105\/2026\/04\/1000115875-e1776334315959-1024x588.jpg 1024w, https:\/\/agora.xtec.cat\/iesmallafre\/wp-content\/uploads\/usu105\/2026\/04\/1000115875-e1776334315959-768x441.jpg 768w\" sizes=\"auto, (max-width: 591px) 100vw, 591px\" \/><\/a><\/p>\n<p>&nbsp;<\/p>\n<p>&nbsp;<\/p>\n<p><a href=\"https:\/\/agora.xtec.cat\/iesmallafre\/wp-content\/uploads\/usu105\/2026\/04\/1000115873-e1776334278541.jpg\"><img loading=\"lazy\" decoding=\"async\" class=\"wp-image-26202 aligncenter\" src=\"https:\/\/agora.xtec.cat\/iesmallafre\/wp-content\/uploads\/usu105\/2026\/04\/1000115873-e1776334278541.jpg\" alt=\"\" width=\"578\" height=\"472\" srcset=\"https:\/\/agora.xtec.cat\/iesmallafre\/wp-content\/uploads\/usu105\/2026\/04\/1000115873-e1776334278541.jpg 1142w, https:\/\/agora.xtec.cat\/iesmallafre\/wp-content\/uploads\/usu105\/2026\/04\/1000115873-e1776334278541-300x245.jpg 300w, https:\/\/agora.xtec.cat\/iesmallafre\/wp-content\/uploads\/usu105\/2026\/04\/1000115873-e1776334278541-1024x836.jpg 1024w, https:\/\/agora.xtec.cat\/iesmallafre\/wp-content\/uploads\/usu105\/2026\/04\/1000115873-e1776334278541-768x627.jpg 768w\" sizes=\"auto, (max-width: 578px) 100vw, 578px\" \/><\/a><\/p>\n<p><a href=\"https:\/\/agora.xtec.cat\/iesmallafre\/wp-content\/uploads\/usu105\/2026\/04\/1000115871-e1776334297511.jpg\"><img loading=\"lazy\" decoding=\"async\" class=\"wp-image-26203 aligncenter\" src=\"https:\/\/agora.xtec.cat\/iesmallafre\/wp-content\/uploads\/usu105\/2026\/04\/1000115871-e1776334297511.jpg\" alt=\"\" width=\"635\" height=\"501\" srcset=\"https:\/\/agora.xtec.cat\/iesmallafre\/wp-content\/uploads\/usu105\/2026\/04\/1000115871-e1776334297511.jpg 1142w, https:\/\/agora.xtec.cat\/iesmallafre\/wp-content\/uploads\/usu105\/2026\/04\/1000115871-e1776334297511-300x236.jpg 300w, https:\/\/agora.xtec.cat\/iesmallafre\/wp-content\/uploads\/usu105\/2026\/04\/1000115871-e1776334297511-1024x807.jpg 1024w, https:\/\/agora.xtec.cat\/iesmallafre\/wp-content\/uploads\/usu105\/2026\/04\/1000115871-e1776334297511-768x605.jpg 768w\" sizes=\"auto, (max-width: 635px) 100vw, 635px\" \/><\/a><\/p>\n<p>&nbsp;<\/p>\n<p><a href=\"https:\/\/agora.xtec.cat\/iesmallafre\/wp-content\/uploads\/usu105\/2026\/04\/1000115869-e1776334336288.jpg\"><img loading=\"lazy\" decoding=\"async\" class=\"wp-image-26205 aligncenter\" src=\"https:\/\/agora.xtec.cat\/iesmallafre\/wp-content\/uploads\/usu105\/2026\/04\/1000115869-e1776334336288.jpg\" alt=\"\" width=\"541\" height=\"668\" srcset=\"https:\/\/agora.xtec.cat\/iesmallafre\/wp-content\/uploads\/usu105\/2026\/04\/1000115869-e1776334336288.jpg 1142w, https:\/\/agora.xtec.cat\/iesmallafre\/wp-content\/uploads\/usu105\/2026\/04\/1000115869-e1776334336288-243x300.jpg 243w, https:\/\/agora.xtec.cat\/iesmallafre\/wp-content\/uploads\/usu105\/2026\/04\/1000115869-e1776334336288-831x1024.jpg 831w, https:\/\/agora.xtec.cat\/iesmallafre\/wp-content\/uploads\/usu105\/2026\/04\/1000115869-e1776334336288-768x947.jpg 768w\" sizes=\"auto, (max-width: 541px) 100vw, 541px\" \/><\/a><\/p>\n<p><a href=\"https:\/\/agora.xtec.cat\/iesmallafre\/wp-content\/uploads\/usu105\/2026\/04\/1000115568-e1775730012700.jpg\"><img loading=\"lazy\" decoding=\"async\" class=\"wp-image-26161 aligncenter\" src=\"https:\/\/agora.xtec.cat\/iesmallafre\/wp-content\/uploads\/usu105\/2026\/04\/1000115568-e1775730012700.jpg\" alt=\"\" width=\"635\" height=\"525\" srcset=\"https:\/\/agora.xtec.cat\/iesmallafre\/wp-content\/uploads\/usu105\/2026\/04\/1000115568-e1775730012700.jpg 1150w, https:\/\/agora.xtec.cat\/iesmallafre\/wp-content\/uploads\/usu105\/2026\/04\/1000115568-e1775730012700-300x248.jpg 300w, https:\/\/agora.xtec.cat\/iesmallafre\/wp-content\/uploads\/usu105\/2026\/04\/1000115568-e1775730012700-1024x846.jpg 1024w, https:\/\/agora.xtec.cat\/iesmallafre\/wp-content\/uploads\/usu105\/2026\/04\/1000115568-e1775730012700-768x634.jpg 768w\" sizes=\"auto, (max-width: 635px) 100vw, 635px\" \/><\/a><\/p>\n<p><a href=\"https:\/\/agora.xtec.cat\/iesmallafre\/wp-content\/uploads\/usu105\/2026\/04\/1000114948.jpg\"><img loading=\"lazy\" decoding=\"async\" class=\"wp-image-26143 aligncenter\" src=\"https:\/\/agora.xtec.cat\/iesmallafre\/wp-content\/uploads\/usu105\/2026\/04\/1000114948.jpg\" alt=\"\" width=\"551\" height=\"363\" srcset=\"https:\/\/agora.xtec.cat\/iesmallafre\/wp-content\/uploads\/usu105\/2026\/04\/1000114948.jpg 995w, https:\/\/agora.xtec.cat\/iesmallafre\/wp-content\/uploads\/usu105\/2026\/04\/1000114948-300x198.jpg 300w, https:\/\/agora.xtec.cat\/iesmallafre\/wp-content\/uploads\/usu105\/2026\/04\/1000114948-768x506.jpg 768w\" sizes=\"auto, (max-width: 551px) 100vw, 551px\" \/><\/a><\/p>\n<p>&nbsp;<\/p>\n","protected":false},"excerpt":{"rendered":"<p>L\u2019Institut Dolors Mallafr\u00e8 participa al viatge commemoratiu al camp de concentraci\u00f3 de Buchenwald i a la ciutat de Weimar.<\/p>\n<p>Els objectius generals d\u2019aquest projecte consisteixen a portar un grup de joves a Weimar i Buchenwald per assistir i participar en els actes internacionals. Reunir un grup&hellip;  <a href=\"https:\/\/agora.xtec.cat\/iesmallafre\/portada\/viatge-al-camp-de-concentracio-de-buchenwald\/\" title=\"Read Viatge al camp de concentraci\u00f3 de Buchenwald\">Llegeix m\u00e9s\u00bb<\/a><\/p>\n","protected":false},"author":16,"featured_media":26202,"comment_status":"closed","ping_status":"open","sticky":false,"template":"","format":"standard","meta":{"_bbp_topic_count":0,"_bbp_reply_count":0,"_bbp_total_topic_count":0,"_bbp_total_reply_count":0,"_bbp_voice_count":0,"_bbp_anonymous_reply_count":0,"_bbp_topic_count_hidden":0,"_bbp_reply_count_hidden":0,"_bbp_forum_subforum_count":0,"footnotes":""},"categories":[29],"tags":[],"class_list":["post-26144","post","type-post","status-publish","format-standard","has-post-thumbnail","hentry","category-portada"],"post_mailing_queue_ids":[],"_links":{"self":[{"href":"https:\/\/agora.xtec.cat\/iesmallafre\/wp-json\/wp\/v2\/posts\/26144","targetHints":{"allow":["GET"]}}],"collection":[{"href":"https:\/\/agora.xtec.cat\/iesmallafre\/wp-json\/wp\/v2\/posts"}],"about":[{"href":"https:\/\/agora.xtec.cat\/iesmallafre\/wp-json\/wp\/v2\/types\/post"}],"author":[{"embeddable":true,"href":"https:\/\/agora.xtec.cat\/iesmallafre\/wp-json\/wp\/v2\/users\/16"}],"replies":[{"embeddable":true,"href":"https:\/\/agora.xtec.cat\/iesmallafre\/wp-json\/wp\/v2\/comments?post=26144"}],"version-history":[{"count":5,"href":"https:\/\/agora.xtec.cat\/iesmallafre\/wp-json\/wp\/v2\/posts\/26144\/revisions"}],"predecessor-version":[{"id":26207,"href":"https:\/\/agora.xtec.cat\/iesmallafre\/wp-json\/wp\/v2\/posts\/26144\/revisions\/26207"}],"wp:featuredmedia":[{"embeddable":true,"href":"https:\/\/agora.xtec.cat\/iesmallafre\/wp-json\/wp\/v2\/media\/26202"}],"wp:attachment":[{"href":"https:\/\/agora.xtec.cat\/iesmallafre\/wp-json\/wp\/v2\/media?parent=26144"}],"wp:term":[{"taxonomy":"category","embeddable":true,"href":"https:\/\/agora.xtec.cat\/iesmallafre\/wp-json\/wp\/v2\/categories?post=26144"},{"taxonomy":"post_tag","embeddable":true,"href":"https:\/\/agora.xtec.cat\/iesmallafre\/wp-json\/wp\/v2\/tags?post=26144"}],"curies":[{"name":"wp","href":"https:\/\/api.w.org\/{rel}","templated":true}]}}