{"id":26136,"date":"2026-04-09T12:01:51","date_gmt":"2026-04-09T10:01:51","guid":{"rendered":"https:\/\/agora.xtec.cat\/iesmallafre\/?p=26136"},"modified":"2026-04-09T12:04:57","modified_gmt":"2026-04-09T10:04:57","slug":"lalumnat-de-2n-deso-participa-al-menjallibres","status":"publish","type":"post","link":"https:\/\/agora.xtec.cat\/iesmallafre\/eso\/lalumnat-de-2n-deso-participa-al-menjallibres\/","title":{"rendered":"L&#8217;alumnat de 2n d&#8217;ESO participa al Menjallibres"},"content":{"rendered":"<p>El programa Menjallibres ha portat l\u2019alumnat de 2n d\u2019ESO al Teatre Principal per gaudir de la proposta \u201cDouglas Row\u201d amb l\u2019autora Gisela Pou.<\/p>\n<p>Aquesta activitat t\u00e9 com a objectiu fomentar el gust per la lectura d\u2019una manera din\u00e0mica i participativa, a trav\u00e9s de la compartici\u00f3 de lectures, l\u2019intercanvi d\u2019opinions i la participaci\u00f3 en trobades i sessions al llarg del curs.<\/p>\n<div dir=\"auto\"><\/div>\n<div dir=\"auto\"><\/div>\n<p><a href=\"https:\/\/agora.xtec.cat\/iesmallafre\/wp-content\/uploads\/usu105\/2026\/04\/1000115302.jpg\"><img loading=\"lazy\" decoding=\"async\" class=\"wp-image-26137 aligncenter\" src=\"https:\/\/agora.xtec.cat\/iesmallafre\/wp-content\/uploads\/usu105\/2026\/04\/1000115302.jpg\" alt=\"\" width=\"539\" height=\"405\" srcset=\"https:\/\/agora.xtec.cat\/iesmallafre\/wp-content\/uploads\/usu105\/2026\/04\/1000115302.jpg 1600w, https:\/\/agora.xtec.cat\/iesmallafre\/wp-content\/uploads\/usu105\/2026\/04\/1000115302-300x225.jpg 300w, https:\/\/agora.xtec.cat\/iesmallafre\/wp-content\/uploads\/usu105\/2026\/04\/1000115302-1024x768.jpg 1024w, https:\/\/agora.xtec.cat\/iesmallafre\/wp-content\/uploads\/usu105\/2026\/04\/1000115302-768x576.jpg 768w, https:\/\/agora.xtec.cat\/iesmallafre\/wp-content\/uploads\/usu105\/2026\/04\/1000115302-1536x1152.jpg 1536w, https:\/\/agora.xtec.cat\/iesmallafre\/wp-content\/uploads\/usu105\/2026\/04\/1000115302-200x150.jpg 200w\" sizes=\"auto, (max-width: 539px) 100vw, 539px\" \/><\/a><\/p>\n<p><a href=\"https:\/\/agora.xtec.cat\/iesmallafre\/wp-content\/uploads\/usu105\/2026\/04\/1000115305-e1775728884936.jpg\"><img loading=\"lazy\" decoding=\"async\" class=\"wp-image-26138 aligncenter\" src=\"https:\/\/agora.xtec.cat\/iesmallafre\/wp-content\/uploads\/usu105\/2026\/04\/1000115305-e1775728884936.jpg\" alt=\"\" width=\"512\" height=\"794\" srcset=\"https:\/\/agora.xtec.cat\/iesmallafre\/wp-content\/uploads\/usu105\/2026\/04\/1000115305-e1775728884936.jpg 910w, https:\/\/agora.xtec.cat\/iesmallafre\/wp-content\/uploads\/usu105\/2026\/04\/1000115305-e1775728884936-194x300.jpg 194w, https:\/\/agora.xtec.cat\/iesmallafre\/wp-content\/uploads\/usu105\/2026\/04\/1000115305-e1775728884936-661x1024.jpg 661w, https:\/\/agora.xtec.cat\/iesmallafre\/wp-content\/uploads\/usu105\/2026\/04\/1000115305-e1775728884936-768x1190.jpg 768w\" sizes=\"auto, (max-width: 512px) 100vw, 512px\" \/><\/a><\/p>\n","protected":false},"excerpt":{"rendered":"<p>El programa Menjallibres ha portat l\u2019alumnat de 2n d\u2019ESO al Teatre Principal per gaudir de la proposta \u201cDouglas Row\u201d amb l\u2019autora Gisela Pou.<br \/>\nAquesta activitat t\u00e9 com a objectiu fomentar el gust per la lectura d\u2019una manera din\u00e0mica i participativa, a trav\u00e9s de la compartici\u00f3 de&hellip;  <a href=\"https:\/\/agora.xtec.cat\/iesmallafre\/eso\/lalumnat-de-2n-deso-participa-al-menjallibres\/\" title=\"Read L&#8217;alumnat de 2n d&#8217;ESO participa al Menjallibres\">Llegeix m\u00e9s\u00bb<\/a><\/p>\n","protected":false},"author":16,"featured_media":26137,"comment_status":"closed","ping_status":"open","sticky":false,"template":"","format":"standard","meta":{"_bbp_topic_count":0,"_bbp_reply_count":0,"_bbp_total_topic_count":0,"_bbp_total_reply_count":0,"_bbp_voice_count":0,"_bbp_anonymous_reply_count":0,"_bbp_topic_count_hidden":0,"_bbp_reply_count_hidden":0,"_bbp_forum_subforum_count":0,"footnotes":""},"categories":[3,5,29],"tags":[],"class_list":["post-26136","post","type-post","status-publish","format-standard","has-post-thumbnail","hentry","category-eso","category-eso-2","category-portada"],"post_mailing_queue_ids":[],"_links":{"self":[{"href":"https:\/\/agora.xtec.cat\/iesmallafre\/wp-json\/wp\/v2\/posts\/26136","targetHints":{"allow":["GET"]}}],"collection":[{"href":"https:\/\/agora.xtec.cat\/iesmallafre\/wp-json\/wp\/v2\/posts"}],"about":[{"href":"https:\/\/agora.xtec.cat\/iesmallafre\/wp-json\/wp\/v2\/types\/post"}],"author":[{"embeddable":true,"href":"https:\/\/agora.xtec.cat\/iesmallafre\/wp-json\/wp\/v2\/users\/16"}],"replies":[{"embeddable":true,"href":"https:\/\/agora.xtec.cat\/iesmallafre\/wp-json\/wp\/v2\/comments?post=26136"}],"version-history":[{"count":3,"href":"https:\/\/agora.xtec.cat\/iesmallafre\/wp-json\/wp\/v2\/posts\/26136\/revisions"}],"predecessor-version":[{"id":26142,"href":"https:\/\/agora.xtec.cat\/iesmallafre\/wp-json\/wp\/v2\/posts\/26136\/revisions\/26142"}],"wp:featuredmedia":[{"embeddable":true,"href":"https:\/\/agora.xtec.cat\/iesmallafre\/wp-json\/wp\/v2\/media\/26137"}],"wp:attachment":[{"href":"https:\/\/agora.xtec.cat\/iesmallafre\/wp-json\/wp\/v2\/media?parent=26136"}],"wp:term":[{"taxonomy":"category","embeddable":true,"href":"https:\/\/agora.xtec.cat\/iesmallafre\/wp-json\/wp\/v2\/categories?post=26136"},{"taxonomy":"post_tag","embeddable":true,"href":"https:\/\/agora.xtec.cat\/iesmallafre\/wp-json\/wp\/v2\/tags?post=26136"}],"curies":[{"name":"wp","href":"https:\/\/api.w.org\/{rel}","templated":true}]}}