{"id":25977,"date":"2026-03-09T08:35:23","date_gmt":"2026-03-09T07:35:23","guid":{"rendered":"https:\/\/agora.xtec.cat\/iesmallafre\/?p=25977"},"modified":"2026-03-09T08:35:23","modified_gmt":"2026-03-09T07:35:23","slug":"dia-internacional-de-les-dones","status":"publish","type":"post","link":"https:\/\/agora.xtec.cat\/iesmallafre\/portada\/dia-internacional-de-les-dones\/","title":{"rendered":"DIA INTERNACIONAL DE LES DONES:"},"content":{"rendered":"<p>Avui dilluns 9 de mar\u00e7, continuem amb l&#8217;homenatge a les dones, i en especial la Dolors Mallafr\u00e8 i Ros, en el 125\u00e8 aniversari del seu naixement.<\/p>\n<p>En el Dia Internacional de les Dones, volem recon\u00e8ixer la for\u00e7a, la determinaci\u00f3 i la capacitat de transformaci\u00f3 de totes les dones que, amb la seva pres\u00e8ncia i el seu cam\u00ed, han contribu\u00eft a fer avan\u00e7ar la societat.<\/p>\n<p>En aquest 8M tamb\u00e9 volem recordar i homenatjar les dones docents, referents que han obert portes i han inspirat generacions. Entre elles, la Dolors Mallafr\u00e8 i Ros, que dona nom al nostre institut i continua essent un exemple de comprom\u00eds i visi\u00f3 educativa. Avui, l&#8217;alumnat del centre tindr\u00e0 far\u00e0 un breu recorregut hist\u00f2ric de la import\u00e0ncia de continuar treballant aquests valors.<\/p>\n<p>8M \u00b7 Educant per la igualtat i la llibertat<\/p>\n<p>&nbsp;<\/p>\n<p><a href=\"https:\/\/agora.xtec.cat\/iesmallafre\/wp-content\/uploads\/usu105\/2026\/03\/DOLORS-MALLAFRE.-PROPOSTA.jpg\"><img loading=\"lazy\" decoding=\"async\" class=\"alignnone size-full wp-image-25978\" src=\"https:\/\/agora.xtec.cat\/iesmallafre\/wp-content\/uploads\/usu105\/2026\/03\/DOLORS-MALLAFRE.-PROPOSTA.jpg\" alt=\"\" width=\"1169\" height=\"827\" srcset=\"https:\/\/agora.xtec.cat\/iesmallafre\/wp-content\/uploads\/usu105\/2026\/03\/DOLORS-MALLAFRE.-PROPOSTA.jpg 1169w, https:\/\/agora.xtec.cat\/iesmallafre\/wp-content\/uploads\/usu105\/2026\/03\/DOLORS-MALLAFRE.-PROPOSTA-300x212.jpg 300w, https:\/\/agora.xtec.cat\/iesmallafre\/wp-content\/uploads\/usu105\/2026\/03\/DOLORS-MALLAFRE.-PROPOSTA-1024x724.jpg 1024w, https:\/\/agora.xtec.cat\/iesmallafre\/wp-content\/uploads\/usu105\/2026\/03\/DOLORS-MALLAFRE.-PROPOSTA-768x543.jpg 768w\" sizes=\"auto, (max-width: 1169px) 100vw, 1169px\" \/><\/a><\/p>\n","protected":false},"excerpt":{"rendered":"<p>Avui dilluns 9 de mar\u00e7, continuem amb l&#8217;homenatge a les dones, i en especial la Dolors Mallafr\u00e8 i Ros, en el 125\u00e8 aniversari del seu naixement.<br \/>\nEn el Dia Internacional de les Dones, volem recon\u00e8ixer la for\u00e7a, la determinaci\u00f3 i la capacitat de transformaci\u00f3 de totes&hellip;  <a href=\"https:\/\/agora.xtec.cat\/iesmallafre\/portada\/dia-internacional-de-les-dones\/\" title=\"Read DIA INTERNACIONAL DE LES DONES:\">Llegeix m\u00e9s\u00bb<\/a><\/p>\n","protected":false},"author":16,"featured_media":25978,"comment_status":"closed","ping_status":"open","sticky":false,"template":"","format":"standard","meta":{"_bbp_topic_count":0,"_bbp_reply_count":0,"_bbp_total_topic_count":0,"_bbp_total_reply_count":0,"_bbp_voice_count":0,"_bbp_anonymous_reply_count":0,"_bbp_topic_count_hidden":0,"_bbp_reply_count_hidden":0,"_bbp_forum_subforum_count":0,"footnotes":""},"categories":[29],"tags":[],"class_list":["post-25977","post","type-post","status-publish","format-standard","has-post-thumbnail","hentry","category-portada"],"post_mailing_queue_ids":[],"_links":{"self":[{"href":"https:\/\/agora.xtec.cat\/iesmallafre\/wp-json\/wp\/v2\/posts\/25977","targetHints":{"allow":["GET"]}}],"collection":[{"href":"https:\/\/agora.xtec.cat\/iesmallafre\/wp-json\/wp\/v2\/posts"}],"about":[{"href":"https:\/\/agora.xtec.cat\/iesmallafre\/wp-json\/wp\/v2\/types\/post"}],"author":[{"embeddable":true,"href":"https:\/\/agora.xtec.cat\/iesmallafre\/wp-json\/wp\/v2\/users\/16"}],"replies":[{"embeddable":true,"href":"https:\/\/agora.xtec.cat\/iesmallafre\/wp-json\/wp\/v2\/comments?post=25977"}],"version-history":[{"count":2,"href":"https:\/\/agora.xtec.cat\/iesmallafre\/wp-json\/wp\/v2\/posts\/25977\/revisions"}],"predecessor-version":[{"id":25980,"href":"https:\/\/agora.xtec.cat\/iesmallafre\/wp-json\/wp\/v2\/posts\/25977\/revisions\/25980"}],"wp:featuredmedia":[{"embeddable":true,"href":"https:\/\/agora.xtec.cat\/iesmallafre\/wp-json\/wp\/v2\/media\/25978"}],"wp:attachment":[{"href":"https:\/\/agora.xtec.cat\/iesmallafre\/wp-json\/wp\/v2\/media?parent=25977"}],"wp:term":[{"taxonomy":"category","embeddable":true,"href":"https:\/\/agora.xtec.cat\/iesmallafre\/wp-json\/wp\/v2\/categories?post=25977"},{"taxonomy":"post_tag","embeddable":true,"href":"https:\/\/agora.xtec.cat\/iesmallafre\/wp-json\/wp\/v2\/tags?post=25977"}],"curies":[{"name":"wp","href":"https:\/\/api.w.org\/{rel}","templated":true}]}}