{"id":25954,"date":"2026-03-02T12:00:27","date_gmt":"2026-03-02T11:00:27","guid":{"rendered":"https:\/\/agora.xtec.cat\/iesmallafre\/?p=25954"},"modified":"2026-03-09T11:28:16","modified_gmt":"2026-03-09T10:28:16","slug":"xerrada-despres-de-leso-que","status":"publish","type":"post","link":"https:\/\/agora.xtec.cat\/iesmallafre\/portada\/xerrada-despres-de-leso-que\/","title":{"rendered":"Xerrada &#8216;Despr\u00e9s de l\u2019ESO, qu\u00e8?&#8217;"},"content":{"rendered":"<p>Us informem que Servei d\u2019Educaci\u00f3 de l\u2019IMET i l\u2019Oficina Jove Garraf de l\u2019Ajuntament de Vilanova i la Geltr\u00fa <strong>organitzen la xerrada informativa <em>\u201cDespr\u00e9s de l\u2019ESO, qu\u00e8? Al Garraf<\/em><\/strong><em>\u201d<\/em>, adre\u00e7ada principalment a fam\u00edlies amb fills i filles de 3r i 4t d\u2019ESO.<\/p>\n<p>La xerrada tindr\u00e0 lloc en format presencial a l\u2019IMET (C. Uni\u00f3, 81), <strong>el dimecres 11 de mar\u00e7 i el dimecres 18 de mar\u00e7,<\/strong> a les <strong>17.30 h.<\/strong><\/p>\n<p>La xerrada \u00e9s gratu\u00efta. Les persones interessades hauran de fer inscripci\u00f3 pr\u00e8via al seg\u00fcent formulari o a l&#8217;adre\u00e7a de correu electr\u00f2nic <a href=\"http:\/\/clorente@imet.cat\" data-saferedirecturl=\"https:\/\/www.google.com\/url?q=http:\/\/clorente@imet.cat&amp;source=gmail&amp;ust=1772522448312000&amp;usg=AOvVaw1zT5xN79fRVUaOe9jGPLJj\">clorente@imet.cat<\/a>. Les persones inscrites rebran al seu correu la confirmaci\u00f3 de la inscripci\u00f3.<\/p>\n<p>Les persones interessades poden fer la inscripci\u00f3 en aquest <a href=\"https:\/\/forms.gle\/SGXHzXpKQmq9Ty9T8\" target=\"_blank\" rel=\"noopener\">formulari<\/a>.<\/p>\n<p>ACTUAITZACI\u00d3:\u00a0 Les places pel dia 11 de mar\u00e7 ja estan esgotades.<\/p>\n<p>&nbsp;<\/p>\n<p>Podeu veure la informaci\u00f3 a la nostra web a trav\u00e9s d\u2019aquest<a href=\"https:\/\/www.imet.cat\/despres-eso\" target=\"_blank\" rel=\"noopener\" data-saferedirecturl=\"https:\/\/www.google.com\/url?q=https:\/\/www.imet.cat\/despres-eso&amp;source=gmail&amp;ust=1772522448312000&amp;usg=AOvVaw1axlcqsc_6nDLLOQGjSurj\"> enlla\u00e7.<\/a><\/p>\n<p>Esperem que sigui del vostre inter\u00e8s i us animem a participar-hi.<\/p>\n<p><a href=\"https:\/\/agora.xtec.cat\/iesmallafre\/wp-content\/uploads\/usu105\/2026\/03\/XerradaESO.jpg\"><img loading=\"lazy\" decoding=\"async\" class=\"alignnone  wp-image-25984\" src=\"https:\/\/agora.xtec.cat\/iesmallafre\/wp-content\/uploads\/usu105\/2026\/03\/XerradaESO.jpg\" alt=\"\" width=\"2000\" height=\"1600\" srcset=\"https:\/\/agora.xtec.cat\/iesmallafre\/wp-content\/uploads\/usu105\/2026\/03\/XerradaESO.jpg 2000w, https:\/\/agora.xtec.cat\/iesmallafre\/wp-content\/uploads\/usu105\/2026\/03\/XerradaESO-300x240.jpg 300w, https:\/\/agora.xtec.cat\/iesmallafre\/wp-content\/uploads\/usu105\/2026\/03\/XerradaESO-1024x819.jpg 1024w, https:\/\/agora.xtec.cat\/iesmallafre\/wp-content\/uploads\/usu105\/2026\/03\/XerradaESO-768x614.jpg 768w, https:\/\/agora.xtec.cat\/iesmallafre\/wp-content\/uploads\/usu105\/2026\/03\/XerradaESO-1536x1229.jpg 1536w\" sizes=\"auto, (max-width: 2000px) 100vw, 2000px\" \/><\/a><\/p>\n","protected":false},"excerpt":{"rendered":"<p>Us informem que Servei d\u2019Educaci\u00f3 de l\u2019IMET i l\u2019Oficina Jove Garraf de l\u2019Ajuntament de Vilanova i la Geltr\u00fa organitzen la xerrada informativa \u201cDespr\u00e9s de l\u2019ESO, qu\u00e8? Al Garraf\u201d, adre\u00e7ada principalment a fam\u00edlies amb fills i filles de 3r i 4t d\u2019ESO.<br \/>\nLa xerrada tindr\u00e0 lloc en&hellip;  <a href=\"https:\/\/agora.xtec.cat\/iesmallafre\/portada\/xerrada-despres-de-leso-que\/\" title=\"Read Xerrada &#8216;Despr\u00e9s de l\u2019ESO, qu\u00e8?&#8217;\">Llegeix m\u00e9s\u00bb<\/a><\/p>\n","protected":false},"author":16,"featured_media":25984,"comment_status":"closed","ping_status":"open","sticky":false,"template":"","format":"standard","meta":{"_bbp_topic_count":0,"_bbp_reply_count":0,"_bbp_total_topic_count":0,"_bbp_total_reply_count":0,"_bbp_voice_count":0,"_bbp_anonymous_reply_count":0,"_bbp_topic_count_hidden":0,"_bbp_reply_count_hidden":0,"_bbp_forum_subforum_count":0,"footnotes":""},"categories":[29],"tags":[],"class_list":["post-25954","post","type-post","status-publish","format-standard","has-post-thumbnail","hentry","category-portada"],"post_mailing_queue_ids":[],"_links":{"self":[{"href":"https:\/\/agora.xtec.cat\/iesmallafre\/wp-json\/wp\/v2\/posts\/25954","targetHints":{"allow":["GET"]}}],"collection":[{"href":"https:\/\/agora.xtec.cat\/iesmallafre\/wp-json\/wp\/v2\/posts"}],"about":[{"href":"https:\/\/agora.xtec.cat\/iesmallafre\/wp-json\/wp\/v2\/types\/post"}],"author":[{"embeddable":true,"href":"https:\/\/agora.xtec.cat\/iesmallafre\/wp-json\/wp\/v2\/users\/16"}],"replies":[{"embeddable":true,"href":"https:\/\/agora.xtec.cat\/iesmallafre\/wp-json\/wp\/v2\/comments?post=25954"}],"version-history":[{"count":4,"href":"https:\/\/agora.xtec.cat\/iesmallafre\/wp-json\/wp\/v2\/posts\/25954\/revisions"}],"predecessor-version":[{"id":25986,"href":"https:\/\/agora.xtec.cat\/iesmallafre\/wp-json\/wp\/v2\/posts\/25954\/revisions\/25986"}],"wp:featuredmedia":[{"embeddable":true,"href":"https:\/\/agora.xtec.cat\/iesmallafre\/wp-json\/wp\/v2\/media\/25984"}],"wp:attachment":[{"href":"https:\/\/agora.xtec.cat\/iesmallafre\/wp-json\/wp\/v2\/media?parent=25954"}],"wp:term":[{"taxonomy":"category","embeddable":true,"href":"https:\/\/agora.xtec.cat\/iesmallafre\/wp-json\/wp\/v2\/categories?post=25954"},{"taxonomy":"post_tag","embeddable":true,"href":"https:\/\/agora.xtec.cat\/iesmallafre\/wp-json\/wp\/v2\/tags?post=25954"}],"curies":[{"name":"wp","href":"https:\/\/api.w.org\/{rel}","templated":true}]}}