{"id":25888,"date":"2026-02-12T09:36:34","date_gmt":"2026-02-12T08:36:34","guid":{"rendered":"https:\/\/agora.xtec.cat\/iesmallafre\/?p=25888"},"modified":"2026-02-11T09:36:43","modified_gmt":"2026-02-11T08:36:43","slug":"3r-deso-visita-lajuntament-de-vilanova","status":"publish","type":"post","link":"https:\/\/agora.xtec.cat\/iesmallafre\/eso\/3r-deso-visita-lajuntament-de-vilanova\/","title":{"rendered":"3r d&#8217;ESO visita l&#8217;Ajuntament de Vilanova"},"content":{"rendered":"<p>El passat 5 de febrer, vam iniciar les jornades d\u2019aproximaci\u00f3 del nostre alumnat de 3r d&#8217;ESO a la pol\u00edtica local, una proposta que vol acostar els joves al funcionament de les institucions m\u00e9s properes.<\/p>\n<p>Despr\u00e9s d\u2019haver treballat a l\u2019aula continguts de geopol\u00edtica, vam fer un pas m\u00e9s per connectar-los amb la realitat immediata: l\u2019Ajuntament de Vilanova i la Geltr\u00fa.<\/p>\n<p>Durant la visita, l\u2019alumnat va con\u00e8ixer de primera m\u00e0 el funcionament de l\u2019Ajuntament, acompanyat per les t\u00e8cniques del servei de participaci\u00f3. Posteriorment, els va rebre per l&#8217;alcalde, Juan Luis Ruiz.<\/p>\n<p>L&#8217;alumnat va tenir l&#8217;oportunitat de plantejar preguntes sobre el c\u00e0rrec d\u2019alcalde, tant des d\u2019una vessant personal com professional, i per dialogar sobre la realitat de la nostra ciutat i del pa\u00eds, aix\u00ed com sobre les perspectives de futur de la nostra vila i tamb\u00e9 del nostre alumnat.<\/p>\n<p>&nbsp;<\/p>\n<p><a href=\"https:\/\/agora.xtec.cat\/iesmallafre\/wp-content\/uploads\/usu105\/2026\/02\/IMG_20260205_134731-1-rotated-e1770798403625.jpg\"><img loading=\"lazy\" decoding=\"async\" class=\"wp-image-25896 aligncenter\" src=\"https:\/\/agora.xtec.cat\/iesmallafre\/wp-content\/uploads\/usu105\/2026\/02\/IMG_20260205_134731-1-rotated-e1770798403625.jpg\" alt=\"\" width=\"599\" height=\"333\" srcset=\"https:\/\/agora.xtec.cat\/iesmallafre\/wp-content\/uploads\/usu105\/2026\/02\/IMG_20260205_134731-1-rotated-e1770798403625.jpg 954w, https:\/\/agora.xtec.cat\/iesmallafre\/wp-content\/uploads\/usu105\/2026\/02\/IMG_20260205_134731-1-rotated-e1770798403625-300x167.jpg 300w, https:\/\/agora.xtec.cat\/iesmallafre\/wp-content\/uploads\/usu105\/2026\/02\/IMG_20260205_134731-1-rotated-e1770798403625-768x427.jpg 768w\" sizes=\"auto, (max-width: 599px) 100vw, 599px\" \/><\/a><\/p>\n<p>&nbsp;<\/p>\n<p><a href=\"https:\/\/agora.xtec.cat\/iesmallafre\/wp-content\/uploads\/usu105\/2026\/02\/IMG_20260205_130759-rotated-e1770798429214.jpg\"><img loading=\"lazy\" decoding=\"async\" class=\"wp-image-25895 aligncenter\" src=\"https:\/\/agora.xtec.cat\/iesmallafre\/wp-content\/uploads\/usu105\/2026\/02\/IMG_20260205_130759-rotated-e1770798429214.jpg\" alt=\"\" width=\"614\" height=\"281\" srcset=\"https:\/\/agora.xtec.cat\/iesmallafre\/wp-content\/uploads\/usu105\/2026\/02\/IMG_20260205_130759-rotated-e1770798429214.jpg 1122w, https:\/\/agora.xtec.cat\/iesmallafre\/wp-content\/uploads\/usu105\/2026\/02\/IMG_20260205_130759-rotated-e1770798429214-300x137.jpg 300w, https:\/\/agora.xtec.cat\/iesmallafre\/wp-content\/uploads\/usu105\/2026\/02\/IMG_20260205_130759-rotated-e1770798429214-1024x468.jpg 1024w, https:\/\/agora.xtec.cat\/iesmallafre\/wp-content\/uploads\/usu105\/2026\/02\/IMG_20260205_130759-rotated-e1770798429214-768x351.jpg 768w\" sizes=\"auto, (max-width: 614px) 100vw, 614px\" \/><\/a><\/p>\n<p><a href=\"https:\/\/agora.xtec.cat\/iesmallafre\/wp-content\/uploads\/usu105\/2026\/02\/IMG_20260205_130723-rotated-e1770798447383.jpg\"><img loading=\"lazy\" decoding=\"async\" class=\"wp-image-25894 aligncenter\" src=\"https:\/\/agora.xtec.cat\/iesmallafre\/wp-content\/uploads\/usu105\/2026\/02\/IMG_20260205_130723-rotated-e1770798447383.jpg\" alt=\"\" width=\"628\" height=\"522\" srcset=\"https:\/\/agora.xtec.cat\/iesmallafre\/wp-content\/uploads\/usu105\/2026\/02\/IMG_20260205_130723-rotated-e1770798447383.jpg 1122w, https:\/\/agora.xtec.cat\/iesmallafre\/wp-content\/uploads\/usu105\/2026\/02\/IMG_20260205_130723-rotated-e1770798447383-300x250.jpg 300w, https:\/\/agora.xtec.cat\/iesmallafre\/wp-content\/uploads\/usu105\/2026\/02\/IMG_20260205_130723-rotated-e1770798447383-1024x852.jpg 1024w, https:\/\/agora.xtec.cat\/iesmallafre\/wp-content\/uploads\/usu105\/2026\/02\/IMG_20260205_130723-rotated-e1770798447383-768x639.jpg 768w\" sizes=\"auto, (max-width: 628px) 100vw, 628px\" \/><\/a><\/p>\n<p><a href=\"https:\/\/agora.xtec.cat\/iesmallafre\/wp-content\/uploads\/usu105\/2026\/02\/IMG_20260205_123716.jpg\"><img loading=\"lazy\" decoding=\"async\" class=\"wp-image-25893 aligncenter\" src=\"https:\/\/agora.xtec.cat\/iesmallafre\/wp-content\/uploads\/usu105\/2026\/02\/IMG_20260205_123716.jpg\" alt=\"\" width=\"605\" height=\"340\" srcset=\"https:\/\/agora.xtec.cat\/iesmallafre\/wp-content\/uploads\/usu105\/2026\/02\/IMG_20260205_123716.jpg 2000w, https:\/\/agora.xtec.cat\/iesmallafre\/wp-content\/uploads\/usu105\/2026\/02\/IMG_20260205_123716-300x168.jpg 300w, https:\/\/agora.xtec.cat\/iesmallafre\/wp-content\/uploads\/usu105\/2026\/02\/IMG_20260205_123716-1024x574.jpg 1024w, https:\/\/agora.xtec.cat\/iesmallafre\/wp-content\/uploads\/usu105\/2026\/02\/IMG_20260205_123716-768x431.jpg 768w, https:\/\/agora.xtec.cat\/iesmallafre\/wp-content\/uploads\/usu105\/2026\/02\/IMG_20260205_123716-1536x862.jpg 1536w\" sizes=\"auto, (max-width: 605px) 100vw, 605px\" \/><\/a><\/p>\n<p><a href=\"https:\/\/agora.xtec.cat\/iesmallafre\/wp-content\/uploads\/usu105\/2026\/02\/IMG_20260205_123636-rotated-e1770798483440.jpg\"><img loading=\"lazy\" decoding=\"async\" class=\"wp-image-25892 aligncenter\" src=\"https:\/\/agora.xtec.cat\/iesmallafre\/wp-content\/uploads\/usu105\/2026\/02\/IMG_20260205_123636-rotated-e1770798483440.jpg\" alt=\"\" width=\"599\" height=\"552\" srcset=\"https:\/\/agora.xtec.cat\/iesmallafre\/wp-content\/uploads\/usu105\/2026\/02\/IMG_20260205_123636-rotated-e1770798483440.jpg 1122w, https:\/\/agora.xtec.cat\/iesmallafre\/wp-content\/uploads\/usu105\/2026\/02\/IMG_20260205_123636-rotated-e1770798483440-300x276.jpg 300w, https:\/\/agora.xtec.cat\/iesmallafre\/wp-content\/uploads\/usu105\/2026\/02\/IMG_20260205_123636-rotated-e1770798483440-1024x943.jpg 1024w, https:\/\/agora.xtec.cat\/iesmallafre\/wp-content\/uploads\/usu105\/2026\/02\/IMG_20260205_123636-rotated-e1770798483440-768x707.jpg 768w\" sizes=\"auto, (max-width: 599px) 100vw, 599px\" \/><\/a><\/p>\n<p>&nbsp;<\/p>\n<p><a href=\"https:\/\/agora.xtec.cat\/iesmallafre\/wp-content\/uploads\/usu105\/2026\/02\/IMG_20260205_125042-scaled.jpg\"><img loading=\"lazy\" decoding=\"async\" class=\"wp-image-25891 aligncenter\" src=\"https:\/\/agora.xtec.cat\/iesmallafre\/wp-content\/uploads\/usu105\/2026\/02\/IMG_20260205_125042-scaled.jpg\" alt=\"\" width=\"620\" height=\"348\" srcset=\"https:\/\/agora.xtec.cat\/iesmallafre\/wp-content\/uploads\/usu105\/2026\/02\/IMG_20260205_125042-scaled.jpg 2560w, https:\/\/agora.xtec.cat\/iesmallafre\/wp-content\/uploads\/usu105\/2026\/02\/IMG_20260205_125042-300x168.jpg 300w, https:\/\/agora.xtec.cat\/iesmallafre\/wp-content\/uploads\/usu105\/2026\/02\/IMG_20260205_125042-1024x574.jpg 1024w, https:\/\/agora.xtec.cat\/iesmallafre\/wp-content\/uploads\/usu105\/2026\/02\/IMG_20260205_125042-768x431.jpg 768w, https:\/\/agora.xtec.cat\/iesmallafre\/wp-content\/uploads\/usu105\/2026\/02\/IMG_20260205_125042-1536x861.jpg 1536w, https:\/\/agora.xtec.cat\/iesmallafre\/wp-content\/uploads\/usu105\/2026\/02\/IMG_20260205_125042-2048x1148.jpg 2048w\" sizes=\"auto, (max-width: 620px) 100vw, 620px\" \/><\/a><\/p>\n<p>&nbsp;<\/p>\n<p><a href=\"https:\/\/agora.xtec.cat\/iesmallafre\/wp-content\/uploads\/usu105\/2026\/02\/IMG_20260205_125029-scaled-e1770798511213.jpg\"><img loading=\"lazy\" decoding=\"async\" class=\"wp-image-25890 aligncenter\" src=\"https:\/\/agora.xtec.cat\/iesmallafre\/wp-content\/uploads\/usu105\/2026\/02\/IMG_20260205_125029-scaled-e1770798511213.jpg\" alt=\"\" width=\"584\" height=\"556\" srcset=\"https:\/\/agora.xtec.cat\/iesmallafre\/wp-content\/uploads\/usu105\/2026\/02\/IMG_20260205_125029-scaled-e1770798511213.jpg 1436w, https:\/\/agora.xtec.cat\/iesmallafre\/wp-content\/uploads\/usu105\/2026\/02\/IMG_20260205_125029-scaled-e1770798511213-300x285.jpg 300w, https:\/\/agora.xtec.cat\/iesmallafre\/wp-content\/uploads\/usu105\/2026\/02\/IMG_20260205_125029-scaled-e1770798511213-1024x973.jpg 1024w, https:\/\/agora.xtec.cat\/iesmallafre\/wp-content\/uploads\/usu105\/2026\/02\/IMG_20260205_125029-scaled-e1770798511213-768x730.jpg 768w\" sizes=\"auto, (max-width: 584px) 100vw, 584px\" \/><\/a><\/p>\n","protected":false},"excerpt":{"rendered":"<p>El passat 5 de febrer, vam iniciar les jornades d\u2019aproximaci\u00f3 del nostre alumnat de 3r d&#8217;ESO a la pol\u00edtica local, una proposta que vol acostar els joves al funcionament de les institucions m\u00e9s properes.<br \/>\nDespr\u00e9s d\u2019haver treballat a l\u2019aula continguts de geopol\u00edtica, vam fer un pas&hellip;  <a href=\"https:\/\/agora.xtec.cat\/iesmallafre\/eso\/3r-deso-visita-lajuntament-de-vilanova\/\" title=\"Read 3r d&#8217;ESO visita l&#8217;Ajuntament de Vilanova\">Llegeix m\u00e9s\u00bb<\/a><\/p>\n","protected":false},"author":16,"featured_media":25896,"comment_status":"closed","ping_status":"open","sticky":false,"template":"","format":"standard","meta":{"_bbp_topic_count":0,"_bbp_reply_count":0,"_bbp_total_topic_count":0,"_bbp_total_reply_count":0,"_bbp_voice_count":0,"_bbp_anonymous_reply_count":0,"_bbp_topic_count_hidden":0,"_bbp_reply_count_hidden":0,"_bbp_forum_subforum_count":0,"footnotes":""},"categories":[3,6,29],"tags":[],"class_list":["post-25888","post","type-post","status-publish","format-standard","has-post-thumbnail","hentry","category-eso","category-eso-3","category-portada"],"post_mailing_queue_ids":[],"_links":{"self":[{"href":"https:\/\/agora.xtec.cat\/iesmallafre\/wp-json\/wp\/v2\/posts\/25888","targetHints":{"allow":["GET"]}}],"collection":[{"href":"https:\/\/agora.xtec.cat\/iesmallafre\/wp-json\/wp\/v2\/posts"}],"about":[{"href":"https:\/\/agora.xtec.cat\/iesmallafre\/wp-json\/wp\/v2\/types\/post"}],"author":[{"embeddable":true,"href":"https:\/\/agora.xtec.cat\/iesmallafre\/wp-json\/wp\/v2\/users\/16"}],"replies":[{"embeddable":true,"href":"https:\/\/agora.xtec.cat\/iesmallafre\/wp-json\/wp\/v2\/comments?post=25888"}],"version-history":[{"count":3,"href":"https:\/\/agora.xtec.cat\/iesmallafre\/wp-json\/wp\/v2\/posts\/25888\/revisions"}],"predecessor-version":[{"id":25900,"href":"https:\/\/agora.xtec.cat\/iesmallafre\/wp-json\/wp\/v2\/posts\/25888\/revisions\/25900"}],"wp:featuredmedia":[{"embeddable":true,"href":"https:\/\/agora.xtec.cat\/iesmallafre\/wp-json\/wp\/v2\/media\/25896"}],"wp:attachment":[{"href":"https:\/\/agora.xtec.cat\/iesmallafre\/wp-json\/wp\/v2\/media?parent=25888"}],"wp:term":[{"taxonomy":"category","embeddable":true,"href":"https:\/\/agora.xtec.cat\/iesmallafre\/wp-json\/wp\/v2\/categories?post=25888"},{"taxonomy":"post_tag","embeddable":true,"href":"https:\/\/agora.xtec.cat\/iesmallafre\/wp-json\/wp\/v2\/tags?post=25888"}],"curies":[{"name":"wp","href":"https:\/\/api.w.org\/{rel}","templated":true}]}}