{"id":25871,"date":"2026-02-09T12:50:53","date_gmt":"2026-02-09T11:50:53","guid":{"rendered":"https:\/\/agora.xtec.cat\/iesmallafre\/?p=25871"},"modified":"2026-02-09T12:52:46","modified_gmt":"2026-02-09T11:52:46","slug":"a-la-recerca-dels-personatges-del-carnaval","status":"publish","type":"post","link":"https:\/\/agora.xtec.cat\/iesmallafre\/portada\/a-la-recerca-dels-personatges-del-carnaval\/","title":{"rendered":"A la recerca dels personatges del Carnaval"},"content":{"rendered":"<p data-start=\"46\" data-end=\"307\">Aquest any, el carnaval al centre gira al voltant d\u2019un fil conductor molt especial: la desaparici\u00f3 d\u2019alguns dels personatges m\u00e9s emblem\u00e0tics del Carnaval, com el Paperet, el Turuta, la Pastanaga del Rei, el Dolcet, el Moix\u00f3 Foguer, el Caramel i el Carnestoltes.<\/p>\n<p data-start=\"309\" data-end=\"536\">Al llarg de la setmana, l\u2019alumnat haur\u00e0 de participar en la cerca d\u2019aquests personatges. Cada nivell d\u2019ESO tindr\u00e0 l\u2019enc\u00e0rrec de trobar un o dos personatges, seguint un joc de pistes.<\/p>\n<p data-start=\"538\" data-end=\"878\">El disseny i la confecci\u00f3 de les figures ha anat a c\u00e0rrec de l\u2019alumnat de batxillerat de 1r A, dins la mat\u00e8ria de Projectes Art\u00edstics. Les figures s\u2019han tallat en diferents fragments i ser\u00e0 l\u2019alumnat d\u2019ESO qui haur\u00e0 de localitzar-los i muntar-los correctament. Un cop completats, els personatges s\u2019exposaran al hall d\u2019entrada de l\u2019institut.<\/p>\n<p data-start=\"880\" data-end=\"1087\" data-is-last-node=\"\" data-is-only-node=\"\">La cerca dels personatges es dur\u00e0 a terme dins l\u2019horari lectiu fins dijous, moment en qu\u00e8 tots els personatges ja hauran aparegut.<\/p>\n<p>&nbsp;<\/p>\n<p><a href=\"https:\/\/agora.xtec.cat\/iesmallafre\/wp-content\/uploads\/usu105\/2026\/02\/Carnaval26_1.png\"><img loading=\"lazy\" decoding=\"async\" class=\"wp-image-25876 aligncenter\" src=\"https:\/\/agora.xtec.cat\/iesmallafre\/wp-content\/uploads\/usu105\/2026\/02\/Carnaval26_1.png\" alt=\"\" width=\"553\" height=\"783\" srcset=\"https:\/\/agora.xtec.cat\/iesmallafre\/wp-content\/uploads\/usu105\/2026\/02\/Carnaval26_1.png 1587w, https:\/\/agora.xtec.cat\/iesmallafre\/wp-content\/uploads\/usu105\/2026\/02\/Carnaval26_1-212x300.png 212w, https:\/\/agora.xtec.cat\/iesmallafre\/wp-content\/uploads\/usu105\/2026\/02\/Carnaval26_1-724x1024.png 724w, https:\/\/agora.xtec.cat\/iesmallafre\/wp-content\/uploads\/usu105\/2026\/02\/Carnaval26_1-768x1086.png 768w, https:\/\/agora.xtec.cat\/iesmallafre\/wp-content\/uploads\/usu105\/2026\/02\/Carnaval26_1-1086x1536.png 1086w, https:\/\/agora.xtec.cat\/iesmallafre\/wp-content\/uploads\/usu105\/2026\/02\/Carnaval26_1-1448x2048.png 1448w\" sizes=\"auto, (max-width: 553px) 100vw, 553px\" \/><\/a><\/p>\n<p><a href=\"https:\/\/agora.xtec.cat\/iesmallafre\/wp-content\/uploads\/usu105\/2026\/02\/Carnaval26_2.png\"><img loading=\"lazy\" decoding=\"async\" class=\"wp-image-25875 aligncenter\" src=\"https:\/\/agora.xtec.cat\/iesmallafre\/wp-content\/uploads\/usu105\/2026\/02\/Carnaval26_2.png\" alt=\"\" width=\"571\" height=\"808\" srcset=\"https:\/\/agora.xtec.cat\/iesmallafre\/wp-content\/uploads\/usu105\/2026\/02\/Carnaval26_2.png 1587w, https:\/\/agora.xtec.cat\/iesmallafre\/wp-content\/uploads\/usu105\/2026\/02\/Carnaval26_2-212x300.png 212w, https:\/\/agora.xtec.cat\/iesmallafre\/wp-content\/uploads\/usu105\/2026\/02\/Carnaval26_2-724x1024.png 724w, https:\/\/agora.xtec.cat\/iesmallafre\/wp-content\/uploads\/usu105\/2026\/02\/Carnaval26_2-768x1086.png 768w, https:\/\/agora.xtec.cat\/iesmallafre\/wp-content\/uploads\/usu105\/2026\/02\/Carnaval26_2-1086x1536.png 1086w, https:\/\/agora.xtec.cat\/iesmallafre\/wp-content\/uploads\/usu105\/2026\/02\/Carnaval26_2-1448x2048.png 1448w\" sizes=\"auto, (max-width: 571px) 100vw, 571px\" \/><\/a><a href=\"https:\/\/agora.xtec.cat\/iesmallafre\/wp-content\/uploads\/usu105\/2026\/02\/Carnaval26_4.png\"><img loading=\"lazy\" decoding=\"async\" class=\"wp-image-25873 aligncenter\" src=\"https:\/\/agora.xtec.cat\/iesmallafre\/wp-content\/uploads\/usu105\/2026\/02\/Carnaval26_4.png\" alt=\"\" width=\"638\" height=\"903\" srcset=\"https:\/\/agora.xtec.cat\/iesmallafre\/wp-content\/uploads\/usu105\/2026\/02\/Carnaval26_4.png 1587w, https:\/\/agora.xtec.cat\/iesmallafre\/wp-content\/uploads\/usu105\/2026\/02\/Carnaval26_4-212x300.png 212w, https:\/\/agora.xtec.cat\/iesmallafre\/wp-content\/uploads\/usu105\/2026\/02\/Carnaval26_4-724x1024.png 724w, https:\/\/agora.xtec.cat\/iesmallafre\/wp-content\/uploads\/usu105\/2026\/02\/Carnaval26_4-768x1086.png 768w, https:\/\/agora.xtec.cat\/iesmallafre\/wp-content\/uploads\/usu105\/2026\/02\/Carnaval26_4-1086x1536.png 1086w, https:\/\/agora.xtec.cat\/iesmallafre\/wp-content\/uploads\/usu105\/2026\/02\/Carnaval26_4-1448x2048.png 1448w\" sizes=\"auto, (max-width: 638px) 100vw, 638px\" \/><\/a><\/p>\n<p>&nbsp;<\/p>\n<p><a href=\"https:\/\/agora.xtec.cat\/iesmallafre\/wp-content\/uploads\/usu105\/2026\/02\/Carnaval26_3.png\"><img loading=\"lazy\" decoding=\"async\" class=\"alignnone size-full wp-image-25874\" src=\"https:\/\/agora.xtec.cat\/iesmallafre\/wp-content\/uploads\/usu105\/2026\/02\/Carnaval26_3.png\" alt=\"\" width=\"1587\" height=\"2245\" srcset=\"https:\/\/agora.xtec.cat\/iesmallafre\/wp-content\/uploads\/usu105\/2026\/02\/Carnaval26_3.png 1587w, https:\/\/agora.xtec.cat\/iesmallafre\/wp-content\/uploads\/usu105\/2026\/02\/Carnaval26_3-212x300.png 212w, https:\/\/agora.xtec.cat\/iesmallafre\/wp-content\/uploads\/usu105\/2026\/02\/Carnaval26_3-724x1024.png 724w, https:\/\/agora.xtec.cat\/iesmallafre\/wp-content\/uploads\/usu105\/2026\/02\/Carnaval26_3-768x1086.png 768w, https:\/\/agora.xtec.cat\/iesmallafre\/wp-content\/uploads\/usu105\/2026\/02\/Carnaval26_3-1086x1536.png 1086w, https:\/\/agora.xtec.cat\/iesmallafre\/wp-content\/uploads\/usu105\/2026\/02\/Carnaval26_3-1448x2048.png 1448w\" sizes=\"auto, (max-width: 1587px) 100vw, 1587px\" \/><\/a><\/p>\n<p>&nbsp;<\/p>\n<p><a href=\"https:\/\/agora.xtec.cat\/iesmallafre\/wp-content\/uploads\/usu105\/2026\/02\/Carnaval26_5.png\"><img loading=\"lazy\" decoding=\"async\" class=\"wp-image-25872 aligncenter\" src=\"https:\/\/agora.xtec.cat\/iesmallafre\/wp-content\/uploads\/usu105\/2026\/02\/Carnaval26_5.png\" alt=\"\" width=\"606\" height=\"858\" srcset=\"https:\/\/agora.xtec.cat\/iesmallafre\/wp-content\/uploads\/usu105\/2026\/02\/Carnaval26_5.png 1587w, https:\/\/agora.xtec.cat\/iesmallafre\/wp-content\/uploads\/usu105\/2026\/02\/Carnaval26_5-212x300.png 212w, https:\/\/agora.xtec.cat\/iesmallafre\/wp-content\/uploads\/usu105\/2026\/02\/Carnaval26_5-724x1024.png 724w, https:\/\/agora.xtec.cat\/iesmallafre\/wp-content\/uploads\/usu105\/2026\/02\/Carnaval26_5-768x1086.png 768w, https:\/\/agora.xtec.cat\/iesmallafre\/wp-content\/uploads\/usu105\/2026\/02\/Carnaval26_5-1086x1536.png 1086w, https:\/\/agora.xtec.cat\/iesmallafre\/wp-content\/uploads\/usu105\/2026\/02\/Carnaval26_5-1448x2048.png 1448w\" sizes=\"auto, (max-width: 606px) 100vw, 606px\" \/><\/a><\/p>\n<p>&nbsp;<\/p>\n<p>&nbsp;<\/p>\n<p>&nbsp;<\/p>\n","protected":false},"excerpt":{"rendered":"<p>Aquest any, el carnaval al centre gira al voltant d\u2019un fil conductor molt especial: la desaparici\u00f3 d\u2019alguns dels personatges m\u00e9s emblem\u00e0tics del Carnaval, com el Paperet, el Turuta, la Pastanaga del Rei, el Dolcet, el Moix\u00f3 Foguer, el Caramel i el Carnestoltes.<br \/>\nAl llarg de la&hellip;  <a href=\"https:\/\/agora.xtec.cat\/iesmallafre\/portada\/a-la-recerca-dels-personatges-del-carnaval\/\" title=\"Read A la recerca dels personatges del Carnaval\">Llegeix m\u00e9s\u00bb<\/a><\/p>\n","protected":false},"author":16,"featured_media":25880,"comment_status":"closed","ping_status":"open","sticky":false,"template":"","format":"standard","meta":{"_bbp_topic_count":0,"_bbp_reply_count":0,"_bbp_total_topic_count":0,"_bbp_total_reply_count":0,"_bbp_voice_count":0,"_bbp_anonymous_reply_count":0,"_bbp_topic_count_hidden":0,"_bbp_reply_count_hidden":0,"_bbp_forum_subforum_count":0,"footnotes":""},"categories":[29],"tags":[],"class_list":["post-25871","post","type-post","status-publish","format-standard","has-post-thumbnail","hentry","category-portada"],"post_mailing_queue_ids":[],"_links":{"self":[{"href":"https:\/\/agora.xtec.cat\/iesmallafre\/wp-json\/wp\/v2\/posts\/25871","targetHints":{"allow":["GET"]}}],"collection":[{"href":"https:\/\/agora.xtec.cat\/iesmallafre\/wp-json\/wp\/v2\/posts"}],"about":[{"href":"https:\/\/agora.xtec.cat\/iesmallafre\/wp-json\/wp\/v2\/types\/post"}],"author":[{"embeddable":true,"href":"https:\/\/agora.xtec.cat\/iesmallafre\/wp-json\/wp\/v2\/users\/16"}],"replies":[{"embeddable":true,"href":"https:\/\/agora.xtec.cat\/iesmallafre\/wp-json\/wp\/v2\/comments?post=25871"}],"version-history":[{"count":3,"href":"https:\/\/agora.xtec.cat\/iesmallafre\/wp-json\/wp\/v2\/posts\/25871\/revisions"}],"predecessor-version":[{"id":25879,"href":"https:\/\/agora.xtec.cat\/iesmallafre\/wp-json\/wp\/v2\/posts\/25871\/revisions\/25879"}],"wp:featuredmedia":[{"embeddable":true,"href":"https:\/\/agora.xtec.cat\/iesmallafre\/wp-json\/wp\/v2\/media\/25880"}],"wp:attachment":[{"href":"https:\/\/agora.xtec.cat\/iesmallafre\/wp-json\/wp\/v2\/media?parent=25871"}],"wp:term":[{"taxonomy":"category","embeddable":true,"href":"https:\/\/agora.xtec.cat\/iesmallafre\/wp-json\/wp\/v2\/categories?post=25871"},{"taxonomy":"post_tag","embeddable":true,"href":"https:\/\/agora.xtec.cat\/iesmallafre\/wp-json\/wp\/v2\/tags?post=25871"}],"curies":[{"name":"wp","href":"https:\/\/api.w.org\/{rel}","templated":true}]}}