{"id":25742,"date":"2025-12-18T12:35:10","date_gmt":"2025-12-18T11:35:10","guid":{"rendered":"https:\/\/agora.xtec.cat\/iesmallafre\/?p=25742"},"modified":"2025-12-18T12:36:15","modified_gmt":"2025-12-18T11:36:15","slug":"viatge-per-la-memoria-familiar","status":"publish","type":"post","link":"https:\/\/agora.xtec.cat\/iesmallafre\/general\/viatge-per-la-memoria-familiar\/","title":{"rendered":"Viatge per la mem\u00f2ria familiar"},"content":{"rendered":"<p>A l\u2019optativa d\u2019Hist\u00f2ria Oral a 3r d&#8217;ESO l&#8217;alumnat ha desenvolupat el projecte \u201cLa maleta de la meva vida passada\u201d. L\u2019alumnat ha creat una maleta simb\u00f2lica per explorar i explicar la seva hist\u00f2ria familiar.<\/p>\n<p>Al llarg del projecte, les alumnes i els alumnes han treballat amb arbres geneal\u00f2gics, cartes, objectes significatius i l\u00ednies del temps per reconstruir els seus or\u00edgens i reflexionar sobre la mem\u00f2ria familiar.<\/p>\n<p>El resultat d\u2019aquest treball es pot veure en una petita exposici\u00f3 situada al hall del primer pis, on s\u2019exposen algunes de les maletes elaborades. Convidem tota la comunitat educativa a visitar-la i a descobrir les hist\u00f2ries que s\u2019hi amaguen.<\/p>\n<p><a href=\"https:\/\/agora.xtec.cat\/iesmallafre\/wp-content\/uploads\/usu105\/2025\/12\/IMG_3479.jpg\"><img loading=\"lazy\" decoding=\"async\" class=\"wp-image-25754 aligncenter\" src=\"https:\/\/agora.xtec.cat\/iesmallafre\/wp-content\/uploads\/usu105\/2025\/12\/IMG_3479.jpg\" alt=\"\" width=\"577\" height=\"433\" srcset=\"https:\/\/agora.xtec.cat\/iesmallafre\/wp-content\/uploads\/usu105\/2025\/12\/IMG_3479.jpg 640w, https:\/\/agora.xtec.cat\/iesmallafre\/wp-content\/uploads\/usu105\/2025\/12\/IMG_3479-300x225.jpg 300w, https:\/\/agora.xtec.cat\/iesmallafre\/wp-content\/uploads\/usu105\/2025\/12\/IMG_3479-200x150.jpg 200w\" sizes=\"auto, (max-width: 577px) 100vw, 577px\" \/><\/a><\/p>\n<p>&nbsp;<\/p>\n<p><a href=\"https:\/\/agora.xtec.cat\/iesmallafre\/wp-content\/uploads\/usu105\/2025\/12\/IMG_9812-e1766057135624.jpg\"><img loading=\"lazy\" decoding=\"async\" class=\"wp-image-25743 aligncenter\" src=\"https:\/\/agora.xtec.cat\/iesmallafre\/wp-content\/uploads\/usu105\/2025\/12\/IMG_9812-e1766057135624.jpg\" alt=\"\" width=\"611\" height=\"535\" srcset=\"https:\/\/agora.xtec.cat\/iesmallafre\/wp-content\/uploads\/usu105\/2025\/12\/IMG_9812-e1766057135624.jpg 1500w, https:\/\/agora.xtec.cat\/iesmallafre\/wp-content\/uploads\/usu105\/2025\/12\/IMG_9812-e1766057135624-300x263.jpg 300w, https:\/\/agora.xtec.cat\/iesmallafre\/wp-content\/uploads\/usu105\/2025\/12\/IMG_9812-e1766057135624-1024x896.jpg 1024w, https:\/\/agora.xtec.cat\/iesmallafre\/wp-content\/uploads\/usu105\/2025\/12\/IMG_9812-e1766057135624-768x672.jpg 768w\" sizes=\"auto, (max-width: 611px) 100vw, 611px\" \/><\/a><\/p>\n<p>&nbsp;<\/p>\n<p><a href=\"https:\/\/agora.xtec.cat\/iesmallafre\/wp-content\/uploads\/usu105\/2025\/12\/IMG_9811-e1766056462998.jpg\"><img loading=\"lazy\" decoding=\"async\" class=\"wp-image-25749 aligncenter\" src=\"https:\/\/agora.xtec.cat\/iesmallafre\/wp-content\/uploads\/usu105\/2025\/12\/IMG_9811-e1766056462998.jpg\" alt=\"\" width=\"643\" height=\"696\" srcset=\"https:\/\/agora.xtec.cat\/iesmallafre\/wp-content\/uploads\/usu105\/2025\/12\/IMG_9811-e1766056462998.jpg 1500w, https:\/\/agora.xtec.cat\/iesmallafre\/wp-content\/uploads\/usu105\/2025\/12\/IMG_9811-e1766056462998-277x300.jpg 277w, https:\/\/agora.xtec.cat\/iesmallafre\/wp-content\/uploads\/usu105\/2025\/12\/IMG_9811-e1766056462998-946x1024.jpg 946w, https:\/\/agora.xtec.cat\/iesmallafre\/wp-content\/uploads\/usu105\/2025\/12\/IMG_9811-e1766056462998-768x831.jpg 768w, https:\/\/agora.xtec.cat\/iesmallafre\/wp-content\/uploads\/usu105\/2025\/12\/IMG_9811-e1766056462998-1420x1536.jpg 1420w\" sizes=\"auto, (max-width: 643px) 100vw, 643px\" \/><\/a><\/p>\n<p>&nbsp;<\/p>\n<p><a href=\"https:\/\/agora.xtec.cat\/iesmallafre\/wp-content\/uploads\/usu105\/2025\/12\/IMG_3483.jpg\"><img loading=\"lazy\" decoding=\"async\" class=\" wp-image-25751 aligncenter\" src=\"https:\/\/agora.xtec.cat\/iesmallafre\/wp-content\/uploads\/usu105\/2025\/12\/IMG_3483.jpg\" alt=\"\" width=\"583\" height=\"437\" srcset=\"https:\/\/agora.xtec.cat\/iesmallafre\/wp-content\/uploads\/usu105\/2025\/12\/IMG_3483.jpg 640w, https:\/\/agora.xtec.cat\/iesmallafre\/wp-content\/uploads\/usu105\/2025\/12\/IMG_3483-300x225.jpg 300w, https:\/\/agora.xtec.cat\/iesmallafre\/wp-content\/uploads\/usu105\/2025\/12\/IMG_3483-200x150.jpg 200w\" sizes=\"auto, (max-width: 583px) 100vw, 583px\" \/><\/a><\/p>\n<p>&nbsp;<\/p>\n<p>&nbsp;<\/p>\n<p><a href=\"https:\/\/agora.xtec.cat\/iesmallafre\/wp-content\/uploads\/usu105\/2025\/12\/IMG_3485-rotated.jpg\"><img loading=\"lazy\" decoding=\"async\" class=\"size-full wp-image-25753 aligncenter\" src=\"https:\/\/agora.xtec.cat\/iesmallafre\/wp-content\/uploads\/usu105\/2025\/12\/IMG_3485-rotated.jpg\" alt=\"\" width=\"480\" height=\"640\" srcset=\"https:\/\/agora.xtec.cat\/iesmallafre\/wp-content\/uploads\/usu105\/2025\/12\/IMG_3485-rotated.jpg 480w, https:\/\/agora.xtec.cat\/iesmallafre\/wp-content\/uploads\/usu105\/2025\/12\/IMG_3485-225x300.jpg 225w\" sizes=\"auto, (max-width: 480px) 100vw, 480px\" \/><\/a><\/p>\n<p>&nbsp;<\/p>\n<p><a href=\"https:\/\/agora.xtec.cat\/iesmallafre\/wp-content\/uploads\/usu105\/2025\/12\/IMG_3480-rotated.jpg\"><img loading=\"lazy\" decoding=\"async\" class=\"size-full wp-image-25755 aligncenter\" src=\"https:\/\/agora.xtec.cat\/iesmallafre\/wp-content\/uploads\/usu105\/2025\/12\/IMG_3480-rotated.jpg\" alt=\"\" width=\"480\" height=\"640\" srcset=\"https:\/\/agora.xtec.cat\/iesmallafre\/wp-content\/uploads\/usu105\/2025\/12\/IMG_3480-rotated.jpg 480w, https:\/\/agora.xtec.cat\/iesmallafre\/wp-content\/uploads\/usu105\/2025\/12\/IMG_3480-225x300.jpg 225w\" sizes=\"auto, (max-width: 480px) 100vw, 480px\" \/><\/a><\/p>\n<p>&nbsp;<\/p>\n<p><a href=\"https:\/\/agora.xtec.cat\/iesmallafre\/wp-content\/uploads\/usu105\/2025\/12\/IMG_3481-rotated.jpg\"><img loading=\"lazy\" decoding=\"async\" class=\"size-full wp-image-25756 aligncenter\" src=\"https:\/\/agora.xtec.cat\/iesmallafre\/wp-content\/uploads\/usu105\/2025\/12\/IMG_3481-rotated.jpg\" alt=\"\" width=\"480\" height=\"640\" srcset=\"https:\/\/agora.xtec.cat\/iesmallafre\/wp-content\/uploads\/usu105\/2025\/12\/IMG_3481-rotated.jpg 480w, https:\/\/agora.xtec.cat\/iesmallafre\/wp-content\/uploads\/usu105\/2025\/12\/IMG_3481-225x300.jpg 225w\" sizes=\"auto, (max-width: 480px) 100vw, 480px\" \/><\/a><\/p>\n<p>&nbsp;<\/p>\n<p><a href=\"https:\/\/agora.xtec.cat\/iesmallafre\/wp-content\/uploads\/usu105\/2025\/12\/IMG_3482.jpg\"><img loading=\"lazy\" decoding=\"async\" class=\" wp-image-25757 aligncenter\" src=\"https:\/\/agora.xtec.cat\/iesmallafre\/wp-content\/uploads\/usu105\/2025\/12\/IMG_3482.jpg\" alt=\"\" width=\"512\" height=\"384\" srcset=\"https:\/\/agora.xtec.cat\/iesmallafre\/wp-content\/uploads\/usu105\/2025\/12\/IMG_3482.jpg 640w, https:\/\/agora.xtec.cat\/iesmallafre\/wp-content\/uploads\/usu105\/2025\/12\/IMG_3482-300x225.jpg 300w, https:\/\/agora.xtec.cat\/iesmallafre\/wp-content\/uploads\/usu105\/2025\/12\/IMG_3482-200x150.jpg 200w\" sizes=\"auto, (max-width: 512px) 100vw, 512px\" \/><\/a><\/p>\n","protected":false},"excerpt":{"rendered":"<p>A l\u2019optativa d\u2019Hist\u00f2ria Oral a 3r d&#8217;ESO l&#8217;alumnat ha desenvolupat el projecte \u201cLa maleta de la meva vida passada\u201d. L\u2019alumnat ha creat una maleta simb\u00f2lica per explorar i explicar la seva hist\u00f2ria familiar.<br \/>\nAl llarg del projecte, les alumnes i els alumnes han treballat amb arbres&hellip;  <a href=\"https:\/\/agora.xtec.cat\/iesmallafre\/general\/viatge-per-la-memoria-familiar\/\" title=\"Read Viatge per la mem\u00f2ria familiar\">Llegeix m\u00e9s\u00bb<\/a><\/p>\n","protected":false},"author":16,"featured_media":25754,"comment_status":"closed","ping_status":"open","sticky":false,"template":"","format":"standard","meta":{"_bbp_topic_count":0,"_bbp_reply_count":0,"_bbp_total_topic_count":0,"_bbp_total_reply_count":0,"_bbp_voice_count":0,"_bbp_anonymous_reply_count":0,"_bbp_topic_count_hidden":0,"_bbp_reply_count_hidden":0,"_bbp_forum_subforum_count":0,"footnotes":""},"categories":[3,6,1,29],"tags":[],"class_list":["post-25742","post","type-post","status-publish","format-standard","has-post-thumbnail","hentry","category-eso","category-eso-3","category-general","category-portada"],"post_mailing_queue_ids":[],"_links":{"self":[{"href":"https:\/\/agora.xtec.cat\/iesmallafre\/wp-json\/wp\/v2\/posts\/25742","targetHints":{"allow":["GET"]}}],"collection":[{"href":"https:\/\/agora.xtec.cat\/iesmallafre\/wp-json\/wp\/v2\/posts"}],"about":[{"href":"https:\/\/agora.xtec.cat\/iesmallafre\/wp-json\/wp\/v2\/types\/post"}],"author":[{"embeddable":true,"href":"https:\/\/agora.xtec.cat\/iesmallafre\/wp-json\/wp\/v2\/users\/16"}],"replies":[{"embeddable":true,"href":"https:\/\/agora.xtec.cat\/iesmallafre\/wp-json\/wp\/v2\/comments?post=25742"}],"version-history":[{"count":4,"href":"https:\/\/agora.xtec.cat\/iesmallafre\/wp-json\/wp\/v2\/posts\/25742\/revisions"}],"predecessor-version":[{"id":25759,"href":"https:\/\/agora.xtec.cat\/iesmallafre\/wp-json\/wp\/v2\/posts\/25742\/revisions\/25759"}],"wp:featuredmedia":[{"embeddable":true,"href":"https:\/\/agora.xtec.cat\/iesmallafre\/wp-json\/wp\/v2\/media\/25754"}],"wp:attachment":[{"href":"https:\/\/agora.xtec.cat\/iesmallafre\/wp-json\/wp\/v2\/media?parent=25742"}],"wp:term":[{"taxonomy":"category","embeddable":true,"href":"https:\/\/agora.xtec.cat\/iesmallafre\/wp-json\/wp\/v2\/categories?post=25742"},{"taxonomy":"post_tag","embeddable":true,"href":"https:\/\/agora.xtec.cat\/iesmallafre\/wp-json\/wp\/v2\/tags?post=25742"}],"curies":[{"name":"wp","href":"https:\/\/api.w.org\/{rel}","templated":true}]}}