{"id":25703,"date":"2025-12-04T13:10:46","date_gmt":"2025-12-04T12:10:46","guid":{"rendered":"https:\/\/agora.xtec.cat\/iesmallafre\/?p=25703"},"modified":"2025-12-04T13:20:39","modified_gmt":"2025-12-04T12:20:39","slug":"lequip-decodelegades-i-ecodelegats-presenta-lembolcall-dentrepans-reutilitzable","status":"publish","type":"post","link":"https:\/\/agora.xtec.cat\/iesmallafre\/portada\/lequip-decodelegades-i-ecodelegats-presenta-lembolcall-dentrepans-reutilitzable\/","title":{"rendered":"L\u2019equip d\u2019ecodelegades i ecodelegats presenta l&#8217;embolcall d&#8217;entrepans reutilitzable"},"content":{"rendered":"<p>Durant el curs passat, l\u2019equip d\u2019ecodelegats i ecodelegades va detectar que al centre es generava una gran quantitat de residus procedents dels embolcalls d\u2019un sol \u00fas dels entrepans (paper d\u2019alumini i pl\u00e0stics). Aquests materials, a m\u00e9s de generar contaminaci\u00f3 ambiental, tamb\u00e9 poden tenir efectes negatius sobre la salut.<\/p>\n<p>Per aquest motiu, i amb la voluntat de reduir l\u2019impacte ambiental del nostre dia a dia, l\u2019equip d\u2019ecodelegats i ecodelegades va proposar la creaci\u00f3 d\u2019un embolcall sostenible i reutilitzable amb el logotip del centre. Despr\u00e9s d\u2019un concurs entre l\u2019alumnat, ja disposem del disseny guanyador i del nostre propi embolcall reutilitzable.<\/p>\n<p><a href=\"https:\/\/agora.xtec.cat\/iesmallafre\/wp-content\/uploads\/usu105\/2025\/12\/unnamed2.png\"><img loading=\"lazy\" decoding=\"async\" class=\"wp-image-25704 aligncenter\" src=\"https:\/\/agora.xtec.cat\/iesmallafre\/wp-content\/uploads\/usu105\/2025\/12\/unnamed2.png\" alt=\"\" width=\"470\" height=\"299\" srcset=\"https:\/\/agora.xtec.cat\/iesmallafre\/wp-content\/uploads\/usu105\/2025\/12\/unnamed2.png 841w, https:\/\/agora.xtec.cat\/iesmallafre\/wp-content\/uploads\/usu105\/2025\/12\/unnamed2-300x191.png 300w, https:\/\/agora.xtec.cat\/iesmallafre\/wp-content\/uploads\/usu105\/2025\/12\/unnamed2-768x489.png 768w\" sizes=\"auto, (max-width: 470px) 100vw, 470px\" \/><\/a>Disseny: Oscar L\u00f3pez (1r Batxillerat)<\/p>\n<p>Us animem a col\u00b7laborar en aquesta iniciativa adquirint l\u2019embolcall pel preu de 7 euros. COM ES PODR\u00c0 ADQUIRIR? A trav\u00e9s del TPV que han rebut les fam\u00edlies.<\/p>\n<p>Confiem que aquesta acci\u00f3 contribueixi a reduir els residus i fomenti h\u00e0bits m\u00e9s sostenibles entre tota la comunitat educativa.<\/p>\n<p><a href=\"https:\/\/agora.xtec.cat\/iesmallafre\/wp-content\/uploads\/usu105\/2025\/12\/cartell-embolcall.jpg\"><img loading=\"lazy\" decoding=\"async\" class=\"wp-image-25705 aligncenter\" src=\"https:\/\/agora.xtec.cat\/iesmallafre\/wp-content\/uploads\/usu105\/2025\/12\/cartell-embolcall.jpg\" alt=\"\" width=\"489\" height=\"691\" srcset=\"https:\/\/agora.xtec.cat\/iesmallafre\/wp-content\/uploads\/usu105\/2025\/12\/cartell-embolcall.jpg 827w, https:\/\/agora.xtec.cat\/iesmallafre\/wp-content\/uploads\/usu105\/2025\/12\/cartell-embolcall-212x300.jpg 212w, https:\/\/agora.xtec.cat\/iesmallafre\/wp-content\/uploads\/usu105\/2025\/12\/cartell-embolcall-724x1024.jpg 724w, https:\/\/agora.xtec.cat\/iesmallafre\/wp-content\/uploads\/usu105\/2025\/12\/cartell-embolcall-768x1086.jpg 768w\" sizes=\"auto, (max-width: 489px) 100vw, 489px\" \/><\/a><\/p>\n<p>&nbsp;<\/p>\n","protected":false},"excerpt":{"rendered":"<p>Durant el curs passat, l\u2019equip d\u2019ecodelegats i ecodelegades va detectar que al centre es generava una gran quantitat de residus procedents dels embolcalls d\u2019un sol \u00fas dels entrepans (paper d\u2019alumini i pl\u00e0stics). Aquests materials, a m\u00e9s de generar contaminaci\u00f3 ambiental, tamb\u00e9 poden tenir efectes negatius&hellip;  <a href=\"https:\/\/agora.xtec.cat\/iesmallafre\/portada\/lequip-decodelegades-i-ecodelegats-presenta-lembolcall-dentrepans-reutilitzable\/\" title=\"Read L\u2019equip d\u2019ecodelegades i ecodelegats presenta l&#8217;embolcall d&#8217;entrepans reutilitzable\">Llegeix m\u00e9s\u00bb<\/a><\/p>\n","protected":false},"author":16,"featured_media":25705,"comment_status":"closed","ping_status":"open","sticky":false,"template":"","format":"standard","meta":{"_bbp_topic_count":0,"_bbp_reply_count":0,"_bbp_total_topic_count":0,"_bbp_total_reply_count":0,"_bbp_voice_count":0,"_bbp_anonymous_reply_count":0,"_bbp_topic_count_hidden":0,"_bbp_reply_count_hidden":0,"_bbp_forum_subforum_count":0,"footnotes":""},"categories":[306,29],"tags":[],"class_list":["post-25703","post","type-post","status-publish","format-standard","has-post-thumbnail","hentry","category-escola-verda","category-portada"],"post_mailing_queue_ids":[],"_links":{"self":[{"href":"https:\/\/agora.xtec.cat\/iesmallafre\/wp-json\/wp\/v2\/posts\/25703","targetHints":{"allow":["GET"]}}],"collection":[{"href":"https:\/\/agora.xtec.cat\/iesmallafre\/wp-json\/wp\/v2\/posts"}],"about":[{"href":"https:\/\/agora.xtec.cat\/iesmallafre\/wp-json\/wp\/v2\/types\/post"}],"author":[{"embeddable":true,"href":"https:\/\/agora.xtec.cat\/iesmallafre\/wp-json\/wp\/v2\/users\/16"}],"replies":[{"embeddable":true,"href":"https:\/\/agora.xtec.cat\/iesmallafre\/wp-json\/wp\/v2\/comments?post=25703"}],"version-history":[{"count":3,"href":"https:\/\/agora.xtec.cat\/iesmallafre\/wp-json\/wp\/v2\/posts\/25703\/revisions"}],"predecessor-version":[{"id":25708,"href":"https:\/\/agora.xtec.cat\/iesmallafre\/wp-json\/wp\/v2\/posts\/25703\/revisions\/25708"}],"wp:featuredmedia":[{"embeddable":true,"href":"https:\/\/agora.xtec.cat\/iesmallafre\/wp-json\/wp\/v2\/media\/25705"}],"wp:attachment":[{"href":"https:\/\/agora.xtec.cat\/iesmallafre\/wp-json\/wp\/v2\/media?parent=25703"}],"wp:term":[{"taxonomy":"category","embeddable":true,"href":"https:\/\/agora.xtec.cat\/iesmallafre\/wp-json\/wp\/v2\/categories?post=25703"},{"taxonomy":"post_tag","embeddable":true,"href":"https:\/\/agora.xtec.cat\/iesmallafre\/wp-json\/wp\/v2\/tags?post=25703"}],"curies":[{"name":"wp","href":"https:\/\/api.w.org\/{rel}","templated":true}]}}