{"id":25676,"date":"2025-11-20T12:01:48","date_gmt":"2025-11-20T11:01:48","guid":{"rendered":"https:\/\/agora.xtec.cat\/iesmallafre\/?p=25676"},"modified":"2025-11-20T12:10:18","modified_gmt":"2025-11-20T11:10:18","slug":"taller-deconomia-circular-a-3r-deso","status":"publish","type":"post","link":"https:\/\/agora.xtec.cat\/iesmallafre\/general\/taller-deconomia-circular-a-3r-deso\/","title":{"rendered":"Taller d\u2019economia circular a 3r d\u2019ESO"},"content":{"rendered":"<p>El passat dijous 13 de novembre, l\u2019alumnat de 3r d\u2019ESO va participar en un taller sobre l&#8217;economia circular impartit per uns voluntaris del programa EFEC (Educaci\u00f3 Financera a les Escoles de Catalunya).<\/p>\n<p>Els tallers d\u2019EFEC estan impartits per professionals voluntaris vinculats als sectors econ\u00f2mic, financer, tributari i assegurador (professionals en actiu o jubilats).<\/p>\n<p>L\u2019objectiu d\u2019aquesta sessi\u00f3 era entendre qu\u00e8 \u00e9s l\u2019economia circular i els efectes d&#8217;aplicar-la\u00a0en el nostre dia a dia.\u00a0<b><\/b><\/p>\n<p><a href=\"https:\/\/agora.xtec.cat\/iesmallafre\/wp-content\/uploads\/usu105\/2025\/11\/IMG_20251113_112706-rotated-e1763636387950.jpg\"><img loading=\"lazy\" decoding=\"async\" class=\"wp-image-25679 aligncenter\" src=\"https:\/\/agora.xtec.cat\/iesmallafre\/wp-content\/uploads\/usu105\/2025\/11\/IMG_20251113_112706-rotated-e1763636387950.jpg\" alt=\"\" width=\"505\" height=\"257\" srcset=\"https:\/\/agora.xtec.cat\/iesmallafre\/wp-content\/uploads\/usu105\/2025\/11\/IMG_20251113_112706-rotated-e1763636387950.jpg 1122w, https:\/\/agora.xtec.cat\/iesmallafre\/wp-content\/uploads\/usu105\/2025\/11\/IMG_20251113_112706-rotated-e1763636387950-300x152.jpg 300w, https:\/\/agora.xtec.cat\/iesmallafre\/wp-content\/uploads\/usu105\/2025\/11\/IMG_20251113_112706-rotated-e1763636387950-1024x520.jpg 1024w, https:\/\/agora.xtec.cat\/iesmallafre\/wp-content\/uploads\/usu105\/2025\/11\/IMG_20251113_112706-rotated-e1763636387950-768x390.jpg 768w\" sizes=\"auto, (max-width: 505px) 100vw, 505px\" \/><\/a><\/p>\n<p><a href=\"https:\/\/agora.xtec.cat\/iesmallafre\/wp-content\/uploads\/usu105\/2025\/11\/IMG_20251113_082830-scaled-e1763636440489.jpg\"><img loading=\"lazy\" decoding=\"async\" class=\"wp-image-25677 aligncenter\" src=\"https:\/\/agora.xtec.cat\/iesmallafre\/wp-content\/uploads\/usu105\/2025\/11\/IMG_20251113_082830-scaled-e1763636440489.jpg\" alt=\"\" width=\"524\" height=\"276\" srcset=\"https:\/\/agora.xtec.cat\/iesmallafre\/wp-content\/uploads\/usu105\/2025\/11\/IMG_20251113_082830-scaled-e1763636440489.jpg 1007w, https:\/\/agora.xtec.cat\/iesmallafre\/wp-content\/uploads\/usu105\/2025\/11\/IMG_20251113_082830-scaled-e1763636440489-300x158.jpg 300w, https:\/\/agora.xtec.cat\/iesmallafre\/wp-content\/uploads\/usu105\/2025\/11\/IMG_20251113_082830-scaled-e1763636440489-768x404.jpg 768w\" sizes=\"auto, (max-width: 524px) 100vw, 524px\" \/><\/a><\/p>\n<p><a href=\"https:\/\/agora.xtec.cat\/iesmallafre\/wp-content\/uploads\/usu105\/2025\/11\/IMG_20251113_115030-scaled-e1763636405493.jpg\"><img loading=\"lazy\" decoding=\"async\" class=\"wp-image-25678 aligncenter\" src=\"https:\/\/agora.xtec.cat\/iesmallafre\/wp-content\/uploads\/usu105\/2025\/11\/IMG_20251113_115030-scaled-e1763636405493.jpg\" alt=\"\" width=\"541\" height=\"289\" srcset=\"https:\/\/agora.xtec.cat\/iesmallafre\/wp-content\/uploads\/usu105\/2025\/11\/IMG_20251113_115030-scaled-e1763636405493.jpg 1436w, https:\/\/agora.xtec.cat\/iesmallafre\/wp-content\/uploads\/usu105\/2025\/11\/IMG_20251113_115030-scaled-e1763636405493-300x160.jpg 300w, https:\/\/agora.xtec.cat\/iesmallafre\/wp-content\/uploads\/usu105\/2025\/11\/IMG_20251113_115030-scaled-e1763636405493-1024x548.jpg 1024w, https:\/\/agora.xtec.cat\/iesmallafre\/wp-content\/uploads\/usu105\/2025\/11\/IMG_20251113_115030-scaled-e1763636405493-768x411.jpg 768w\" sizes=\"auto, (max-width: 541px) 100vw, 541px\" \/><\/a><\/p>\n<hr \/>\n","protected":false},"excerpt":{"rendered":"<p>El passat dijous 13 de novembre, l\u2019alumnat de 3r d\u2019ESO va participar en un taller sobre l&#8217;economia circular impartit per uns voluntaris del programa EFEC (Educaci\u00f3 Financera a les Escoles de Catalunya).<br \/>\nEls tallers d\u2019EFEC estan impartits per professionals voluntaris vinculats als sectors econ\u00f2mic, financer, tributari&hellip;  <a href=\"https:\/\/agora.xtec.cat\/iesmallafre\/general\/taller-deconomia-circular-a-3r-deso\/\" title=\"Read Taller d\u2019economia circular a 3r d\u2019ESO\">Llegeix m\u00e9s\u00bb<\/a><\/p>\n","protected":false},"author":16,"featured_media":25679,"comment_status":"closed","ping_status":"open","sticky":false,"template":"","format":"standard","meta":{"_bbp_topic_count":0,"_bbp_reply_count":0,"_bbp_total_topic_count":0,"_bbp_total_reply_count":0,"_bbp_voice_count":0,"_bbp_anonymous_reply_count":0,"_bbp_topic_count_hidden":0,"_bbp_reply_count_hidden":0,"_bbp_forum_subforum_count":0,"footnotes":""},"categories":[3,1,29],"tags":[],"class_list":["post-25676","post","type-post","status-publish","format-standard","has-post-thumbnail","hentry","category-eso","category-general","category-portada"],"post_mailing_queue_ids":[],"_links":{"self":[{"href":"https:\/\/agora.xtec.cat\/iesmallafre\/wp-json\/wp\/v2\/posts\/25676","targetHints":{"allow":["GET"]}}],"collection":[{"href":"https:\/\/agora.xtec.cat\/iesmallafre\/wp-json\/wp\/v2\/posts"}],"about":[{"href":"https:\/\/agora.xtec.cat\/iesmallafre\/wp-json\/wp\/v2\/types\/post"}],"author":[{"embeddable":true,"href":"https:\/\/agora.xtec.cat\/iesmallafre\/wp-json\/wp\/v2\/users\/16"}],"replies":[{"embeddable":true,"href":"https:\/\/agora.xtec.cat\/iesmallafre\/wp-json\/wp\/v2\/comments?post=25676"}],"version-history":[{"count":3,"href":"https:\/\/agora.xtec.cat\/iesmallafre\/wp-json\/wp\/v2\/posts\/25676\/revisions"}],"predecessor-version":[{"id":25684,"href":"https:\/\/agora.xtec.cat\/iesmallafre\/wp-json\/wp\/v2\/posts\/25676\/revisions\/25684"}],"wp:featuredmedia":[{"embeddable":true,"href":"https:\/\/agora.xtec.cat\/iesmallafre\/wp-json\/wp\/v2\/media\/25679"}],"wp:attachment":[{"href":"https:\/\/agora.xtec.cat\/iesmallafre\/wp-json\/wp\/v2\/media?parent=25676"}],"wp:term":[{"taxonomy":"category","embeddable":true,"href":"https:\/\/agora.xtec.cat\/iesmallafre\/wp-json\/wp\/v2\/categories?post=25676"},{"taxonomy":"post_tag","embeddable":true,"href":"https:\/\/agora.xtec.cat\/iesmallafre\/wp-json\/wp\/v2\/tags?post=25676"}],"curies":[{"name":"wp","href":"https:\/\/api.w.org\/{rel}","templated":true}]}}