{"id":25617,"date":"2025-10-31T10:56:22","date_gmt":"2025-10-31T09:56:22","guid":{"rendered":"https:\/\/agora.xtec.cat\/iesmallafre\/?p=25617"},"modified":"2025-10-31T11:02:34","modified_gmt":"2025-10-31T10:02:34","slug":"premis-josep-lluis-palacios","status":"publish","type":"post","link":"https:\/\/agora.xtec.cat\/iesmallafre\/eso\/premis-josep-lluis-palacios\/","title":{"rendered":"Premis Josep Llu\u00eds Palacios"},"content":{"rendered":"<div>\n<p>La sala d\u2019actes del GER, entitat cultural i esportiva de Ribes, va acollir el dimecres 29 d\u2019octubre de 2025 l\u2019acte de lliurament dels Premis Josep-Llu\u00eds Palacios, impulsats per \u00d2mnium Garraf. Aquests premis, creats el 2013 en homenatge al docent Josep-Llu\u00eds Palacios, reconeixen els treballs de recerca d\u2019alumnes de secund\u00e0ria dels centres del Garraf, vinculats amb el territori i que permeten con\u00e8ixer i valorar de prop les realitats m\u00e9s properes de la comarca.<\/p>\n<p>En l\u2019edici\u00f3 d\u2019enguany, l\u2019alumnat de primer de batxillerat Pau Forgas, Luc\u00eda Gabarr\u00f3n, Raquel Iglesias, \u00d2scar L\u00f3pez i Oriol Pe\u00f1a ha rebut un acc\u00e8ssit pel seu treball <em>\u201cEls crims del silenci. Els camps de concentraci\u00f3 franquistes\u201d<\/em>, tutoritzat pel professor Sergi Vall\u00e8s, realitzat quan cursaven 4t d\u2019ESO.<\/p>\n<p>&nbsp;<\/p>\n<\/div>\n<div><a href=\"https:\/\/agora.xtec.cat\/iesmallafre\/wp-content\/uploads\/usu105\/2025\/10\/IMG-20251029-WA0016-e1761904429360.jpg\"><img loading=\"lazy\" decoding=\"async\" class=\"wp-image-25622 aligncenter\" src=\"https:\/\/agora.xtec.cat\/iesmallafre\/wp-content\/uploads\/usu105\/2025\/10\/IMG-20251029-WA0016-e1761904429360.jpg\" alt=\"\" width=\"472\" height=\"242\" srcset=\"https:\/\/agora.xtec.cat\/iesmallafre\/wp-content\/uploads\/usu105\/2025\/10\/IMG-20251029-WA0016-e1761904429360.jpg 1600w, https:\/\/agora.xtec.cat\/iesmallafre\/wp-content\/uploads\/usu105\/2025\/10\/IMG-20251029-WA0016-e1761904429360-300x154.jpg 300w, https:\/\/agora.xtec.cat\/iesmallafre\/wp-content\/uploads\/usu105\/2025\/10\/IMG-20251029-WA0016-e1761904429360-1024x525.jpg 1024w, https:\/\/agora.xtec.cat\/iesmallafre\/wp-content\/uploads\/usu105\/2025\/10\/IMG-20251029-WA0016-e1761904429360-768x394.jpg 768w, https:\/\/agora.xtec.cat\/iesmallafre\/wp-content\/uploads\/usu105\/2025\/10\/IMG-20251029-WA0016-e1761904429360-1536x787.jpg 1536w\" sizes=\"auto, (max-width: 472px) 100vw, 472px\" \/><\/a><\/div>\n<div><\/div>\n<div><a href=\"https:\/\/agora.xtec.cat\/iesmallafre\/wp-content\/uploads\/usu105\/2025\/10\/IMG-20251029-WA0014-e1761904466326.jpg\"><img loading=\"lazy\" decoding=\"async\" class=\"wp-image-25621 aligncenter\" src=\"https:\/\/agora.xtec.cat\/iesmallafre\/wp-content\/uploads\/usu105\/2025\/10\/IMG-20251029-WA0014-e1761904466326.jpg\" alt=\"\" width=\"575\" height=\"525\" srcset=\"https:\/\/agora.xtec.cat\/iesmallafre\/wp-content\/uploads\/usu105\/2025\/10\/IMG-20251029-WA0014-e1761904466326.jpg 1002w, https:\/\/agora.xtec.cat\/iesmallafre\/wp-content\/uploads\/usu105\/2025\/10\/IMG-20251029-WA0014-e1761904466326-300x274.jpg 300w, https:\/\/agora.xtec.cat\/iesmallafre\/wp-content\/uploads\/usu105\/2025\/10\/IMG-20251029-WA0014-e1761904466326-768x701.jpg 768w\" sizes=\"auto, (max-width: 575px) 100vw, 575px\" \/><\/a><\/div>\n<div><\/div>\n<div><\/div>\n<div><a href=\"https:\/\/agora.xtec.cat\/iesmallafre\/wp-content\/uploads\/usu105\/2025\/10\/IMG-20251029-WA0005-e1761904497294.jpg\"><img loading=\"lazy\" decoding=\"async\" class=\"wp-image-25619 aligncenter\" src=\"https:\/\/agora.xtec.cat\/iesmallafre\/wp-content\/uploads\/usu105\/2025\/10\/IMG-20251029-WA0005-e1761904497294.jpg\" alt=\"\" width=\"511\" height=\"184\" srcset=\"https:\/\/agora.xtec.cat\/iesmallafre\/wp-content\/uploads\/usu105\/2025\/10\/IMG-20251029-WA0005-e1761904497294.jpg 2048w, https:\/\/agora.xtec.cat\/iesmallafre\/wp-content\/uploads\/usu105\/2025\/10\/IMG-20251029-WA0005-e1761904497294-300x108.jpg 300w, https:\/\/agora.xtec.cat\/iesmallafre\/wp-content\/uploads\/usu105\/2025\/10\/IMG-20251029-WA0005-e1761904497294-1024x369.jpg 1024w, https:\/\/agora.xtec.cat\/iesmallafre\/wp-content\/uploads\/usu105\/2025\/10\/IMG-20251029-WA0005-e1761904497294-768x276.jpg 768w, https:\/\/agora.xtec.cat\/iesmallafre\/wp-content\/uploads\/usu105\/2025\/10\/IMG-20251029-WA0005-e1761904497294-1536x553.jpg 1536w\" sizes=\"auto, (max-width: 511px) 100vw, 511px\" \/><\/a><\/div>\n<div><\/div>\n<div><\/div>\n<div><\/div>\n<div>\n<p>&nbsp;<\/p>\n<\/div>\n<p><a href=\"https:\/\/agora.xtec.cat\/iesmallafre\/wp-content\/uploads\/usu105\/2025\/10\/IMG-20251029-WA0013-e1761904645187.jpg\"><img loading=\"lazy\" decoding=\"async\" class=\"wp-image-25620 aligncenter\" src=\"https:\/\/agora.xtec.cat\/iesmallafre\/wp-content\/uploads\/usu105\/2025\/10\/IMG-20251029-WA0013-e1761904645187.jpg\" alt=\"\" width=\"465\" height=\"474\" srcset=\"https:\/\/agora.xtec.cat\/iesmallafre\/wp-content\/uploads\/usu105\/2025\/10\/IMG-20251029-WA0013-e1761904645187.jpg 1200w, https:\/\/agora.xtec.cat\/iesmallafre\/wp-content\/uploads\/usu105\/2025\/10\/IMG-20251029-WA0013-e1761904645187-294x300.jpg 294w, https:\/\/agora.xtec.cat\/iesmallafre\/wp-content\/uploads\/usu105\/2025\/10\/IMG-20251029-WA0013-e1761904645187-1004x1024.jpg 1004w, https:\/\/agora.xtec.cat\/iesmallafre\/wp-content\/uploads\/usu105\/2025\/10\/IMG-20251029-WA0013-e1761904645187-768x783.jpg 768w\" sizes=\"auto, (max-width: 465px) 100vw, 465px\" \/><\/a><\/p>\n<div>\n<p>&nbsp;<\/p>\n<\/div>\n<div><\/div>\n","protected":false},"excerpt":{"rendered":"<p>La sala d\u2019actes del GER, entitat cultural i esportiva de Ribes, va acollir el dimecres 29 d\u2019octubre de 2025 l\u2019acte de lliurament dels Premis Josep-Llu\u00eds Palacios, impulsats per \u00d2mnium Garraf. Aquests premis, creats el 2013 en homenatge al docent Josep-Llu\u00eds Palacios, reconeixen els treballs de&hellip;  <a href=\"https:\/\/agora.xtec.cat\/iesmallafre\/eso\/premis-josep-lluis-palacios\/\" title=\"Read Premis Josep Llu\u00eds Palacios\">Llegeix m\u00e9s\u00bb<\/a><\/p>\n","protected":false},"author":16,"featured_media":25620,"comment_status":"closed","ping_status":"open","sticky":false,"template":"","format":"standard","meta":{"_bbp_topic_count":0,"_bbp_reply_count":0,"_bbp_total_topic_count":0,"_bbp_total_reply_count":0,"_bbp_voice_count":0,"_bbp_anonymous_reply_count":0,"_bbp_topic_count_hidden":0,"_bbp_reply_count_hidden":0,"_bbp_forum_subforum_count":0,"footnotes":""},"categories":[3,29],"tags":[],"class_list":["post-25617","post","type-post","status-publish","format-standard","has-post-thumbnail","hentry","category-eso","category-portada"],"post_mailing_queue_ids":[],"_links":{"self":[{"href":"https:\/\/agora.xtec.cat\/iesmallafre\/wp-json\/wp\/v2\/posts\/25617","targetHints":{"allow":["GET"]}}],"collection":[{"href":"https:\/\/agora.xtec.cat\/iesmallafre\/wp-json\/wp\/v2\/posts"}],"about":[{"href":"https:\/\/agora.xtec.cat\/iesmallafre\/wp-json\/wp\/v2\/types\/post"}],"author":[{"embeddable":true,"href":"https:\/\/agora.xtec.cat\/iesmallafre\/wp-json\/wp\/v2\/users\/16"}],"replies":[{"embeddable":true,"href":"https:\/\/agora.xtec.cat\/iesmallafre\/wp-json\/wp\/v2\/comments?post=25617"}],"version-history":[{"count":6,"href":"https:\/\/agora.xtec.cat\/iesmallafre\/wp-json\/wp\/v2\/posts\/25617\/revisions"}],"predecessor-version":[{"id":25624,"href":"https:\/\/agora.xtec.cat\/iesmallafre\/wp-json\/wp\/v2\/posts\/25617\/revisions\/25624"}],"wp:featuredmedia":[{"embeddable":true,"href":"https:\/\/agora.xtec.cat\/iesmallafre\/wp-json\/wp\/v2\/media\/25620"}],"wp:attachment":[{"href":"https:\/\/agora.xtec.cat\/iesmallafre\/wp-json\/wp\/v2\/media?parent=25617"}],"wp:term":[{"taxonomy":"category","embeddable":true,"href":"https:\/\/agora.xtec.cat\/iesmallafre\/wp-json\/wp\/v2\/categories?post=25617"},{"taxonomy":"post_tag","embeddable":true,"href":"https:\/\/agora.xtec.cat\/iesmallafre\/wp-json\/wp\/v2\/tags?post=25617"}],"curies":[{"name":"wp","href":"https:\/\/api.w.org\/{rel}","templated":true}]}}