{"id":25581,"date":"2025-10-23T13:35:30","date_gmt":"2025-10-23T11:35:30","guid":{"rendered":"https:\/\/agora.xtec.cat\/iesmallafre\/?p=25581"},"modified":"2025-10-31T10:46:51","modified_gmt":"2025-10-31T09:46:51","slug":"eleccions-al-consell-escolar-2","status":"publish","type":"post","link":"https:\/\/agora.xtec.cat\/iesmallafre\/portada\/eleccions-al-consell-escolar-2\/","title":{"rendered":"ELECCIONS AL CONSELL ESCOLAR"},"content":{"rendered":"<p><a href=\"https:\/\/agora.xtec.cat\/iesmallafre\/wp-content\/uploads\/usu105\/2025\/10\/CartellCE2025.jpg\"><img loading=\"lazy\" decoding=\"async\" class=\"wp-image-25582 alignleft\" src=\"https:\/\/agora.xtec.cat\/iesmallafre\/wp-content\/uploads\/usu105\/2025\/10\/CartellCE2025.jpg\" alt=\"\" width=\"370\" height=\"524\" srcset=\"https:\/\/agora.xtec.cat\/iesmallafre\/wp-content\/uploads\/usu105\/2025\/10\/CartellCE2025.jpg 826w, https:\/\/agora.xtec.cat\/iesmallafre\/wp-content\/uploads\/usu105\/2025\/10\/CartellCE2025-212x300.jpg 212w, https:\/\/agora.xtec.cat\/iesmallafre\/wp-content\/uploads\/usu105\/2025\/10\/CartellCE2025-724x1024.jpg 724w, https:\/\/agora.xtec.cat\/iesmallafre\/wp-content\/uploads\/usu105\/2025\/10\/CartellCE2025-768x1087.jpg 768w\" sizes=\"auto, (max-width: 370px) 100vw, 370px\" \/><\/a><strong>Qu\u00e8 \u00e9s el Consell Escolar?<\/strong><\/p>\n<p><span id=\"m_2020812037223877314gmail-docs-internal-guid-853aa785-7fff-60be-6781-ff5d244e392e\">\u00c9s l&#8217;\u00f2rgan col\u00b7legiat de participaci\u00f3 de la comunitat escolar en el govern del centre.\u00a0<\/span><\/p>\n<p><strong>Qui hi ha representat?\u00a0<\/strong><\/p>\n<p><span id=\"m_2020812037223877314gmail-docs-internal-guid-853aa785-7fff-60be-6781-ff5d244e392e\">Hi ha representats tots els col\u00b7lectius que intervenen en la comunitat educativa: director o directora, professorat, alumnes, personal d&#8217;administraci\u00f3 i serveis, etc. Els membres del consell escolar s\u00f3n elegits per un per\u00edode de quatre anys i es renoven per meitats cada dos anys.<\/span><\/p>\n<p><strong>Quines funcions t\u00e9?<\/strong><\/p>\n<p><span id=\"m_2020812037223877314gmail-docs-internal-guid-853aa785-7fff-60be-6781-ff5d244e392e\">En els centres p\u00fablics la seva funci\u00f3 principal \u00e9s la de participar en la presa de decisions en relaci\u00f3 amb aquells temes importants per al funcionament i l\u2019organitzaci\u00f3 del centre com ara, el projecte educatiu, la programaci\u00f3 general o la gesti\u00f3 econ\u00f2mica, entre altres aspectes.<\/span><\/p>\n<p>&nbsp;<\/p>\n<p>&nbsp;<\/p>\n<p>Us animem a presentar-vos per ocupar alguna de les places vacants en cada sector i a participar amb el vostre vot, que ser\u00e0 <strong data-start=\"191\" data-end=\"205\">presencial<\/strong>.<\/p>\n<p><a href=\"https:\/\/agora.xtec.cat\/iesmallafre\/wp-content\/uploads\/usu105\/2025\/10\/CALENDARI-Consell-escolar-Documents-de-Google.pdf\" target=\"_blank\" rel=\"noopener\">Calendari de les eleccions al Consell Escolar de l\u2019INS Dolors Mallafr\u00e8<\/a><\/p>\n","protected":false},"excerpt":{"rendered":"<p><a href=\"https:\/\/agora.xtec.cat\/iesmallafre\/wp-content\/uploads\/usu105\/2025\/10\/CartellCE2025.jpg\"><\/a>Qu\u00e8 \u00e9s el Consell Escolar?<br \/>\n\u00c9s l&#8217;\u00f2rgan col\u00b7legiat de participaci\u00f3 de la comunitat escolar en el govern del centre.\u00a0<br \/>\nQui hi ha representat?\u00a0<br \/>\nHi ha representats tots els col\u00b7lectius que intervenen en la comunitat educativa: director o directora, professorat, alumnes, personal d&#8217;administraci\u00f3 i serveis, etc. Els membres&hellip;  <a href=\"https:\/\/agora.xtec.cat\/iesmallafre\/portada\/eleccions-al-consell-escolar-2\/\" title=\"Read ELECCIONS AL CONSELL ESCOLAR\">Llegeix m\u00e9s\u00bb<\/a><\/p>\n","protected":false},"author":16,"featured_media":25582,"comment_status":"closed","ping_status":"open","sticky":false,"template":"","format":"standard","meta":{"_bbp_topic_count":0,"_bbp_reply_count":0,"_bbp_total_topic_count":0,"_bbp_total_reply_count":0,"_bbp_voice_count":0,"_bbp_anonymous_reply_count":0,"_bbp_topic_count_hidden":0,"_bbp_reply_count_hidden":0,"_bbp_forum_subforum_count":0,"footnotes":""},"categories":[29],"tags":[],"class_list":["post-25581","post","type-post","status-publish","format-standard","has-post-thumbnail","hentry","category-portada"],"post_mailing_queue_ids":[],"_links":{"self":[{"href":"https:\/\/agora.xtec.cat\/iesmallafre\/wp-json\/wp\/v2\/posts\/25581","targetHints":{"allow":["GET"]}}],"collection":[{"href":"https:\/\/agora.xtec.cat\/iesmallafre\/wp-json\/wp\/v2\/posts"}],"about":[{"href":"https:\/\/agora.xtec.cat\/iesmallafre\/wp-json\/wp\/v2\/types\/post"}],"author":[{"embeddable":true,"href":"https:\/\/agora.xtec.cat\/iesmallafre\/wp-json\/wp\/v2\/users\/16"}],"replies":[{"embeddable":true,"href":"https:\/\/agora.xtec.cat\/iesmallafre\/wp-json\/wp\/v2\/comments?post=25581"}],"version-history":[{"count":4,"href":"https:\/\/agora.xtec.cat\/iesmallafre\/wp-json\/wp\/v2\/posts\/25581\/revisions"}],"predecessor-version":[{"id":25584,"href":"https:\/\/agora.xtec.cat\/iesmallafre\/wp-json\/wp\/v2\/posts\/25581\/revisions\/25584"}],"wp:featuredmedia":[{"embeddable":true,"href":"https:\/\/agora.xtec.cat\/iesmallafre\/wp-json\/wp\/v2\/media\/25582"}],"wp:attachment":[{"href":"https:\/\/agora.xtec.cat\/iesmallafre\/wp-json\/wp\/v2\/media?parent=25581"}],"wp:term":[{"taxonomy":"category","embeddable":true,"href":"https:\/\/agora.xtec.cat\/iesmallafre\/wp-json\/wp\/v2\/categories?post=25581"},{"taxonomy":"post_tag","embeddable":true,"href":"https:\/\/agora.xtec.cat\/iesmallafre\/wp-json\/wp\/v2\/tags?post=25581"}],"curies":[{"name":"wp","href":"https:\/\/api.w.org\/{rel}","templated":true}]}}