{"id":25553,"date":"2025-10-15T11:05:03","date_gmt":"2025-10-15T09:05:03","guid":{"rendered":"https:\/\/agora.xtec.cat\/iesmallafre\/?p=25553"},"modified":"2025-10-15T11:05:03","modified_gmt":"2025-10-15T09:05:03","slug":"visita-a-leconomat","status":"publish","type":"post","link":"https:\/\/agora.xtec.cat\/iesmallafre\/eso\/visita-a-leconomat\/","title":{"rendered":"Visita a l\u2019Economat"},"content":{"rendered":"<p data-start=\"0\" data-end=\"268\">L\u2019alumnat de 3r d\u2019ESO ha visitat l\u2019Economat de Vilanova i la Geltr\u00fa dins de les activitats del seu projecte de servei comunitari. L\u2019objectiu d\u2019aquesta sortida \u00e9s con\u00e8ixer de prop el funcionament de l\u2019Economat (C\u00e0ritas) i els projectes solidaris que duen a terme.<\/p>\n<p data-start=\"270\" data-end=\"434\">Les visites s\u2019han programat per als diferents grups: 3r d\u2019ESO A dilluns 13 d\u2019octubre, 3r d\u2019ESO C divendres 17 d\u2019octubre i 3r d\u2019ESO B dilluns 20 d\u2019octubre de 2025.<\/p>\n<p data-start=\"436\" data-end=\"661\" data-is-last-node=\"\" data-is-only-node=\"\">Aquest projecte inclou, a m\u00e9s, la participaci\u00f3 al Gran Recapte el pr\u00f2xim 7 de novembre i la creaci\u00f3 d\u2019un punt de recollida d\u2019aliments i productes d\u2019higiene personal al nostre centre durant els dies previs a Nadal.<\/p>\n<p data-start=\"436\" data-end=\"661\" data-is-last-node=\"\" data-is-only-node=\"\"><a href=\"https:\/\/agora.xtec.cat\/iesmallafre\/wp-content\/uploads\/usu105\/2025\/10\/IMG_20251013_111643-scaled-e1760519033219.jpg\"><img loading=\"lazy\" decoding=\"async\" class=\"wp-image-25554 aligncenter\" src=\"https:\/\/agora.xtec.cat\/iesmallafre\/wp-content\/uploads\/usu105\/2025\/10\/IMG_20251013_111643-scaled-e1760519033219.jpg\" alt=\"\" width=\"585\" height=\"514\" srcset=\"https:\/\/agora.xtec.cat\/iesmallafre\/wp-content\/uploads\/usu105\/2025\/10\/IMG_20251013_111643-scaled-e1760519033219.jpg 1436w, https:\/\/agora.xtec.cat\/iesmallafre\/wp-content\/uploads\/usu105\/2025\/10\/IMG_20251013_111643-scaled-e1760519033219-300x263.jpg 300w, https:\/\/agora.xtec.cat\/iesmallafre\/wp-content\/uploads\/usu105\/2025\/10\/IMG_20251013_111643-scaled-e1760519033219-1024x898.jpg 1024w, https:\/\/agora.xtec.cat\/iesmallafre\/wp-content\/uploads\/usu105\/2025\/10\/IMG_20251013_111643-scaled-e1760519033219-768x674.jpg 768w\" sizes=\"auto, (max-width: 585px) 100vw, 585px\" \/><\/a><\/p>\n<p data-start=\"436\" data-end=\"661\" data-is-last-node=\"\" data-is-only-node=\"\"><a href=\"https:\/\/agora.xtec.cat\/iesmallafre\/wp-content\/uploads\/usu105\/2025\/10\/IMG_20251013_111652-scaled-e1760518995455.jpg\"><img loading=\"lazy\" decoding=\"async\" class=\"wp-image-25555 aligncenter\" src=\"https:\/\/agora.xtec.cat\/iesmallafre\/wp-content\/uploads\/usu105\/2025\/10\/IMG_20251013_111652-scaled-e1760518995455.jpg\" alt=\"\" width=\"610\" height=\"621\" srcset=\"https:\/\/agora.xtec.cat\/iesmallafre\/wp-content\/uploads\/usu105\/2025\/10\/IMG_20251013_111652-scaled-e1760518995455.jpg 1436w, https:\/\/agora.xtec.cat\/iesmallafre\/wp-content\/uploads\/usu105\/2025\/10\/IMG_20251013_111652-scaled-e1760518995455-295x300.jpg 295w, https:\/\/agora.xtec.cat\/iesmallafre\/wp-content\/uploads\/usu105\/2025\/10\/IMG_20251013_111652-scaled-e1760518995455-1007x1024.jpg 1007w, https:\/\/agora.xtec.cat\/iesmallafre\/wp-content\/uploads\/usu105\/2025\/10\/IMG_20251013_111652-scaled-e1760518995455-768x781.jpg 768w\" sizes=\"auto, (max-width: 610px) 100vw, 610px\" \/><\/a><\/p>\n<p data-start=\"436\" data-end=\"661\" data-is-last-node=\"\" data-is-only-node=\"\">\n<p><a href=\"https:\/\/agora.xtec.cat\/iesmallafre\/wp-content\/uploads\/usu105\/2025\/10\/IMG_20251013_112437-scaled-e1760519014359.jpg\"><img loading=\"lazy\" decoding=\"async\" class=\"wp-image-25556 aligncenter\" src=\"https:\/\/agora.xtec.cat\/iesmallafre\/wp-content\/uploads\/usu105\/2025\/10\/IMG_20251013_112437-scaled-e1760519014359.jpg\" alt=\"\" width=\"603\" height=\"557\" srcset=\"https:\/\/agora.xtec.cat\/iesmallafre\/wp-content\/uploads\/usu105\/2025\/10\/IMG_20251013_112437-scaled-e1760519014359.jpg 1436w, https:\/\/agora.xtec.cat\/iesmallafre\/wp-content\/uploads\/usu105\/2025\/10\/IMG_20251013_112437-scaled-e1760519014359-300x277.jpg 300w, https:\/\/agora.xtec.cat\/iesmallafre\/wp-content\/uploads\/usu105\/2025\/10\/IMG_20251013_112437-scaled-e1760519014359-1024x946.jpg 1024w, https:\/\/agora.xtec.cat\/iesmallafre\/wp-content\/uploads\/usu105\/2025\/10\/IMG_20251013_112437-scaled-e1760519014359-768x710.jpg 768w\" sizes=\"auto, (max-width: 603px) 100vw, 603px\" \/><\/a><\/p>\n<p data-start=\"436\" data-end=\"661\" data-is-last-node=\"\" data-is-only-node=\"\">\n<p data-start=\"436\" data-end=\"661\" data-is-last-node=\"\" data-is-only-node=\"\">\n","protected":false},"excerpt":{"rendered":"<p>L\u2019alumnat de 3r d\u2019ESO ha visitat l\u2019Economat de Vilanova i la Geltr\u00fa dins de les activitats del seu projecte de servei comunitari. L\u2019objectiu d\u2019aquesta sortida \u00e9s con\u00e8ixer de prop el funcionament de l\u2019Economat (C\u00e0ritas) i els projectes solidaris que duen a terme.<br \/>\nLes visites s\u2019han programat&hellip;  <a href=\"https:\/\/agora.xtec.cat\/iesmallafre\/eso\/visita-a-leconomat\/\" title=\"Read Visita a l\u2019Economat\">Llegeix m\u00e9s\u00bb<\/a><\/p>\n","protected":false},"author":16,"featured_media":25557,"comment_status":"closed","ping_status":"open","sticky":false,"template":"","format":"standard","meta":{"_bbp_topic_count":0,"_bbp_reply_count":0,"_bbp_total_topic_count":0,"_bbp_total_reply_count":0,"_bbp_voice_count":0,"_bbp_anonymous_reply_count":0,"_bbp_topic_count_hidden":0,"_bbp_reply_count_hidden":0,"_bbp_forum_subforum_count":0,"footnotes":""},"categories":[3,6,29,305],"tags":[],"class_list":["post-25553","post","type-post","status-publish","format-standard","has-post-thumbnail","hentry","category-eso","category-eso-3","category-portada","category-projecte-daprenentatge-i-servei-comunitari"],"post_mailing_queue_ids":[],"_links":{"self":[{"href":"https:\/\/agora.xtec.cat\/iesmallafre\/wp-json\/wp\/v2\/posts\/25553","targetHints":{"allow":["GET"]}}],"collection":[{"href":"https:\/\/agora.xtec.cat\/iesmallafre\/wp-json\/wp\/v2\/posts"}],"about":[{"href":"https:\/\/agora.xtec.cat\/iesmallafre\/wp-json\/wp\/v2\/types\/post"}],"author":[{"embeddable":true,"href":"https:\/\/agora.xtec.cat\/iesmallafre\/wp-json\/wp\/v2\/users\/16"}],"replies":[{"embeddable":true,"href":"https:\/\/agora.xtec.cat\/iesmallafre\/wp-json\/wp\/v2\/comments?post=25553"}],"version-history":[{"count":2,"href":"https:\/\/agora.xtec.cat\/iesmallafre\/wp-json\/wp\/v2\/posts\/25553\/revisions"}],"predecessor-version":[{"id":25559,"href":"https:\/\/agora.xtec.cat\/iesmallafre\/wp-json\/wp\/v2\/posts\/25553\/revisions\/25559"}],"wp:featuredmedia":[{"embeddable":true,"href":"https:\/\/agora.xtec.cat\/iesmallafre\/wp-json\/wp\/v2\/media\/25557"}],"wp:attachment":[{"href":"https:\/\/agora.xtec.cat\/iesmallafre\/wp-json\/wp\/v2\/media?parent=25553"}],"wp:term":[{"taxonomy":"category","embeddable":true,"href":"https:\/\/agora.xtec.cat\/iesmallafre\/wp-json\/wp\/v2\/categories?post=25553"},{"taxonomy":"post_tag","embeddable":true,"href":"https:\/\/agora.xtec.cat\/iesmallafre\/wp-json\/wp\/v2\/tags?post=25553"}],"curies":[{"name":"wp","href":"https:\/\/api.w.org\/{rel}","templated":true}]}}