{"id":25542,"date":"2025-10-09T12:46:43","date_gmt":"2025-10-09T10:46:43","guid":{"rendered":"https:\/\/agora.xtec.cat\/iesmallafre\/?p=25542"},"modified":"2025-10-09T12:46:43","modified_gmt":"2025-10-09T10:46:43","slug":"acte-de-suport-a-palestina","status":"publish","type":"post","link":"https:\/\/agora.xtec.cat\/iesmallafre\/eso\/acte-de-suport-a-palestina\/","title":{"rendered":"Acte de suport a Palestina"},"content":{"rendered":"<p data-start=\"46\" data-end=\"177\">Aquest dijous 9 d\u2019octubre, l\u2019Institut Dolors Mallafr\u00e8 i Ros ha fet un acte de reflexi\u00f3 i comprom\u00eds amb la pau i els drets humans.<\/p>\n<p data-start=\"179\" data-end=\"431\">A les aules, l\u2019alumnat d\u2019ESO i Batxillerat ha treballat el conflicte de Palestina des de la mat\u00e8ria de Ci\u00e8ncies Socials, amb una mirada que posa l\u2019accent en la pau i la import\u00e0ncia del respecte als drets fonamentals.<\/p>\n<p data-start=\"433\" data-end=\"742\">A les 10.00 h, l\u2019alumnat de Batxillerat i part del professorat s\u2019han reunit a l\u2019entrada principal del centre per fer la lectura d\u2019un manifest i guardar un minut de silenci col\u00b7lectiu en suport a les v\u00edctimes del conflicte.<\/p>\n<p data-start=\"744\" data-end=\"938\">D&#8217;altra banda, l\u2019alumnat d\u2019ESO ha elaborat un mural col\u00b7lectiu amb missatges i desitjos de pau, que s&#8217;ha col\u00b7locatl\u2019entrada del centre.<\/p>\n<p data-start=\"940\" data-end=\"1101\" data-is-last-node=\"\" data-is-only-node=\"\">Amb aquest acte, la comunitat educativa del Mallafr\u00e8 ha volgut fer sentir la seva veu en defensa de la pau, la fi de la viol\u00e8ncia i el respecte als drets humans.<\/p>\n<p data-start=\"940\" data-end=\"1101\" data-is-last-node=\"\" data-is-only-node=\"\"><a href=\"https:\/\/agora.xtec.cat\/iesmallafre\/wp-content\/uploads\/usu105\/2025\/10\/WhatsApp-Image-2025-10-09-at-11.48.14.jpeg\"><img loading=\"lazy\" decoding=\"async\" class=\"wp-image-25544 aligncenter\" src=\"https:\/\/agora.xtec.cat\/iesmallafre\/wp-content\/uploads\/usu105\/2025\/10\/WhatsApp-Image-2025-10-09-at-11.48.14.jpeg\" alt=\"\" width=\"523\" height=\"393\" srcset=\"https:\/\/agora.xtec.cat\/iesmallafre\/wp-content\/uploads\/usu105\/2025\/10\/WhatsApp-Image-2025-10-09-at-11.48.14.jpeg 1600w, https:\/\/agora.xtec.cat\/iesmallafre\/wp-content\/uploads\/usu105\/2025\/10\/WhatsApp-Image-2025-10-09-at-11.48.14-300x225.jpeg 300w, https:\/\/agora.xtec.cat\/iesmallafre\/wp-content\/uploads\/usu105\/2025\/10\/WhatsApp-Image-2025-10-09-at-11.48.14-1024x768.jpeg 1024w, https:\/\/agora.xtec.cat\/iesmallafre\/wp-content\/uploads\/usu105\/2025\/10\/WhatsApp-Image-2025-10-09-at-11.48.14-768x576.jpeg 768w, https:\/\/agora.xtec.cat\/iesmallafre\/wp-content\/uploads\/usu105\/2025\/10\/WhatsApp-Image-2025-10-09-at-11.48.14-1536x1152.jpeg 1536w, https:\/\/agora.xtec.cat\/iesmallafre\/wp-content\/uploads\/usu105\/2025\/10\/WhatsApp-Image-2025-10-09-at-11.48.14-200x150.jpeg 200w\" sizes=\"auto, (max-width: 523px) 100vw, 523px\" \/><\/a><\/p>\n<p data-start=\"940\" data-end=\"1101\" data-is-last-node=\"\" data-is-only-node=\"\"><a href=\"https:\/\/agora.xtec.cat\/iesmallafre\/wp-content\/uploads\/usu105\/2025\/10\/WhatsApp-Image-2025-10-09-at-12.13.15.jpeg\"><img loading=\"lazy\" decoding=\"async\" class=\"wp-image-25543 aligncenter\" src=\"https:\/\/agora.xtec.cat\/iesmallafre\/wp-content\/uploads\/usu105\/2025\/10\/WhatsApp-Image-2025-10-09-at-12.13.15.jpeg\" alt=\"\" width=\"579\" height=\"434\" srcset=\"https:\/\/agora.xtec.cat\/iesmallafre\/wp-content\/uploads\/usu105\/2025\/10\/WhatsApp-Image-2025-10-09-at-12.13.15.jpeg 2016w, https:\/\/agora.xtec.cat\/iesmallafre\/wp-content\/uploads\/usu105\/2025\/10\/WhatsApp-Image-2025-10-09-at-12.13.15-300x225.jpeg 300w, https:\/\/agora.xtec.cat\/iesmallafre\/wp-content\/uploads\/usu105\/2025\/10\/WhatsApp-Image-2025-10-09-at-12.13.15-1024x768.jpeg 1024w, https:\/\/agora.xtec.cat\/iesmallafre\/wp-content\/uploads\/usu105\/2025\/10\/WhatsApp-Image-2025-10-09-at-12.13.15-768x576.jpeg 768w, https:\/\/agora.xtec.cat\/iesmallafre\/wp-content\/uploads\/usu105\/2025\/10\/WhatsApp-Image-2025-10-09-at-12.13.15-1536x1152.jpeg 1536w, https:\/\/agora.xtec.cat\/iesmallafre\/wp-content\/uploads\/usu105\/2025\/10\/WhatsApp-Image-2025-10-09-at-12.13.15-200x150.jpeg 200w\" sizes=\"auto, (max-width: 579px) 100vw, 579px\" \/><\/a><\/p>\n","protected":false},"excerpt":{"rendered":"<p>Aquest dijous 9 d\u2019octubre, l\u2019Institut Dolors Mallafr\u00e8 i Ros ha fet un acte de reflexi\u00f3 i comprom\u00eds amb la pau i els drets humans.<br \/>\nA les aules, l\u2019alumnat d\u2019ESO i Batxillerat ha treballat el conflicte de Palestina des de la mat\u00e8ria de Ci\u00e8ncies Socials, amb una&hellip;  <a href=\"https:\/\/agora.xtec.cat\/iesmallafre\/eso\/acte-de-suport-a-palestina\/\" title=\"Read Acte de suport a Palestina\">Llegeix m\u00e9s\u00bb<\/a><\/p>\n","protected":false},"author":16,"featured_media":25543,"comment_status":"closed","ping_status":"open","sticky":false,"template":"","format":"standard","meta":{"_bbp_topic_count":0,"_bbp_reply_count":0,"_bbp_total_topic_count":0,"_bbp_total_reply_count":0,"_bbp_voice_count":0,"_bbp_anonymous_reply_count":0,"_bbp_topic_count_hidden":0,"_bbp_reply_count_hidden":0,"_bbp_forum_subforum_count":0,"footnotes":""},"categories":[8,3,29],"tags":[],"class_list":["post-25542","post","type-post","status-publish","format-standard","has-post-thumbnail","hentry","category-batxillerat","category-eso","category-portada"],"post_mailing_queue_ids":[],"_links":{"self":[{"href":"https:\/\/agora.xtec.cat\/iesmallafre\/wp-json\/wp\/v2\/posts\/25542","targetHints":{"allow":["GET"]}}],"collection":[{"href":"https:\/\/agora.xtec.cat\/iesmallafre\/wp-json\/wp\/v2\/posts"}],"about":[{"href":"https:\/\/agora.xtec.cat\/iesmallafre\/wp-json\/wp\/v2\/types\/post"}],"author":[{"embeddable":true,"href":"https:\/\/agora.xtec.cat\/iesmallafre\/wp-json\/wp\/v2\/users\/16"}],"replies":[{"embeddable":true,"href":"https:\/\/agora.xtec.cat\/iesmallafre\/wp-json\/wp\/v2\/comments?post=25542"}],"version-history":[{"count":2,"href":"https:\/\/agora.xtec.cat\/iesmallafre\/wp-json\/wp\/v2\/posts\/25542\/revisions"}],"predecessor-version":[{"id":25546,"href":"https:\/\/agora.xtec.cat\/iesmallafre\/wp-json\/wp\/v2\/posts\/25542\/revisions\/25546"}],"wp:featuredmedia":[{"embeddable":true,"href":"https:\/\/agora.xtec.cat\/iesmallafre\/wp-json\/wp\/v2\/media\/25543"}],"wp:attachment":[{"href":"https:\/\/agora.xtec.cat\/iesmallafre\/wp-json\/wp\/v2\/media?parent=25542"}],"wp:term":[{"taxonomy":"category","embeddable":true,"href":"https:\/\/agora.xtec.cat\/iesmallafre\/wp-json\/wp\/v2\/categories?post=25542"},{"taxonomy":"post_tag","embeddable":true,"href":"https:\/\/agora.xtec.cat\/iesmallafre\/wp-json\/wp\/v2\/tags?post=25542"}],"curies":[{"name":"wp","href":"https:\/\/api.w.org\/{rel}","templated":true}]}}