{"id":25520,"date":"2025-09-26T09:50:15","date_gmt":"2025-09-26T07:50:15","guid":{"rendered":"https:\/\/agora.xtec.cat\/iesmallafre\/?p=25520"},"modified":"2025-09-26T09:52:07","modified_gmt":"2025-09-26T07:52:07","slug":"pla-de-digitalitzacio-responsable","status":"publish","type":"post","link":"https:\/\/agora.xtec.cat\/iesmallafre\/portada\/pla-de-digitalitzacio-responsable\/","title":{"rendered":"Pla de digitalitzaci\u00f3 responsable"},"content":{"rendered":"<p data-start=\"82\" data-end=\"479\">El Departament d\u2019Educaci\u00f3 i Formaci\u00f3 Professional est\u00e0 impulsant un Pla de digitalitzaci\u00f3 responsable que involucra tota la comunitat educativa i, molt especialment, les fam\u00edlies. L\u2019objectiu \u00e9s garantir que l\u2019alumnat adquireixi la compet\u00e8ncia digital necess\u00e0ria, alhora que s\u2019afavoreix un \u00fas adequat, \u00e8tic, saludable i responsable dels dispositius, posant-los sempre al servei de l\u2019aprenentatge.<\/p>\n<p data-start=\"481\" data-end=\"707\">Aquest pla vol oferir eines i recursos per acompanyar les fam\u00edlies en la gesti\u00f3 de la digitalitzaci\u00f3 a casa: com establir l\u00edmits en l\u2019\u00fas de pantalles, fomentar h\u00e0bits saludables i treballar de manera coordinada amb l\u2019escola.<\/p>\n<p data-start=\"709\" data-end=\"870\" data-is-last-node=\"\" data-is-only-node=\"\">D\u2019aquesta manera, es vol assegurar que la tecnologia sigui un aliat en el proc\u00e9s educatiu i que contribueixi al desenvolupament de l&#8217;alumnat.<\/p>\n<p data-start=\"709\" data-end=\"870\" data-is-last-node=\"\" data-is-only-node=\"\"><a href=\"https:\/\/agora.xtec.cat\/iesmallafre\/wp-content\/uploads\/usu105\/2025\/09\/Pla-digitalitzacio-responsable.pdf\" target=\"_blank\" rel=\"noopener\">Fent click aqu\u00ed podeu veure una petita presentaci\u00f3.<\/a><\/p>\n<p data-start=\"709\" data-end=\"870\" data-is-last-node=\"\" data-is-only-node=\"\"><a href=\"https:\/\/agora.xtec.cat\/iesmallafre\/wp-content\/uploads\/usu105\/2025\/09\/guia-families.pdf\" target=\"_blank\" rel=\"noopener\">I aqu\u00ed la guia titulada &#8220;Menys pantalla, m\u00e9s vida!&#8221;\u00a0<\/a><\/p>\n<p data-start=\"709\" data-end=\"870\" data-is-last-node=\"\" data-is-only-node=\"\">Tamb\u00e9 us convidem a veure el seg\u00fcent <a href=\"https:\/\/www.youtube.com\/watch?v=wn7_gVc0FQc\" target=\"_blank\" rel=\"noopener\">v\u00eddeo<\/a>.<\/p>\n<p>Fem un \u00fas adequat, \u00e8tic, saludable i responsable dels dispositius.<\/p>\n","protected":false},"excerpt":{"rendered":"<p>El Departament d\u2019Educaci\u00f3 i Formaci\u00f3 Professional est\u00e0 impulsant un Pla de digitalitzaci\u00f3 responsable que involucra tota la comunitat educativa i, molt especialment, les fam\u00edlies. L\u2019objectiu \u00e9s garantir que l\u2019alumnat adquireixi la compet\u00e8ncia digital necess\u00e0ria, alhora que s\u2019afavoreix un \u00fas adequat, \u00e8tic, saludable i responsable dels&hellip;  <a href=\"https:\/\/agora.xtec.cat\/iesmallafre\/portada\/pla-de-digitalitzacio-responsable\/\" title=\"Read Pla de digitalitzaci\u00f3 responsable\">Llegeix m\u00e9s\u00bb<\/a><\/p>\n","protected":false},"author":16,"featured_media":25523,"comment_status":"closed","ping_status":"open","sticky":false,"template":"","format":"standard","meta":{"_bbp_topic_count":0,"_bbp_reply_count":0,"_bbp_total_topic_count":0,"_bbp_total_reply_count":0,"_bbp_voice_count":0,"_bbp_anonymous_reply_count":0,"_bbp_topic_count_hidden":0,"_bbp_reply_count_hidden":0,"_bbp_forum_subforum_count":0,"footnotes":""},"categories":[29],"tags":[],"class_list":["post-25520","post","type-post","status-publish","format-standard","has-post-thumbnail","hentry","category-portada"],"post_mailing_queue_ids":[],"_links":{"self":[{"href":"https:\/\/agora.xtec.cat\/iesmallafre\/wp-json\/wp\/v2\/posts\/25520","targetHints":{"allow":["GET"]}}],"collection":[{"href":"https:\/\/agora.xtec.cat\/iesmallafre\/wp-json\/wp\/v2\/posts"}],"about":[{"href":"https:\/\/agora.xtec.cat\/iesmallafre\/wp-json\/wp\/v2\/types\/post"}],"author":[{"embeddable":true,"href":"https:\/\/agora.xtec.cat\/iesmallafre\/wp-json\/wp\/v2\/users\/16"}],"replies":[{"embeddable":true,"href":"https:\/\/agora.xtec.cat\/iesmallafre\/wp-json\/wp\/v2\/comments?post=25520"}],"version-history":[{"count":3,"href":"https:\/\/agora.xtec.cat\/iesmallafre\/wp-json\/wp\/v2\/posts\/25520\/revisions"}],"predecessor-version":[{"id":25527,"href":"https:\/\/agora.xtec.cat\/iesmallafre\/wp-json\/wp\/v2\/posts\/25520\/revisions\/25527"}],"wp:featuredmedia":[{"embeddable":true,"href":"https:\/\/agora.xtec.cat\/iesmallafre\/wp-json\/wp\/v2\/media\/25523"}],"wp:attachment":[{"href":"https:\/\/agora.xtec.cat\/iesmallafre\/wp-json\/wp\/v2\/media?parent=25520"}],"wp:term":[{"taxonomy":"category","embeddable":true,"href":"https:\/\/agora.xtec.cat\/iesmallafre\/wp-json\/wp\/v2\/categories?post=25520"},{"taxonomy":"post_tag","embeddable":true,"href":"https:\/\/agora.xtec.cat\/iesmallafre\/wp-json\/wp\/v2\/tags?post=25520"}],"curies":[{"name":"wp","href":"https:\/\/api.w.org\/{rel}","templated":true}]}}