{"id":25340,"date":"2025-06-16T13:50:04","date_gmt":"2025-06-16T11:50:04","guid":{"rendered":"https:\/\/agora.xtec.cat\/iesmallafre\/?p=25340"},"modified":"2025-06-17T11:49:58","modified_gmt":"2025-06-17T09:49:58","slug":"el-projecte-decodelegats-des-sadhereix-al-democrat","status":"publish","type":"post","link":"https:\/\/agora.xtec.cat\/iesmallafre\/general\/el-projecte-decodelegats-des-sadhereix-al-democrat\/","title":{"rendered":"El projecte d\u2019Ecodelegats\/des s\u2019adhereix al DEMOCRAT"},"content":{"rendered":"<p>L\u2019Institut Dolors Mallafr\u00e8 continua apostant per l\u2019educaci\u00f3 en valors, el comprom\u00eds c\u00edvic i la participaci\u00f3 activa de l\u2019alumnat. En aquesta l\u00ednia, el projecte d\u2019Ecodelegats\/des del centre s\u2019ha adherit al projecte DEMOCRAT, un programa d\u2019educaci\u00f3 per a una ciutadania democr\u00e0tica responsable.<\/p>\n<p>DEMOCRAT \u00e9s un projecte finan\u00e7at pel programa HORIZON EU, Liderat per la Universitat de Barcelona. El projecte compta amb 10 socis de 8 pa\u00efsos: Tallinn University (Est\u00f2nia), Helsingin Yliopisto (Finl\u00e0ndia), Hochshule Dusseldorf (Alemanya), Uniwersytet Jagiellonsku (Pol\u00f2nia), Dublin City University (Irlanda), Foundation for Global Govenrance and Sustainbility (Belgica), Stichting international parents Alliance (Pa\u00efsos Baixos), European Universities Continuing Education Networks (Pa\u00efsos Baixos).<\/p>\n<p>L\u2019objectiu \u00e9s desenvolupar un marc de compet\u00e8ncies europea per a la ciutadania democr\u00e0tica responsable, i marcs pedag\u00f2gics adequats. Els materials treballats seran inclosos en una caixa d\u2019eines a la disposici\u00f3 de les comunitats educatives i les universitats o altres centres formatius per a la formaci\u00f3 de mestres i professors de l\u2019educaci\u00f3 prim\u00e0ria i secund\u00e0ria. Cal destacar que aquests materials seran testats en comunitats educatives de cada pa\u00eds dels socis del projecte.<\/p>\n<p>Al mes de juny de 2024 hi va haver a Dubl\u00edn un dels tallers per presentar els diferents projectes, entre ells el nostre. Durant aquest curs hi estem vinculats.<\/p>\n<p><a href=\"https:\/\/agora.democrat-horizon.eu\/PilotProjects.php\" target=\"_blank\" rel=\"noopener\">DEMOCRAT: Educaci\u00f3 per a una ciutadania democr\u00e0ticament responsable<\/a><\/p>\n<p><a href=\"https:\/\/agora.xtec.cat\/iesmallafre\/wp-content\/uploads\/usu105\/2025\/06\/1000048643-rotated.jpg\"><img loading=\"lazy\" decoding=\"async\" class=\"wp-image-25345 aligncenter\" src=\"https:\/\/agora.xtec.cat\/iesmallafre\/wp-content\/uploads\/usu105\/2025\/06\/1000048643-rotated.jpg\" alt=\"\" width=\"418\" height=\"558\" srcset=\"https:\/\/agora.xtec.cat\/iesmallafre\/wp-content\/uploads\/usu105\/2025\/06\/1000048643-rotated.jpg 1500w, https:\/\/agora.xtec.cat\/iesmallafre\/wp-content\/uploads\/usu105\/2025\/06\/1000048643-225x300.jpg 225w, https:\/\/agora.xtec.cat\/iesmallafre\/wp-content\/uploads\/usu105\/2025\/06\/1000048643-768x1024.jpg 768w, https:\/\/agora.xtec.cat\/iesmallafre\/wp-content\/uploads\/usu105\/2025\/06\/1000048643-1152x1536.jpg 1152w\" sizes=\"auto, (max-width: 418px) 100vw, 418px\" \/><\/a><\/p>\n<p><a href=\"https:\/\/agora.xtec.cat\/iesmallafre\/wp-content\/uploads\/usu105\/2025\/06\/1000048636-e1750074567687.jpg\"><img loading=\"lazy\" decoding=\"async\" class=\"wp-image-25344 aligncenter\" src=\"https:\/\/agora.xtec.cat\/iesmallafre\/wp-content\/uploads\/usu105\/2025\/06\/1000048636-e1750074567687.jpg\" alt=\"\" width=\"412\" height=\"202\" srcset=\"https:\/\/agora.xtec.cat\/iesmallafre\/wp-content\/uploads\/usu105\/2025\/06\/1000048636-e1750074567687.jpg 1600w, https:\/\/agora.xtec.cat\/iesmallafre\/wp-content\/uploads\/usu105\/2025\/06\/1000048636-e1750074567687-300x147.jpg 300w, https:\/\/agora.xtec.cat\/iesmallafre\/wp-content\/uploads\/usu105\/2025\/06\/1000048636-e1750074567687-1024x502.jpg 1024w, https:\/\/agora.xtec.cat\/iesmallafre\/wp-content\/uploads\/usu105\/2025\/06\/1000048636-e1750074567687-768x376.jpg 768w, https:\/\/agora.xtec.cat\/iesmallafre\/wp-content\/uploads\/usu105\/2025\/06\/1000048636-e1750074567687-1536x753.jpg 1536w\" sizes=\"auto, (max-width: 412px) 100vw, 412px\" \/><\/a><\/p>\n<p><a href=\"https:\/\/agora.xtec.cat\/iesmallafre\/wp-content\/uploads\/usu105\/2025\/06\/Democrat2.png\"><img loading=\"lazy\" decoding=\"async\" class=\"wp-image-25353 aligncenter\" src=\"https:\/\/agora.xtec.cat\/iesmallafre\/wp-content\/uploads\/usu105\/2025\/06\/Democrat2.png\" alt=\"\" width=\"331\" height=\"331\" srcset=\"https:\/\/agora.xtec.cat\/iesmallafre\/wp-content\/uploads\/usu105\/2025\/06\/Democrat2.png 500w, https:\/\/agora.xtec.cat\/iesmallafre\/wp-content\/uploads\/usu105\/2025\/06\/Democrat2-300x300.png 300w, https:\/\/agora.xtec.cat\/iesmallafre\/wp-content\/uploads\/usu105\/2025\/06\/Democrat2-150x150.png 150w\" sizes=\"auto, (max-width: 331px) 100vw, 331px\" \/><\/a><\/p>\n","protected":false},"excerpt":{"rendered":"<p>L\u2019Institut Dolors Mallafr\u00e8 continua apostant per l\u2019educaci\u00f3 en valors, el comprom\u00eds c\u00edvic i la participaci\u00f3 activa de l\u2019alumnat. En aquesta l\u00ednia, el projecte d\u2019Ecodelegats\/des del centre s\u2019ha adherit al projecte DEMOCRAT, un programa d\u2019educaci\u00f3 per a una ciutadania democr\u00e0tica responsable.<br \/>\nDEMOCRAT \u00e9s un projecte finan\u00e7at pel&hellip;  <a href=\"https:\/\/agora.xtec.cat\/iesmallafre\/general\/el-projecte-decodelegats-des-sadhereix-al-democrat\/\" title=\"Read El projecte d\u2019Ecodelegats\/des s\u2019adhereix al DEMOCRAT\">Llegeix m\u00e9s\u00bb<\/a><\/p>\n","protected":false},"author":16,"featured_media":25343,"comment_status":"closed","ping_status":"open","sticky":false,"template":"","format":"standard","meta":{"_bbp_topic_count":0,"_bbp_reply_count":0,"_bbp_total_topic_count":0,"_bbp_total_reply_count":0,"_bbp_voice_count":0,"_bbp_anonymous_reply_count":0,"_bbp_topic_count_hidden":0,"_bbp_reply_count_hidden":0,"_bbp_forum_subforum_count":0,"footnotes":""},"categories":[306,1],"tags":[],"class_list":["post-25340","post","type-post","status-publish","format-standard","has-post-thumbnail","hentry","category-escola-verda","category-general"],"post_mailing_queue_ids":[],"_links":{"self":[{"href":"https:\/\/agora.xtec.cat\/iesmallafre\/wp-json\/wp\/v2\/posts\/25340","targetHints":{"allow":["GET"]}}],"collection":[{"href":"https:\/\/agora.xtec.cat\/iesmallafre\/wp-json\/wp\/v2\/posts"}],"about":[{"href":"https:\/\/agora.xtec.cat\/iesmallafre\/wp-json\/wp\/v2\/types\/post"}],"author":[{"embeddable":true,"href":"https:\/\/agora.xtec.cat\/iesmallafre\/wp-json\/wp\/v2\/users\/16"}],"replies":[{"embeddable":true,"href":"https:\/\/agora.xtec.cat\/iesmallafre\/wp-json\/wp\/v2\/comments?post=25340"}],"version-history":[{"count":5,"href":"https:\/\/agora.xtec.cat\/iesmallafre\/wp-json\/wp\/v2\/posts\/25340\/revisions"}],"predecessor-version":[{"id":25363,"href":"https:\/\/agora.xtec.cat\/iesmallafre\/wp-json\/wp\/v2\/posts\/25340\/revisions\/25363"}],"wp:featuredmedia":[{"embeddable":true,"href":"https:\/\/agora.xtec.cat\/iesmallafre\/wp-json\/wp\/v2\/media\/25343"}],"wp:attachment":[{"href":"https:\/\/agora.xtec.cat\/iesmallafre\/wp-json\/wp\/v2\/media?parent=25340"}],"wp:term":[{"taxonomy":"category","embeddable":true,"href":"https:\/\/agora.xtec.cat\/iesmallafre\/wp-json\/wp\/v2\/categories?post=25340"},{"taxonomy":"post_tag","embeddable":true,"href":"https:\/\/agora.xtec.cat\/iesmallafre\/wp-json\/wp\/v2\/tags?post=25340"}],"curies":[{"name":"wp","href":"https:\/\/api.w.org\/{rel}","templated":true}]}}