{"id":25295,"date":"2025-06-02T14:20:14","date_gmt":"2025-06-02T12:20:14","guid":{"rendered":"https:\/\/agora.xtec.cat\/iesmallafre\/?p=25295"},"modified":"2025-06-02T14:20:14","modified_gmt":"2025-06-02T12:20:14","slug":"acte-dhomenatge-al-professor-antoni-navarro","status":"publish","type":"post","link":"https:\/\/agora.xtec.cat\/iesmallafre\/general\/acte-dhomenatge-al-professor-antoni-navarro\/","title":{"rendered":"Acte d\u2019homenatge al professor Antoni Navarro"},"content":{"rendered":"<p data-start=\"77\" data-end=\"230\">El passat octubre el nostre estimat company Antoni Navarro ens va deixar per causa d&#8217;una malaltia.\u00a0Us convidem a l\u2019acte d\u2019homenatge que tindr\u00e0 lloc el pr\u00f2xim dilluns 16 de juny a les 18.30 h al nostre institut.<\/p>\n<p data-start=\"232\" data-end=\"430\">Ser\u00e0 una trobada oberta a tota la comunitat educativa, amb intervencions del professorat i l\u2019alumnat, m\u00fasica en directe i una acci\u00f3 simb\u00f2lica per recordar-lo i honorar la seva traject\u00f2ria al centre.<\/p>\n<p data-start=\"432\" data-end=\"606\">Us animem a assistir-hi i a fer-ne difusi\u00f3 entre aquelles persones que cregueu que hi poden estar interessades, especialment qui ha compartit cam\u00ed amb ell al llarg dels anys.<\/p>\n<p data-start=\"608\" data-end=\"665\" data-is-last-node=\"\" data-is-only-node=\"\">Moltes gr\u00e0cies per compartir aquest moment amb nosaltres.<\/p>\n<p data-start=\"608\" data-end=\"665\" data-is-last-node=\"\" data-is-only-node=\"\"><a href=\"https:\/\/agora.xtec.cat\/iesmallafre\/wp-content\/uploads\/usu105\/2025\/06\/1000328362.jpg\"><img loading=\"lazy\" decoding=\"async\" class=\"alignnone size-full wp-image-25297\" src=\"https:\/\/agora.xtec.cat\/iesmallafre\/wp-content\/uploads\/usu105\/2025\/06\/1000328362.jpg\" alt=\"\" width=\"989\" height=\"1409\" srcset=\"https:\/\/agora.xtec.cat\/iesmallafre\/wp-content\/uploads\/usu105\/2025\/06\/1000328362.jpg 989w, https:\/\/agora.xtec.cat\/iesmallafre\/wp-content\/uploads\/usu105\/2025\/06\/1000328362-211x300.jpg 211w, https:\/\/agora.xtec.cat\/iesmallafre\/wp-content\/uploads\/usu105\/2025\/06\/1000328362-719x1024.jpg 719w, https:\/\/agora.xtec.cat\/iesmallafre\/wp-content\/uploads\/usu105\/2025\/06\/1000328362-768x1094.jpg 768w\" sizes=\"auto, (max-width: 989px) 100vw, 989px\" \/><\/a><\/p>\n<p data-start=\"608\" data-end=\"665\" data-is-last-node=\"\" data-is-only-node=\"\">\n","protected":false},"excerpt":{"rendered":"<p>El passat octubre el nostre estimat company Antoni Navarro ens va deixar per causa d&#8217;una malaltia.\u00a0Us convidem a l\u2019acte d\u2019homenatge que tindr\u00e0 lloc el pr\u00f2xim dilluns 16 de juny a les 18.30 h al nostre institut.<br \/>\nSer\u00e0 una trobada oberta a tota la comunitat educativa, amb&hellip;  <a href=\"https:\/\/agora.xtec.cat\/iesmallafre\/general\/acte-dhomenatge-al-professor-antoni-navarro\/\" title=\"Read Acte d\u2019homenatge al professor Antoni Navarro\">Llegeix m\u00e9s\u00bb<\/a><\/p>\n","protected":false},"author":16,"featured_media":25297,"comment_status":"closed","ping_status":"closed","sticky":false,"template":"","format":"standard","meta":{"_bbp_topic_count":0,"_bbp_reply_count":0,"_bbp_total_topic_count":0,"_bbp_total_reply_count":0,"_bbp_voice_count":0,"_bbp_anonymous_reply_count":0,"_bbp_topic_count_hidden":0,"_bbp_reply_count_hidden":0,"_bbp_forum_subforum_count":0,"footnotes":""},"categories":[1,29],"tags":[],"class_list":["post-25295","post","type-post","status-publish","format-standard","has-post-thumbnail","hentry","category-general","category-portada"],"post_mailing_queue_ids":[],"_links":{"self":[{"href":"https:\/\/agora.xtec.cat\/iesmallafre\/wp-json\/wp\/v2\/posts\/25295","targetHints":{"allow":["GET"]}}],"collection":[{"href":"https:\/\/agora.xtec.cat\/iesmallafre\/wp-json\/wp\/v2\/posts"}],"about":[{"href":"https:\/\/agora.xtec.cat\/iesmallafre\/wp-json\/wp\/v2\/types\/post"}],"author":[{"embeddable":true,"href":"https:\/\/agora.xtec.cat\/iesmallafre\/wp-json\/wp\/v2\/users\/16"}],"replies":[{"embeddable":true,"href":"https:\/\/agora.xtec.cat\/iesmallafre\/wp-json\/wp\/v2\/comments?post=25295"}],"version-history":[{"count":2,"href":"https:\/\/agora.xtec.cat\/iesmallafre\/wp-json\/wp\/v2\/posts\/25295\/revisions"}],"predecessor-version":[{"id":25298,"href":"https:\/\/agora.xtec.cat\/iesmallafre\/wp-json\/wp\/v2\/posts\/25295\/revisions\/25298"}],"wp:featuredmedia":[{"embeddable":true,"href":"https:\/\/agora.xtec.cat\/iesmallafre\/wp-json\/wp\/v2\/media\/25297"}],"wp:attachment":[{"href":"https:\/\/agora.xtec.cat\/iesmallafre\/wp-json\/wp\/v2\/media?parent=25295"}],"wp:term":[{"taxonomy":"category","embeddable":true,"href":"https:\/\/agora.xtec.cat\/iesmallafre\/wp-json\/wp\/v2\/categories?post=25295"},{"taxonomy":"post_tag","embeddable":true,"href":"https:\/\/agora.xtec.cat\/iesmallafre\/wp-json\/wp\/v2\/tags?post=25295"}],"curies":[{"name":"wp","href":"https:\/\/api.w.org\/{rel}","templated":true}]}}