{"id":25288,"date":"2025-05-27T13:26:59","date_gmt":"2025-05-27T11:26:59","guid":{"rendered":"https:\/\/agora.xtec.cat\/iesmallafre\/?p=25288"},"modified":"2025-05-27T13:27:41","modified_gmt":"2025-05-27T11:27:41","slug":"cicle-de-grau-superior-en-tecniques-dactuacio-teatral","status":"publish","type":"post","link":"https:\/\/agora.xtec.cat\/iesmallafre\/portada\/cicle-de-grau-superior-en-tecniques-dactuacio-teatral\/","title":{"rendered":"Cicle de Grau Superior en T\u00e8cniques d&#8217;Actuaci\u00f3 Teatral al Mallafr\u00e8"},"content":{"rendered":"<p>Per accedir a aquest cicle cal tenir el t\u00edtol de batxillerat o un d&#8217;equivalent, o haver superat la prova d&#8217;acc\u00e9s als cicles formatius de grau superior d&#8217;arts pl\u00e0stiques i disseny.<br \/>\nEn qualsevol cas, tamb\u00e9 cal superar una prova espec\u00edfica d&#8217;acc\u00e9s, que permet a l&#8217;aspirant demostrar les aptituds necess\u00e0ries per cursar aquest ensenyament. La superaci\u00f3 d&#8217;aquesta prova tindr\u00e0 validesa durant el curs acad\u00e8mic corresponent a l&#8217;any en qu\u00e8 es faci la prova.<\/p>\n<ul>\n<li><strong>Cal fer la inscripci\u00f3 a la prova d\u2019acc\u00e9s del del 22 d&#8217;abril al 4 de juny de 2025<br \/>\n<\/strong><\/li>\n<li><strong>Per formalitzar la inscripci\u00f3 a la prova d&#8217;acc\u00e9s, cal omplir la <a href=\"https:\/\/documents.espai.educacio.gencat.cat\/FormularisModels\/CentresDocumentacioAcademica\/CircTeatre\/A168.pdf\" target=\"_blank\" rel=\"noopener\">sol\u00b7licitud<\/a> i portar-la presencialment al centre.<\/strong><\/li>\n<\/ul>\n<p><a href=\"https:\/\/triaeducativa.gencat.cat\/ca\/proves\/proves-acces\/arts-esceniques\/actuacio-teatral\/\" target=\"_blank\" rel=\"noopener\">M\u00e9s informaci\u00f3 AQU\u00cd<\/a><\/p>\n<p><a href=\"https:\/\/agora.xtec.cat\/iesmallafre\/wp-content\/uploads\/usu105\/2025\/05\/NOU-CICLE-FORMATIU-DE-GRAU-SUPERIOR.jpg\"><img loading=\"lazy\" decoding=\"async\" class=\" wp-image-25261 aligncenter\" src=\"https:\/\/agora.xtec.cat\/iesmallafre\/wp-content\/uploads\/usu105\/2025\/05\/NOU-CICLE-FORMATIU-DE-GRAU-SUPERIOR.jpg\" alt=\"\" width=\"488\" height=\"690\" srcset=\"https:\/\/agora.xtec.cat\/iesmallafre\/wp-content\/uploads\/usu105\/2025\/05\/NOU-CICLE-FORMATIU-DE-GRAU-SUPERIOR.jpg 1587w, https:\/\/agora.xtec.cat\/iesmallafre\/wp-content\/uploads\/usu105\/2025\/05\/NOU-CICLE-FORMATIU-DE-GRAU-SUPERIOR-212x300.jpg 212w, https:\/\/agora.xtec.cat\/iesmallafre\/wp-content\/uploads\/usu105\/2025\/05\/NOU-CICLE-FORMATIU-DE-GRAU-SUPERIOR-724x1024.jpg 724w, https:\/\/agora.xtec.cat\/iesmallafre\/wp-content\/uploads\/usu105\/2025\/05\/NOU-CICLE-FORMATIU-DE-GRAU-SUPERIOR-768x1086.jpg 768w, https:\/\/agora.xtec.cat\/iesmallafre\/wp-content\/uploads\/usu105\/2025\/05\/NOU-CICLE-FORMATIU-DE-GRAU-SUPERIOR-1086x1536.jpg 1086w, https:\/\/agora.xtec.cat\/iesmallafre\/wp-content\/uploads\/usu105\/2025\/05\/NOU-CICLE-FORMATIU-DE-GRAU-SUPERIOR-1448x2048.jpg 1448w\" sizes=\"auto, (max-width: 488px) 100vw, 488px\" \/><\/a><\/p>\n","protected":false},"excerpt":{"rendered":"<p>Per accedir a aquest cicle cal tenir el t\u00edtol de batxillerat o un d&#8217;equivalent, o haver superat la prova d&#8217;acc\u00e9s als cicles formatius de grau superior d&#8217;arts pl\u00e0stiques i disseny.<br \/>\nEn qualsevol cas, tamb\u00e9 cal superar una prova espec\u00edfica d&#8217;acc\u00e9s, que permet a l&#8217;aspirant demostrar les&hellip;  <a href=\"https:\/\/agora.xtec.cat\/iesmallafre\/portada\/cicle-de-grau-superior-en-tecniques-dactuacio-teatral\/\" title=\"Read Cicle de Grau Superior en T\u00e8cniques d&#8217;Actuaci\u00f3 Teatral al Mallafr\u00e8\">Llegeix m\u00e9s\u00bb<\/a><\/p>\n","protected":false},"author":16,"featured_media":25261,"comment_status":"closed","ping_status":"closed","sticky":false,"template":"","format":"standard","meta":{"_bbp_topic_count":0,"_bbp_reply_count":0,"_bbp_total_topic_count":0,"_bbp_total_reply_count":0,"_bbp_voice_count":0,"_bbp_anonymous_reply_count":0,"_bbp_topic_count_hidden":0,"_bbp_reply_count_hidden":0,"_bbp_forum_subforum_count":0,"footnotes":""},"categories":[30,29],"tags":[],"class_list":["post-25288","post","type-post","status-publish","format-standard","has-post-thumbnail","hentry","category-cicles-formatius","category-portada"],"post_mailing_queue_ids":[],"_links":{"self":[{"href":"https:\/\/agora.xtec.cat\/iesmallafre\/wp-json\/wp\/v2\/posts\/25288","targetHints":{"allow":["GET"]}}],"collection":[{"href":"https:\/\/agora.xtec.cat\/iesmallafre\/wp-json\/wp\/v2\/posts"}],"about":[{"href":"https:\/\/agora.xtec.cat\/iesmallafre\/wp-json\/wp\/v2\/types\/post"}],"author":[{"embeddable":true,"href":"https:\/\/agora.xtec.cat\/iesmallafre\/wp-json\/wp\/v2\/users\/16"}],"replies":[{"embeddable":true,"href":"https:\/\/agora.xtec.cat\/iesmallafre\/wp-json\/wp\/v2\/comments?post=25288"}],"version-history":[{"count":2,"href":"https:\/\/agora.xtec.cat\/iesmallafre\/wp-json\/wp\/v2\/posts\/25288\/revisions"}],"predecessor-version":[{"id":25290,"href":"https:\/\/agora.xtec.cat\/iesmallafre\/wp-json\/wp\/v2\/posts\/25288\/revisions\/25290"}],"wp:featuredmedia":[{"embeddable":true,"href":"https:\/\/agora.xtec.cat\/iesmallafre\/wp-json\/wp\/v2\/media\/25261"}],"wp:attachment":[{"href":"https:\/\/agora.xtec.cat\/iesmallafre\/wp-json\/wp\/v2\/media?parent=25288"}],"wp:term":[{"taxonomy":"category","embeddable":true,"href":"https:\/\/agora.xtec.cat\/iesmallafre\/wp-json\/wp\/v2\/categories?post=25288"},{"taxonomy":"post_tag","embeddable":true,"href":"https:\/\/agora.xtec.cat\/iesmallafre\/wp-json\/wp\/v2\/tags?post=25288"}],"curies":[{"name":"wp","href":"https:\/\/api.w.org\/{rel}","templated":true}]}}