{"id":25249,"date":"2025-05-20T12:23:01","date_gmt":"2025-05-20T10:23:01","guid":{"rendered":"https:\/\/agora.xtec.cat\/iesmallafre\/?p=25249"},"modified":"2025-05-20T12:23:01","modified_gmt":"2025-05-20T10:23:01","slug":"premis-audiovisuals-de-batxillerat-2024-2025","status":"publish","type":"post","link":"https:\/\/agora.xtec.cat\/iesmallafre\/batxillerat\/premis-audiovisuals-de-batxillerat-2024-2025\/","title":{"rendered":"Premis audiovisuals de Batxillerat 2024-2025"},"content":{"rendered":"<p>El passat 12 de maig vam celebrar la 3a edici\u00f3 dels premis audiovisuals de Batxillerat en els que participava l&#8217;alumnat de &#8220;Cultura audiovisual&#8221; (1 BTX) i &#8220;Disseny&#8221; (2 BTX).<\/p>\n<p>Es tracta de la selecci\u00f3 dels millors treballs en v\u00eddeo durant el curs 2024-2025 per part dels alumnes. Els premis tenen tres categories: millor videoclip (1 BTX), millor anunci publicitari (2 BTX) i millor curtmetratge (1 BTX).<\/p>\n<p>Amb aquesta activitat aprofitem per veure i votar, per part dels alumnes de les dues classes, els millors treballs. Es vota un guanyador de cada categoria. Els guanyadors han estat premiats amb una targeta regal Netflix. Aquest any els guanyadors han estat:<\/p>\n<p>Briand Alvarado i Irene Granados, de 2 BTX (millor anunci publicitari). Creaci\u00f3 del logotip d&#8217;una marca sostenible i aplicar el logotip a l&#8217;anunci publicitari. En el seu cas una marca de gorres.<\/p>\n<p>Davinia Serrano, de 1r BTX, guanyadora al millor videoclip, utilitzant la can\u00e7\u00f3 &#8220;Bagdad&#8221; de l&#8217;artista Rosal\u00eda.<\/p>\n<p>Laura Gonz\u00e1lez Castellnou, 1r BTX, guanyadora amb millor curt. Un treball en blanc i negre amb to humor\u00edstic anomenat &#8220;el curtmetratge&#8221;.<\/p>\n<p><a href=\"https:\/\/agora.xtec.cat\/iesmallafre\/wp-content\/uploads\/usu105\/2025\/05\/20250512_134145-scaled.jpg\"><img loading=\"lazy\" decoding=\"async\" class=\"wp-image-25251 aligncenter\" src=\"https:\/\/agora.xtec.cat\/iesmallafre\/wp-content\/uploads\/usu105\/2025\/05\/20250512_134145-scaled.jpg\" alt=\"\" width=\"520\" height=\"234\" srcset=\"https:\/\/agora.xtec.cat\/iesmallafre\/wp-content\/uploads\/usu105\/2025\/05\/20250512_134145-scaled.jpg 2560w, https:\/\/agora.xtec.cat\/iesmallafre\/wp-content\/uploads\/usu105\/2025\/05\/20250512_134145-300x135.jpg 300w, https:\/\/agora.xtec.cat\/iesmallafre\/wp-content\/uploads\/usu105\/2025\/05\/20250512_134145-1024x461.jpg 1024w, https:\/\/agora.xtec.cat\/iesmallafre\/wp-content\/uploads\/usu105\/2025\/05\/20250512_134145-768x346.jpg 768w, https:\/\/agora.xtec.cat\/iesmallafre\/wp-content\/uploads\/usu105\/2025\/05\/20250512_134145-1536x691.jpg 1536w, https:\/\/agora.xtec.cat\/iesmallafre\/wp-content\/uploads\/usu105\/2025\/05\/20250512_134145-2048x922.jpg 2048w\" sizes=\"auto, (max-width: 520px) 100vw, 520px\" \/><\/a><\/p>\n<p><a href=\"https:\/\/agora.xtec.cat\/iesmallafre\/wp-content\/uploads\/usu105\/2025\/05\/20250512_142132-scaled.jpg\"><img loading=\"lazy\" decoding=\"async\" class=\"wp-image-25252 aligncenter\" src=\"https:\/\/agora.xtec.cat\/iesmallafre\/wp-content\/uploads\/usu105\/2025\/05\/20250512_142132-scaled.jpg\" alt=\"\" width=\"517\" height=\"233\" srcset=\"https:\/\/agora.xtec.cat\/iesmallafre\/wp-content\/uploads\/usu105\/2025\/05\/20250512_142132-scaled.jpg 2560w, https:\/\/agora.xtec.cat\/iesmallafre\/wp-content\/uploads\/usu105\/2025\/05\/20250512_142132-300x135.jpg 300w, https:\/\/agora.xtec.cat\/iesmallafre\/wp-content\/uploads\/usu105\/2025\/05\/20250512_142132-1024x461.jpg 1024w, https:\/\/agora.xtec.cat\/iesmallafre\/wp-content\/uploads\/usu105\/2025\/05\/20250512_142132-768x346.jpg 768w, https:\/\/agora.xtec.cat\/iesmallafre\/wp-content\/uploads\/usu105\/2025\/05\/20250512_142132-1536x691.jpg 1536w, https:\/\/agora.xtec.cat\/iesmallafre\/wp-content\/uploads\/usu105\/2025\/05\/20250512_142132-2048x922.jpg 2048w\" sizes=\"auto, (max-width: 517px) 100vw, 517px\" \/><\/a><\/p>\n<p><a href=\"https:\/\/agora.xtec.cat\/iesmallafre\/wp-content\/uploads\/usu105\/2025\/05\/20250512_142213-scaled.jpg\"><img loading=\"lazy\" decoding=\"async\" class=\"wp-image-25253 aligncenter\" src=\"https:\/\/agora.xtec.cat\/iesmallafre\/wp-content\/uploads\/usu105\/2025\/05\/20250512_142213-scaled.jpg\" alt=\"\" width=\"491\" height=\"221\" srcset=\"https:\/\/agora.xtec.cat\/iesmallafre\/wp-content\/uploads\/usu105\/2025\/05\/20250512_142213-scaled.jpg 2560w, https:\/\/agora.xtec.cat\/iesmallafre\/wp-content\/uploads\/usu105\/2025\/05\/20250512_142213-300x135.jpg 300w, https:\/\/agora.xtec.cat\/iesmallafre\/wp-content\/uploads\/usu105\/2025\/05\/20250512_142213-1024x461.jpg 1024w, https:\/\/agora.xtec.cat\/iesmallafre\/wp-content\/uploads\/usu105\/2025\/05\/20250512_142213-768x346.jpg 768w, https:\/\/agora.xtec.cat\/iesmallafre\/wp-content\/uploads\/usu105\/2025\/05\/20250512_142213-1536x691.jpg 1536w, https:\/\/agora.xtec.cat\/iesmallafre\/wp-content\/uploads\/usu105\/2025\/05\/20250512_142213-2048x922.jpg 2048w\" sizes=\"auto, (max-width: 491px) 100vw, 491px\" \/><\/a><\/p>\n","protected":false},"excerpt":{"rendered":"<p>El passat 12 de maig vam celebrar la 3a edici\u00f3 dels premis audiovisuals de Batxillerat en els que participava l&#8217;alumnat de &#8220;Cultura audiovisual&#8221; (1 BTX) i &#8220;Disseny&#8221; (2 BTX).<br \/>\nEs tracta de la selecci\u00f3 dels millors treballs en v\u00eddeo durant el curs 2024-2025 per part dels&hellip;  <a href=\"https:\/\/agora.xtec.cat\/iesmallafre\/batxillerat\/premis-audiovisuals-de-batxillerat-2024-2025\/\" title=\"Read Premis audiovisuals de Batxillerat 2024-2025\">Llegeix m\u00e9s\u00bb<\/a><\/p>\n","protected":false},"author":16,"featured_media":25255,"comment_status":"closed","ping_status":"closed","sticky":false,"template":"","format":"standard","meta":{"_bbp_topic_count":0,"_bbp_reply_count":0,"_bbp_total_topic_count":0,"_bbp_total_reply_count":0,"_bbp_voice_count":0,"_bbp_anonymous_reply_count":0,"_bbp_topic_count_hidden":0,"_bbp_reply_count_hidden":0,"_bbp_forum_subforum_count":0,"footnotes":""},"categories":[8,29],"tags":[],"class_list":["post-25249","post","type-post","status-publish","format-standard","has-post-thumbnail","hentry","category-batxillerat","category-portada"],"post_mailing_queue_ids":[],"_links":{"self":[{"href":"https:\/\/agora.xtec.cat\/iesmallafre\/wp-json\/wp\/v2\/posts\/25249","targetHints":{"allow":["GET"]}}],"collection":[{"href":"https:\/\/agora.xtec.cat\/iesmallafre\/wp-json\/wp\/v2\/posts"}],"about":[{"href":"https:\/\/agora.xtec.cat\/iesmallafre\/wp-json\/wp\/v2\/types\/post"}],"author":[{"embeddable":true,"href":"https:\/\/agora.xtec.cat\/iesmallafre\/wp-json\/wp\/v2\/users\/16"}],"replies":[{"embeddable":true,"href":"https:\/\/agora.xtec.cat\/iesmallafre\/wp-json\/wp\/v2\/comments?post=25249"}],"version-history":[{"count":1,"href":"https:\/\/agora.xtec.cat\/iesmallafre\/wp-json\/wp\/v2\/posts\/25249\/revisions"}],"predecessor-version":[{"id":25256,"href":"https:\/\/agora.xtec.cat\/iesmallafre\/wp-json\/wp\/v2\/posts\/25249\/revisions\/25256"}],"wp:featuredmedia":[{"embeddable":true,"href":"https:\/\/agora.xtec.cat\/iesmallafre\/wp-json\/wp\/v2\/media\/25255"}],"wp:attachment":[{"href":"https:\/\/agora.xtec.cat\/iesmallafre\/wp-json\/wp\/v2\/media?parent=25249"}],"wp:term":[{"taxonomy":"category","embeddable":true,"href":"https:\/\/agora.xtec.cat\/iesmallafre\/wp-json\/wp\/v2\/categories?post=25249"},{"taxonomy":"post_tag","embeddable":true,"href":"https:\/\/agora.xtec.cat\/iesmallafre\/wp-json\/wp\/v2\/tags?post=25249"}],"curies":[{"name":"wp","href":"https:\/\/api.w.org\/{rel}","templated":true}]}}