{"id":25219,"date":"2025-05-14T14:21:40","date_gmt":"2025-05-14T12:21:40","guid":{"rendered":"https:\/\/agora.xtec.cat\/iesmallafre\/?p=25219"},"modified":"2025-05-14T14:21:40","modified_gmt":"2025-05-14T12:21:40","slug":"apadrinament-de-les-llambordes-stolpersteine-de-vilanova-i-la-geltru","status":"publish","type":"post","link":"https:\/\/agora.xtec.cat\/iesmallafre\/eso\/apadrinament-de-les-llambordes-stolpersteine-de-vilanova-i-la-geltru\/","title":{"rendered":"Apadrinament de les llambordes Stolpersteine de Vilanova i la Geltr\u00fa"},"content":{"rendered":"<p>El passat dilluns dia 5 de maig a la sala de plens del nostre Ajuntament, una representaci\u00f3 de l&#8217;alumnat del centre va assistir a l&#8217;acte de renovaci\u00f3 de l\u2019apadrinament de les llambordes Stolpersteine de Vilanova i la Geltr\u00fa per part dels centres educatius de la ciutat.<\/p>\n<p>Gunter Demnig (Berl\u00edn, 1947) \u00e9s l\u2019artista alemany que va crear el projecte Stolperstein &#8211; significa \u2019pedra que fa ensopegar\u2019-. Les primeres llambordes es van col\u00b7locar a Berl\u00edn el maig de 1996 i estaven dedicades a persones del poble jueu v\u00edctimes del nazisme i residents al barri de Kreuzberg (Berl\u00edn).<\/p>\n<p>Es tracta del projecte de mem\u00f2ria descentralitzat m\u00e9s vast d\u2019Europa. Les llambordes disperses permeten adonar-nos de la magnitud de la trag\u00e8dia. En comptes de n\u00fameros, per\u00f2, ens parlen en primera persona, amb noms i cognoms.<\/p>\n<p>L\u2019acte s&#8217;ha emmarcat en el \u201cDia d\u2019homenatge als espanyols deportats i morts a Mauthausen i en altres camps, i a totes les v\u00edctimes del nazisme d\u2019Espanya\u201d, tal com va instaurar el Govern de l&#8217;Estat l\u2019abril del 2019.<\/p>\n<p>Les llambordes apadrinades pel centre s\u00f3n les de Camilo Maria D\u00edaz ((deportat l&#8217;any 1940 i assassinat a Gusen l&#8217;any 1942) i la de Francesc Tremps Estrada (deportat l&#8217;any 1941 i assassinat a Gusen l&#8217;any 1941).<\/p>\n<p><a href=\"https:\/\/agora.xtec.cat\/iesmallafre\/wp-content\/uploads\/usu105\/2025\/05\/IMG-20250505-WA0031.jpg\"><img loading=\"lazy\" decoding=\"async\" class=\"wp-image-25220 aligncenter\" src=\"https:\/\/agora.xtec.cat\/iesmallafre\/wp-content\/uploads\/usu105\/2025\/05\/IMG-20250505-WA0031.jpg\" alt=\"\" width=\"493\" height=\"657\" srcset=\"https:\/\/agora.xtec.cat\/iesmallafre\/wp-content\/uploads\/usu105\/2025\/05\/IMG-20250505-WA0031.jpg 1200w, https:\/\/agora.xtec.cat\/iesmallafre\/wp-content\/uploads\/usu105\/2025\/05\/IMG-20250505-WA0031-225x300.jpg 225w, https:\/\/agora.xtec.cat\/iesmallafre\/wp-content\/uploads\/usu105\/2025\/05\/IMG-20250505-WA0031-768x1024.jpg 768w, https:\/\/agora.xtec.cat\/iesmallafre\/wp-content\/uploads\/usu105\/2025\/05\/IMG-20250505-WA0031-1152x1536.jpg 1152w\" sizes=\"auto, (max-width: 493px) 100vw, 493px\" \/><\/a><\/p>\n<p><a href=\"https:\/\/agora.xtec.cat\/iesmallafre\/wp-content\/uploads\/usu105\/2025\/05\/IMG_20250505_095206-e1747225226588.jpg\"><img loading=\"lazy\" decoding=\"async\" class=\"alignnone size-full wp-image-25221\" src=\"https:\/\/agora.xtec.cat\/iesmallafre\/wp-content\/uploads\/usu105\/2025\/05\/IMG_20250505_095206-e1747225226588.jpg\" alt=\"\" width=\"1120\" height=\"1123\" srcset=\"https:\/\/agora.xtec.cat\/iesmallafre\/wp-content\/uploads\/usu105\/2025\/05\/IMG_20250505_095206-e1747225226588.jpg 1120w, https:\/\/agora.xtec.cat\/iesmallafre\/wp-content\/uploads\/usu105\/2025\/05\/IMG_20250505_095206-e1747225226588-300x300.jpg 300w, https:\/\/agora.xtec.cat\/iesmallafre\/wp-content\/uploads\/usu105\/2025\/05\/IMG_20250505_095206-e1747225226588-1021x1024.jpg 1021w, https:\/\/agora.xtec.cat\/iesmallafre\/wp-content\/uploads\/usu105\/2025\/05\/IMG_20250505_095206-e1747225226588-150x150.jpg 150w, https:\/\/agora.xtec.cat\/iesmallafre\/wp-content\/uploads\/usu105\/2025\/05\/IMG_20250505_095206-e1747225226588-768x770.jpg 768w\" sizes=\"auto, (max-width: 1120px) 100vw, 1120px\" \/><\/a><\/p>\n","protected":false},"excerpt":{"rendered":"<p>El passat dilluns dia 5 de maig a la sala de plens del nostre Ajuntament, una representaci\u00f3 de l&#8217;alumnat del centre va assistir a l&#8217;acte de renovaci\u00f3 de l\u2019apadrinament de les llambordes Stolpersteine de Vilanova i la Geltr\u00fa per part dels centres educatius de la&hellip;  <a href=\"https:\/\/agora.xtec.cat\/iesmallafre\/eso\/apadrinament-de-les-llambordes-stolpersteine-de-vilanova-i-la-geltru\/\" title=\"Read Apadrinament de les llambordes Stolpersteine de Vilanova i la Geltr\u00fa\">Llegeix m\u00e9s\u00bb<\/a><\/p>\n","protected":false},"author":16,"featured_media":25220,"comment_status":"closed","ping_status":"closed","sticky":false,"template":"","format":"standard","meta":{"_bbp_topic_count":0,"_bbp_reply_count":0,"_bbp_total_topic_count":0,"_bbp_total_reply_count":0,"_bbp_voice_count":0,"_bbp_anonymous_reply_count":0,"_bbp_topic_count_hidden":0,"_bbp_reply_count_hidden":0,"_bbp_forum_subforum_count":0,"footnotes":""},"categories":[3,29],"tags":[],"class_list":["post-25219","post","type-post","status-publish","format-standard","has-post-thumbnail","hentry","category-eso","category-portada"],"post_mailing_queue_ids":[],"_links":{"self":[{"href":"https:\/\/agora.xtec.cat\/iesmallafre\/wp-json\/wp\/v2\/posts\/25219","targetHints":{"allow":["GET"]}}],"collection":[{"href":"https:\/\/agora.xtec.cat\/iesmallafre\/wp-json\/wp\/v2\/posts"}],"about":[{"href":"https:\/\/agora.xtec.cat\/iesmallafre\/wp-json\/wp\/v2\/types\/post"}],"author":[{"embeddable":true,"href":"https:\/\/agora.xtec.cat\/iesmallafre\/wp-json\/wp\/v2\/users\/16"}],"replies":[{"embeddable":true,"href":"https:\/\/agora.xtec.cat\/iesmallafre\/wp-json\/wp\/v2\/comments?post=25219"}],"version-history":[{"count":1,"href":"https:\/\/agora.xtec.cat\/iesmallafre\/wp-json\/wp\/v2\/posts\/25219\/revisions"}],"predecessor-version":[{"id":25222,"href":"https:\/\/agora.xtec.cat\/iesmallafre\/wp-json\/wp\/v2\/posts\/25219\/revisions\/25222"}],"wp:featuredmedia":[{"embeddable":true,"href":"https:\/\/agora.xtec.cat\/iesmallafre\/wp-json\/wp\/v2\/media\/25220"}],"wp:attachment":[{"href":"https:\/\/agora.xtec.cat\/iesmallafre\/wp-json\/wp\/v2\/media?parent=25219"}],"wp:term":[{"taxonomy":"category","embeddable":true,"href":"https:\/\/agora.xtec.cat\/iesmallafre\/wp-json\/wp\/v2\/categories?post=25219"},{"taxonomy":"post_tag","embeddable":true,"href":"https:\/\/agora.xtec.cat\/iesmallafre\/wp-json\/wp\/v2\/tags?post=25219"}],"curies":[{"name":"wp","href":"https:\/\/api.w.org\/{rel}","templated":true}]}}