{"id":25103,"date":"2025-03-27T11:58:47","date_gmt":"2025-03-27T10:58:47","guid":{"rendered":"https:\/\/agora.xtec.cat\/iesmallafre\/?p=25103"},"modified":"2025-04-01T16:42:29","modified_gmt":"2025-04-01T14:42:29","slug":"presentacio-del-grup-matamala-de-projectes-artistics-de-1r-de-batxillerat","status":"publish","type":"post","link":"https:\/\/agora.xtec.cat\/iesmallafre\/general\/presentacio-del-grup-matamala-de-projectes-artistics-de-1r-de-batxillerat\/","title":{"rendered":"Presentaci\u00f3 del grup MATAMALA de Projectes Art\u00edstics de 1r de Batxillerat"},"content":{"rendered":"<p>El grup MATAMALA de l\u2019optativa de Projectes Art\u00edstics de 1r de Batxillerat es dedica a difondre not\u00edcies i esdeveniments d\u2019\u00e0mbit art\u00edstic a trav\u00e9s de les xarxes socials. El seu objectiu \u00e9s mantenir la comunitat informada sobre el m\u00f3n de les arts, amb continguts relacionats amb manifestacions art\u00edstiques locals i externes.<\/p>\n<p>Els estudiants de MATAMALA comparteixen actualitzacions, entrevistes i not\u00edcies sobre el m\u00f3n de l&#8217;art, connectant la creaci\u00f3 art\u00edstica amb la comunicaci\u00f3 digital. Us animem a seguir-los a les xarxes socials per estar al corrent de les novetats i activitats que aniran publicant al llarg del curs.<\/p>\n<p><span id=\"m_4602800078438107812gmail-docs-internal-guid-63df2472-7fff-327a-fcd7-cd28590f638a\"><span style=\"color: #741b47;\">@grupomatamala<\/span><\/span><\/p>\n<p>&nbsp;<\/p>\n<p><a href=\"https:\/\/agora.xtec.cat\/iesmallafre\/wp-content\/uploads\/usu105\/2025\/03\/presentacion_projecte_matamala1.jpg\"><img loading=\"lazy\" decoding=\"async\" class=\"alignnone wp-image-25070\" src=\"https:\/\/agora.xtec.cat\/iesmallafre\/wp-content\/uploads\/usu105\/2025\/03\/presentacion_projecte_matamala1.jpg\" alt=\"\" width=\"297\" height=\"297\" srcset=\"https:\/\/agora.xtec.cat\/iesmallafre\/wp-content\/uploads\/usu105\/2025\/03\/presentacion_projecte_matamala1.jpg 1125w, https:\/\/agora.xtec.cat\/iesmallafre\/wp-content\/uploads\/usu105\/2025\/03\/presentacion_projecte_matamala1-300x300.jpg 300w, https:\/\/agora.xtec.cat\/iesmallafre\/wp-content\/uploads\/usu105\/2025\/03\/presentacion_projecte_matamala1-1024x1024.jpg 1024w, https:\/\/agora.xtec.cat\/iesmallafre\/wp-content\/uploads\/usu105\/2025\/03\/presentacion_projecte_matamala1-150x150.jpg 150w, https:\/\/agora.xtec.cat\/iesmallafre\/wp-content\/uploads\/usu105\/2025\/03\/presentacion_projecte_matamala1-768x767.jpg 768w\" sizes=\"auto, (max-width: 297px) 100vw, 297px\" \/><\/a><a href=\"https:\/\/agora.xtec.cat\/iesmallafre\/wp-content\/uploads\/usu105\/2025\/03\/presentacion_projecte_matamala2.jpg\"><img loading=\"lazy\" decoding=\"async\" class=\"alignnone wp-image-25071\" src=\"https:\/\/agora.xtec.cat\/iesmallafre\/wp-content\/uploads\/usu105\/2025\/03\/presentacion_projecte_matamala2.jpg\" alt=\"\" width=\"297\" height=\"297\" srcset=\"https:\/\/agora.xtec.cat\/iesmallafre\/wp-content\/uploads\/usu105\/2025\/03\/presentacion_projecte_matamala2.jpg 1125w, https:\/\/agora.xtec.cat\/iesmallafre\/wp-content\/uploads\/usu105\/2025\/03\/presentacion_projecte_matamala2-300x300.jpg 300w, https:\/\/agora.xtec.cat\/iesmallafre\/wp-content\/uploads\/usu105\/2025\/03\/presentacion_projecte_matamala2-1024x1024.jpg 1024w, https:\/\/agora.xtec.cat\/iesmallafre\/wp-content\/uploads\/usu105\/2025\/03\/presentacion_projecte_matamala2-150x150.jpg 150w, https:\/\/agora.xtec.cat\/iesmallafre\/wp-content\/uploads\/usu105\/2025\/03\/presentacion_projecte_matamala2-768x767.jpg 768w\" sizes=\"auto, (max-width: 297px) 100vw, 297px\" \/><\/a><\/p>\n<p>&nbsp;<\/p>\n<p><a href=\"https:\/\/agora.xtec.cat\/iesmallafre\/wp-content\/uploads\/usu105\/2025\/03\/presentacion_projecte_matamala3.jpg\"><img loading=\"lazy\" decoding=\"async\" class=\"alignnone wp-image-25074\" src=\"https:\/\/agora.xtec.cat\/iesmallafre\/wp-content\/uploads\/usu105\/2025\/03\/presentacion_projecte_matamala3.jpg\" alt=\"\" width=\"299\" height=\"299\" srcset=\"https:\/\/agora.xtec.cat\/iesmallafre\/wp-content\/uploads\/usu105\/2025\/03\/presentacion_projecte_matamala3.jpg 1125w, https:\/\/agora.xtec.cat\/iesmallafre\/wp-content\/uploads\/usu105\/2025\/03\/presentacion_projecte_matamala3-300x300.jpg 300w, https:\/\/agora.xtec.cat\/iesmallafre\/wp-content\/uploads\/usu105\/2025\/03\/presentacion_projecte_matamala3-1024x1024.jpg 1024w, https:\/\/agora.xtec.cat\/iesmallafre\/wp-content\/uploads\/usu105\/2025\/03\/presentacion_projecte_matamala3-150x150.jpg 150w, https:\/\/agora.xtec.cat\/iesmallafre\/wp-content\/uploads\/usu105\/2025\/03\/presentacion_projecte_matamala3-768x767.jpg 768w\" sizes=\"auto, (max-width: 299px) 100vw, 299px\" \/><\/a><a href=\"https:\/\/agora.xtec.cat\/iesmallafre\/wp-content\/uploads\/usu105\/2025\/03\/presentacion_projecte_matamala4.jpg\"><img loading=\"lazy\" decoding=\"async\" class=\"alignnone wp-image-25075\" src=\"https:\/\/agora.xtec.cat\/iesmallafre\/wp-content\/uploads\/usu105\/2025\/03\/presentacion_projecte_matamala4.jpg\" alt=\"\" width=\"299\" height=\"299\" srcset=\"https:\/\/agora.xtec.cat\/iesmallafre\/wp-content\/uploads\/usu105\/2025\/03\/presentacion_projecte_matamala4.jpg 1125w, https:\/\/agora.xtec.cat\/iesmallafre\/wp-content\/uploads\/usu105\/2025\/03\/presentacion_projecte_matamala4-300x300.jpg 300w, https:\/\/agora.xtec.cat\/iesmallafre\/wp-content\/uploads\/usu105\/2025\/03\/presentacion_projecte_matamala4-1024x1024.jpg 1024w, https:\/\/agora.xtec.cat\/iesmallafre\/wp-content\/uploads\/usu105\/2025\/03\/presentacion_projecte_matamala4-150x150.jpg 150w, https:\/\/agora.xtec.cat\/iesmallafre\/wp-content\/uploads\/usu105\/2025\/03\/presentacion_projecte_matamala4-768x767.jpg 768w\" sizes=\"auto, (max-width: 299px) 100vw, 299px\" \/><\/a><\/p>\n<p><a href=\"https:\/\/agora.xtec.cat\/iesmallafre\/wp-content\/uploads\/usu105\/2025\/03\/presentacion_projecte_matamala5.jpg\"><img loading=\"lazy\" decoding=\"async\" class=\"wp-image-25076 aligncenter\" src=\"https:\/\/agora.xtec.cat\/iesmallafre\/wp-content\/uploads\/usu105\/2025\/03\/presentacion_projecte_matamala5.jpg\" alt=\"\" width=\"451\" height=\"451\" srcset=\"https:\/\/agora.xtec.cat\/iesmallafre\/wp-content\/uploads\/usu105\/2025\/03\/presentacion_projecte_matamala5.jpg 1125w, https:\/\/agora.xtec.cat\/iesmallafre\/wp-content\/uploads\/usu105\/2025\/03\/presentacion_projecte_matamala5-300x300.jpg 300w, https:\/\/agora.xtec.cat\/iesmallafre\/wp-content\/uploads\/usu105\/2025\/03\/presentacion_projecte_matamala5-1024x1024.jpg 1024w, https:\/\/agora.xtec.cat\/iesmallafre\/wp-content\/uploads\/usu105\/2025\/03\/presentacion_projecte_matamala5-150x150.jpg 150w, https:\/\/agora.xtec.cat\/iesmallafre\/wp-content\/uploads\/usu105\/2025\/03\/presentacion_projecte_matamala5-768x767.jpg 768w\" sizes=\"auto, (max-width: 451px) 100vw, 451px\" \/><\/a><\/p>\n<p><iframe loading=\"lazy\" title=\"Presentaci\u00f3 el grup MATAMALA de Projectes Art\u00edstics de 1r de Batxillerat\" width=\"500\" height=\"281\" src=\"https:\/\/www.youtube.com\/embed\/A2Za8zzFJ9w?feature=oembed\" frameborder=\"0\" allow=\"accelerometer; autoplay; clipboard-write; encrypted-media; gyroscope; picture-in-picture; web-share\" referrerpolicy=\"strict-origin-when-cross-origin\" allowfullscreen><\/iframe><\/p>\n<p>&nbsp;<\/p>\n","protected":false},"excerpt":{"rendered":"<p>El grup MATAMALA de l\u2019optativa de Projectes Art\u00edstics de 1r de Batxillerat es dedica a difondre not\u00edcies i esdeveniments d\u2019\u00e0mbit art\u00edstic a trav\u00e9s de les xarxes socials. El seu objectiu \u00e9s mantenir la comunitat informada sobre el m\u00f3n de les arts, amb continguts relacionats amb&hellip;  <a href=\"https:\/\/agora.xtec.cat\/iesmallafre\/general\/presentacio-del-grup-matamala-de-projectes-artistics-de-1r-de-batxillerat\/\" title=\"Read Presentaci\u00f3 del grup MATAMALA de Projectes Art\u00edstics de 1r de Batxillerat\">Llegeix m\u00e9s\u00bb<\/a><\/p>\n","protected":false},"author":16,"featured_media":25105,"comment_status":"closed","ping_status":"closed","sticky":false,"template":"","format":"standard","meta":{"_bbp_topic_count":0,"_bbp_reply_count":0,"_bbp_total_topic_count":0,"_bbp_total_reply_count":0,"_bbp_voice_count":0,"_bbp_anonymous_reply_count":0,"_bbp_topic_count_hidden":0,"_bbp_reply_count_hidden":0,"_bbp_forum_subforum_count":0,"footnotes":""},"categories":[1],"tags":[],"class_list":["post-25103","post","type-post","status-publish","format-standard","has-post-thumbnail","hentry","category-general"],"post_mailing_queue_ids":[],"_links":{"self":[{"href":"https:\/\/agora.xtec.cat\/iesmallafre\/wp-json\/wp\/v2\/posts\/25103","targetHints":{"allow":["GET"]}}],"collection":[{"href":"https:\/\/agora.xtec.cat\/iesmallafre\/wp-json\/wp\/v2\/posts"}],"about":[{"href":"https:\/\/agora.xtec.cat\/iesmallafre\/wp-json\/wp\/v2\/types\/post"}],"author":[{"embeddable":true,"href":"https:\/\/agora.xtec.cat\/iesmallafre\/wp-json\/wp\/v2\/users\/16"}],"replies":[{"embeddable":true,"href":"https:\/\/agora.xtec.cat\/iesmallafre\/wp-json\/wp\/v2\/comments?post=25103"}],"version-history":[{"count":3,"href":"https:\/\/agora.xtec.cat\/iesmallafre\/wp-json\/wp\/v2\/posts\/25103\/revisions"}],"predecessor-version":[{"id":25107,"href":"https:\/\/agora.xtec.cat\/iesmallafre\/wp-json\/wp\/v2\/posts\/25103\/revisions\/25107"}],"wp:featuredmedia":[{"embeddable":true,"href":"https:\/\/agora.xtec.cat\/iesmallafre\/wp-json\/wp\/v2\/media\/25105"}],"wp:attachment":[{"href":"https:\/\/agora.xtec.cat\/iesmallafre\/wp-json\/wp\/v2\/media?parent=25103"}],"wp:term":[{"taxonomy":"category","embeddable":true,"href":"https:\/\/agora.xtec.cat\/iesmallafre\/wp-json\/wp\/v2\/categories?post=25103"},{"taxonomy":"post_tag","embeddable":true,"href":"https:\/\/agora.xtec.cat\/iesmallafre\/wp-json\/wp\/v2\/tags?post=25103"}],"curies":[{"name":"wp","href":"https:\/\/api.w.org\/{rel}","templated":true}]}}