{"id":25098,"date":"2025-03-27T11:47:04","date_gmt":"2025-03-27T10:47:04","guid":{"rendered":"https:\/\/agora.xtec.cat\/iesmallafre\/?p=25098"},"modified":"2025-03-27T11:47:04","modified_gmt":"2025-03-27T10:47:04","slug":"9e-concurs-de-fotografia-matematica","status":"publish","type":"post","link":"https:\/\/agora.xtec.cat\/iesmallafre\/portada\/9e-concurs-de-fotografia-matematica\/","title":{"rendered":"9\u00e8 Concurs de fotografia matem\u00e0tica"},"content":{"rendered":"<p>Un any m\u00e9s el nostre institut organitza el Concurs de Fotografia Matem\u00e0tica, una oportunitat per observar el m\u00f3n amb una mirada matem\u00e0tica i capturar-ne la bellesa a trav\u00e9s de la fotografia.<\/p>\n<p>La fotografia matem\u00e0tica \u00e9s una forma creativa de representar conceptes com la simetria, les proporcions, les figures geom\u00e8triques o els patrons num\u00e8rics que es troben a la natura, l\u2019arquitectura i la vida quotidiana. L\u2019objectiu d\u2019aquest concurs \u00e9s mostrar com les matem\u00e0tiques estan presents en el nostre dia a dia i fomentar una visi\u00f3 m\u00e9s visual i art\u00edstica d\u2019aquesta disciplina.<\/p>\n<p>Hi haur\u00e0 premis per als primers classificats de les seg\u00fcents categories: ESO12 (1r i 2n d\u2019ESO), ESO34 (3r i 4t d\u2019ESO), BAT (Batxillerat) i PROFPAS (Professorat i PAS).<\/p>\n<p>A m\u00e9s, les fotografies finalistes es presentaran al 26\u00e8 Concurs de Fotografia Matem\u00e0tica de l\u2019ABEAM, on participen alumnes i professorat de tot Catalunya.<\/p>\n<p>Anima\u2019t a participar i a trobar les matem\u00e0tiques en tot all\u00f2 que t\u2019envolta!<\/p>\n<p><a href=\"https:\/\/agora.xtec.cat\/iesmallafre\/wp-content\/uploads\/usu105\/2025\/03\/Instruccions-25.docx.pdf\" target=\"_blank\" rel=\"noopener\">Bases del 9\u00e8 Concurs de Fotografia Matem\u00e0tica<\/a><\/p>\n<p><a href=\"https:\/\/agora.xtec.cat\/iesmallafre\/wp-content\/uploads\/usu105\/2025\/03\/Fotografia-Matematica-2025.jpg\"><img loading=\"lazy\" decoding=\"async\" class=\"wp-image-25101 aligncenter\" src=\"https:\/\/agora.xtec.cat\/iesmallafre\/wp-content\/uploads\/usu105\/2025\/03\/Fotografia-Matematica-2025.jpg\" alt=\"\" width=\"542\" height=\"304\" srcset=\"https:\/\/agora.xtec.cat\/iesmallafre\/wp-content\/uploads\/usu105\/2025\/03\/Fotografia-Matematica-2025.jpg 1486w, https:\/\/agora.xtec.cat\/iesmallafre\/wp-content\/uploads\/usu105\/2025\/03\/Fotografia-Matematica-2025-300x169.jpg 300w, https:\/\/agora.xtec.cat\/iesmallafre\/wp-content\/uploads\/usu105\/2025\/03\/Fotografia-Matematica-2025-1024x575.jpg 1024w, https:\/\/agora.xtec.cat\/iesmallafre\/wp-content\/uploads\/usu105\/2025\/03\/Fotografia-Matematica-2025-768x432.jpg 768w\" sizes=\"auto, (max-width: 542px) 100vw, 542px\" \/><\/a><\/p>\n","protected":false},"excerpt":{"rendered":"<p>Un any m\u00e9s el nostre institut organitza el Concurs de Fotografia Matem\u00e0tica, una oportunitat per observar el m\u00f3n amb una mirada matem\u00e0tica i capturar-ne la bellesa a trav\u00e9s de la fotografia.<br \/>\nLa fotografia matem\u00e0tica \u00e9s una forma creativa de representar conceptes com la simetria, les proporcions,&hellip;  <a href=\"https:\/\/agora.xtec.cat\/iesmallafre\/portada\/9e-concurs-de-fotografia-matematica\/\" title=\"Read 9\u00e8 Concurs de fotografia matem\u00e0tica\">Llegeix m\u00e9s\u00bb<\/a><\/p>\n","protected":false},"author":16,"featured_media":25101,"comment_status":"closed","ping_status":"closed","sticky":false,"template":"","format":"standard","meta":{"_bbp_topic_count":0,"_bbp_reply_count":0,"_bbp_total_topic_count":0,"_bbp_total_reply_count":0,"_bbp_voice_count":0,"_bbp_anonymous_reply_count":0,"_bbp_topic_count_hidden":0,"_bbp_reply_count_hidden":0,"_bbp_forum_subforum_count":0,"footnotes":""},"categories":[29],"tags":[],"class_list":["post-25098","post","type-post","status-publish","format-standard","has-post-thumbnail","hentry","category-portada"],"post_mailing_queue_ids":[],"_links":{"self":[{"href":"https:\/\/agora.xtec.cat\/iesmallafre\/wp-json\/wp\/v2\/posts\/25098","targetHints":{"allow":["GET"]}}],"collection":[{"href":"https:\/\/agora.xtec.cat\/iesmallafre\/wp-json\/wp\/v2\/posts"}],"about":[{"href":"https:\/\/agora.xtec.cat\/iesmallafre\/wp-json\/wp\/v2\/types\/post"}],"author":[{"embeddable":true,"href":"https:\/\/agora.xtec.cat\/iesmallafre\/wp-json\/wp\/v2\/users\/16"}],"replies":[{"embeddable":true,"href":"https:\/\/agora.xtec.cat\/iesmallafre\/wp-json\/wp\/v2\/comments?post=25098"}],"version-history":[{"count":1,"href":"https:\/\/agora.xtec.cat\/iesmallafre\/wp-json\/wp\/v2\/posts\/25098\/revisions"}],"predecessor-version":[{"id":25102,"href":"https:\/\/agora.xtec.cat\/iesmallafre\/wp-json\/wp\/v2\/posts\/25098\/revisions\/25102"}],"wp:featuredmedia":[{"embeddable":true,"href":"https:\/\/agora.xtec.cat\/iesmallafre\/wp-json\/wp\/v2\/media\/25101"}],"wp:attachment":[{"href":"https:\/\/agora.xtec.cat\/iesmallafre\/wp-json\/wp\/v2\/media?parent=25098"}],"wp:term":[{"taxonomy":"category","embeddable":true,"href":"https:\/\/agora.xtec.cat\/iesmallafre\/wp-json\/wp\/v2\/categories?post=25098"},{"taxonomy":"post_tag","embeddable":true,"href":"https:\/\/agora.xtec.cat\/iesmallafre\/wp-json\/wp\/v2\/tags?post=25098"}],"curies":[{"name":"wp","href":"https:\/\/api.w.org\/{rel}","templated":true}]}}