{"id":25062,"date":"2025-03-25T12:06:59","date_gmt":"2025-03-25T11:06:59","guid":{"rendered":"https:\/\/agora.xtec.cat\/iesmallafre\/?p=25062"},"modified":"2025-03-25T12:07:06","modified_gmt":"2025-03-25T11:07:06","slug":"xerrada-sobre-estadistica-amb-la-professora-maribel-ortego","status":"publish","type":"post","link":"https:\/\/agora.xtec.cat\/iesmallafre\/batxillerat\/xerrada-sobre-estadistica-amb-la-professora-maribel-ortego\/","title":{"rendered":"Xerrada sobre estad\u00edstica amb la professora Maribel Ortego"},"content":{"rendered":"<p>El passat divendres, l\u2019alumnat de 1r de Batxillerat de l\u2019optativa de Matem\u00e0tiques Aplicades va tenir l\u2019oportunitat d\u2019assistir a la xerrada <em>L\u2019estad\u00edstica de cada dia<\/em>, a c\u00e0rrec de la professora Maribel Ortego, de la Universitat Polit\u00e8cnica de Catalunya.<\/p>\n<p>Durant la sessi\u00f3, vam reflexionar sobre la fiabilitat de les enquestes socioecon\u00f2miques i electorals, i sobre la import\u00e0ncia de ser cr\u00edtics amb la informaci\u00f3 estad\u00edstica que rebem. Una jornada molt interessant que ens va ajudar a veure les matem\u00e0tiques aplicades al m\u00f3n real.<\/p>\n<p>Moltes gr\u00e0cies, Maribel, per la visita i per compartir els teus coneixements amb nosaltres!<\/p>\n<p><a href=\"https:\/\/agora.xtec.cat\/iesmallafre\/wp-content\/uploads\/usu105\/2025\/03\/IMG_9369-scaled.jpeg\"><img loading=\"lazy\" decoding=\"async\" class=\"wp-image-25064 aligncenter\" src=\"https:\/\/agora.xtec.cat\/iesmallafre\/wp-content\/uploads\/usu105\/2025\/03\/IMG_9369-scaled.jpeg\" alt=\"\" width=\"457\" height=\"343\" srcset=\"https:\/\/agora.xtec.cat\/iesmallafre\/wp-content\/uploads\/usu105\/2025\/03\/IMG_9369-scaled.jpeg 2560w, https:\/\/agora.xtec.cat\/iesmallafre\/wp-content\/uploads\/usu105\/2025\/03\/IMG_9369-300x225.jpeg 300w, https:\/\/agora.xtec.cat\/iesmallafre\/wp-content\/uploads\/usu105\/2025\/03\/IMG_9369-1024x768.jpeg 1024w, https:\/\/agora.xtec.cat\/iesmallafre\/wp-content\/uploads\/usu105\/2025\/03\/IMG_9369-768x576.jpeg 768w, https:\/\/agora.xtec.cat\/iesmallafre\/wp-content\/uploads\/usu105\/2025\/03\/IMG_9369-1536x1152.jpeg 1536w, https:\/\/agora.xtec.cat\/iesmallafre\/wp-content\/uploads\/usu105\/2025\/03\/IMG_9369-2048x1536.jpeg 2048w, https:\/\/agora.xtec.cat\/iesmallafre\/wp-content\/uploads\/usu105\/2025\/03\/IMG_9369-200x150.jpeg 200w\" sizes=\"auto, (max-width: 457px) 100vw, 457px\" \/><\/a><\/p>\n<p><a href=\"https:\/\/agora.xtec.cat\/iesmallafre\/wp-content\/uploads\/usu105\/2025\/03\/IMG_9370-scaled.jpeg\"><img loading=\"lazy\" decoding=\"async\" class=\"wp-image-25065 aligncenter\" src=\"https:\/\/agora.xtec.cat\/iesmallafre\/wp-content\/uploads\/usu105\/2025\/03\/IMG_9370-scaled.jpeg\" alt=\"\" width=\"508\" height=\"381\" srcset=\"https:\/\/agora.xtec.cat\/iesmallafre\/wp-content\/uploads\/usu105\/2025\/03\/IMG_9370-scaled.jpeg 2560w, https:\/\/agora.xtec.cat\/iesmallafre\/wp-content\/uploads\/usu105\/2025\/03\/IMG_9370-300x225.jpeg 300w, https:\/\/agora.xtec.cat\/iesmallafre\/wp-content\/uploads\/usu105\/2025\/03\/IMG_9370-1024x768.jpeg 1024w, https:\/\/agora.xtec.cat\/iesmallafre\/wp-content\/uploads\/usu105\/2025\/03\/IMG_9370-768x576.jpeg 768w, https:\/\/agora.xtec.cat\/iesmallafre\/wp-content\/uploads\/usu105\/2025\/03\/IMG_9370-1536x1152.jpeg 1536w, https:\/\/agora.xtec.cat\/iesmallafre\/wp-content\/uploads\/usu105\/2025\/03\/IMG_9370-2048x1536.jpeg 2048w, https:\/\/agora.xtec.cat\/iesmallafre\/wp-content\/uploads\/usu105\/2025\/03\/IMG_9370-200x150.jpeg 200w\" sizes=\"auto, (max-width: 508px) 100vw, 508px\" \/><\/a><\/p>\n<p><a href=\"https:\/\/agora.xtec.cat\/iesmallafre\/wp-content\/uploads\/usu105\/2025\/03\/IMG_9371-scaled.jpeg\"><img loading=\"lazy\" decoding=\"async\" class=\"wp-image-25066 aligncenter\" src=\"https:\/\/agora.xtec.cat\/iesmallafre\/wp-content\/uploads\/usu105\/2025\/03\/IMG_9371-scaled.jpeg\" alt=\"\" width=\"538\" height=\"404\" srcset=\"https:\/\/agora.xtec.cat\/iesmallafre\/wp-content\/uploads\/usu105\/2025\/03\/IMG_9371-scaled.jpeg 2560w, https:\/\/agora.xtec.cat\/iesmallafre\/wp-content\/uploads\/usu105\/2025\/03\/IMG_9371-300x225.jpeg 300w, https:\/\/agora.xtec.cat\/iesmallafre\/wp-content\/uploads\/usu105\/2025\/03\/IMG_9371-1024x768.jpeg 1024w, https:\/\/agora.xtec.cat\/iesmallafre\/wp-content\/uploads\/usu105\/2025\/03\/IMG_9371-768x576.jpeg 768w, https:\/\/agora.xtec.cat\/iesmallafre\/wp-content\/uploads\/usu105\/2025\/03\/IMG_9371-1536x1152.jpeg 1536w, https:\/\/agora.xtec.cat\/iesmallafre\/wp-content\/uploads\/usu105\/2025\/03\/IMG_9371-2048x1536.jpeg 2048w, https:\/\/agora.xtec.cat\/iesmallafre\/wp-content\/uploads\/usu105\/2025\/03\/IMG_9371-200x150.jpeg 200w\" sizes=\"auto, (max-width: 538px) 100vw, 538px\" \/><\/a><\/p>\n<p>&nbsp;<\/p>\n","protected":false},"excerpt":{"rendered":"<p>El passat divendres, l\u2019alumnat de 1r de Batxillerat de l\u2019optativa de Matem\u00e0tiques Aplicades va tenir l\u2019oportunitat d\u2019assistir a la xerrada L\u2019estad\u00edstica de cada dia, a c\u00e0rrec de la professora Maribel Ortego, de la Universitat Polit\u00e8cnica de Catalunya.<br \/>\nDurant la sessi\u00f3, vam reflexionar sobre la fiabilitat de&hellip;  <a href=\"https:\/\/agora.xtec.cat\/iesmallafre\/batxillerat\/xerrada-sobre-estadistica-amb-la-professora-maribel-ortego\/\" title=\"Read Xerrada sobre estad\u00edstica amb la professora Maribel Ortego\">Llegeix m\u00e9s\u00bb<\/a><\/p>\n","protected":false},"author":16,"featured_media":25063,"comment_status":"closed","ping_status":"closed","sticky":false,"template":"","format":"standard","meta":{"_bbp_topic_count":0,"_bbp_reply_count":0,"_bbp_total_topic_count":0,"_bbp_total_reply_count":0,"_bbp_voice_count":0,"_bbp_anonymous_reply_count":0,"_bbp_topic_count_hidden":0,"_bbp_reply_count_hidden":0,"_bbp_forum_subforum_count":0,"footnotes":""},"categories":[8,29],"tags":[],"class_list":["post-25062","post","type-post","status-publish","format-standard","has-post-thumbnail","hentry","category-batxillerat","category-portada"],"post_mailing_queue_ids":[],"_links":{"self":[{"href":"https:\/\/agora.xtec.cat\/iesmallafre\/wp-json\/wp\/v2\/posts\/25062","targetHints":{"allow":["GET"]}}],"collection":[{"href":"https:\/\/agora.xtec.cat\/iesmallafre\/wp-json\/wp\/v2\/posts"}],"about":[{"href":"https:\/\/agora.xtec.cat\/iesmallafre\/wp-json\/wp\/v2\/types\/post"}],"author":[{"embeddable":true,"href":"https:\/\/agora.xtec.cat\/iesmallafre\/wp-json\/wp\/v2\/users\/16"}],"replies":[{"embeddable":true,"href":"https:\/\/agora.xtec.cat\/iesmallafre\/wp-json\/wp\/v2\/comments?post=25062"}],"version-history":[{"count":2,"href":"https:\/\/agora.xtec.cat\/iesmallafre\/wp-json\/wp\/v2\/posts\/25062\/revisions"}],"predecessor-version":[{"id":25068,"href":"https:\/\/agora.xtec.cat\/iesmallafre\/wp-json\/wp\/v2\/posts\/25062\/revisions\/25068"}],"wp:featuredmedia":[{"embeddable":true,"href":"https:\/\/agora.xtec.cat\/iesmallafre\/wp-json\/wp\/v2\/media\/25063"}],"wp:attachment":[{"href":"https:\/\/agora.xtec.cat\/iesmallafre\/wp-json\/wp\/v2\/media?parent=25062"}],"wp:term":[{"taxonomy":"category","embeddable":true,"href":"https:\/\/agora.xtec.cat\/iesmallafre\/wp-json\/wp\/v2\/categories?post=25062"},{"taxonomy":"post_tag","embeddable":true,"href":"https:\/\/agora.xtec.cat\/iesmallafre\/wp-json\/wp\/v2\/tags?post=25062"}],"curies":[{"name":"wp","href":"https:\/\/api.w.org\/{rel}","templated":true}]}}