{"id":25047,"date":"2025-03-21T12:36:08","date_gmt":"2025-03-21T11:36:08","guid":{"rendered":"https:\/\/agora.xtec.cat\/iesmallafre\/?p=25047"},"modified":"2025-03-24T13:15:16","modified_gmt":"2025-03-24T12:15:16","slug":"participem-a-la-zona-e","status":"publish","type":"post","link":"https:\/\/agora.xtec.cat\/iesmallafre\/batxillerat\/participem-a-la-zona-e\/","title":{"rendered":"Participem a la Zona E"},"content":{"rendered":"<p>Un any m\u00e9s hem estat a la Zona e explicant la nostra oferta postobligat\u00f2ria de cara al curs vinent.<\/p>\n<p>Els batxillerats de Ci\u00e8ncies i Tecnologia, Humanitats i Ci\u00e8ncies Socials i com a centre referent de la comarca el Batxillerat d\u2019Arts Pl\u00e0stiques imatge i disseny i el Batxillerat de M\u00fasica i Arts Esc\u00e8niques.<\/p>\n<p>Tamb\u00e9 hem explicat la novetat que l&#8217;any vinent oferirem un Cicle Formatiu de Grau Superior de T\u00e8cniques d\u2019Actuaci\u00f3 Teatral que complementar\u00e0 l\u2019oferta dels nostres estudiants de Batxillerat i els de la resta de la comarca i refor\u00e7a encara m\u00e9s el nostre centre com a referent de la comarca en Arts Esc\u00e8niques.<\/p>\n<p>L&#8217;oferta inclou les diverses modalitats de batxillerat que oferim:<\/p>\n<div id=\"m_6625754649498796606m_-2403140877770152212m_4867049154361954888m_1273474997177655674AppleMailSignature\" dir=\"ltr\">\n<ul>\n<li>Ci\u00e8ncies i Tecnologia<\/li>\n<li>Humanitats i Ci\u00e8ncies Socials<\/li>\n<li>Arts Pl\u00e0stiques, Imatge i Disseny<\/li>\n<li>M\u00fasica i Arts Esc\u00e8niques<\/li>\n<\/ul>\n<p>Per complementar tota aquesta informaci\u00f3, us esperem a les portes obertes del pr\u00f2xim dilluns 31 de mar\u00e7 de 17:00 h a 19:00 h. Cal inscripci\u00f3 pr\u00e8via al seg\u00fcent <a href=\"https:\/\/docs.google.com\/forms\/d\/1oxm6jU2bjq-eSkVUDXIxEiR972w2FWh0xPlw5pvA_ZA\/preview\" target=\"_blank\" rel=\"noopener\">formulari.<\/a><\/p>\n<p><a href=\"https:\/\/agora.xtec.cat\/iesmallafre\/wp-content\/uploads\/usu105\/2025\/03\/e9263d10-2621-4775-81dc-5e2904839a10.jpeg\"><img loading=\"lazy\" decoding=\"async\" class=\"wp-image-25049 aligncenter\" src=\"https:\/\/agora.xtec.cat\/iesmallafre\/wp-content\/uploads\/usu105\/2025\/03\/e9263d10-2621-4775-81dc-5e2904839a10.jpeg\" alt=\"\" width=\"496\" height=\"662\" srcset=\"https:\/\/agora.xtec.cat\/iesmallafre\/wp-content\/uploads\/usu105\/2025\/03\/e9263d10-2621-4775-81dc-5e2904839a10.jpeg 905w, https:\/\/agora.xtec.cat\/iesmallafre\/wp-content\/uploads\/usu105\/2025\/03\/e9263d10-2621-4775-81dc-5e2904839a10-225x300.jpeg 225w, https:\/\/agora.xtec.cat\/iesmallafre\/wp-content\/uploads\/usu105\/2025\/03\/e9263d10-2621-4775-81dc-5e2904839a10-768x1024.jpeg 768w\" sizes=\"auto, (max-width: 496px) 100vw, 496px\" \/><\/a><\/p>\n<p><a href=\"https:\/\/agora.xtec.cat\/iesmallafre\/wp-content\/uploads\/usu105\/2025\/03\/5de719ae-0b22-4281-aa4d-ec6c3bccfcc1.jpeg\"><img loading=\"lazy\" decoding=\"async\" class=\"wp-image-25050 aligncenter\" src=\"https:\/\/agora.xtec.cat\/iesmallafre\/wp-content\/uploads\/usu105\/2025\/03\/5de719ae-0b22-4281-aa4d-ec6c3bccfcc1.jpeg\" alt=\"\" width=\"448\" height=\"597\" srcset=\"https:\/\/agora.xtec.cat\/iesmallafre\/wp-content\/uploads\/usu105\/2025\/03\/5de719ae-0b22-4281-aa4d-ec6c3bccfcc1.jpeg 1200w, https:\/\/agora.xtec.cat\/iesmallafre\/wp-content\/uploads\/usu105\/2025\/03\/5de719ae-0b22-4281-aa4d-ec6c3bccfcc1-225x300.jpeg 225w, https:\/\/agora.xtec.cat\/iesmallafre\/wp-content\/uploads\/usu105\/2025\/03\/5de719ae-0b22-4281-aa4d-ec6c3bccfcc1-768x1024.jpeg 768w, https:\/\/agora.xtec.cat\/iesmallafre\/wp-content\/uploads\/usu105\/2025\/03\/5de719ae-0b22-4281-aa4d-ec6c3bccfcc1-1152x1536.jpeg 1152w\" sizes=\"auto, (max-width: 448px) 100vw, 448px\" \/><\/a><\/p>\n<p><a href=\"https:\/\/agora.xtec.cat\/iesmallafre\/wp-content\/uploads\/usu105\/2025\/03\/bcfd1bf8-efa7-426f-8094-67b35d9bed53.jpeg\"><img loading=\"lazy\" decoding=\"async\" class=\"wp-image-25048 aligncenter\" src=\"https:\/\/agora.xtec.cat\/iesmallafre\/wp-content\/uploads\/usu105\/2025\/03\/bcfd1bf8-efa7-426f-8094-67b35d9bed53.jpeg\" alt=\"\" width=\"506\" height=\"674\" srcset=\"https:\/\/agora.xtec.cat\/iesmallafre\/wp-content\/uploads\/usu105\/2025\/03\/bcfd1bf8-efa7-426f-8094-67b35d9bed53.jpeg 1200w, https:\/\/agora.xtec.cat\/iesmallafre\/wp-content\/uploads\/usu105\/2025\/03\/bcfd1bf8-efa7-426f-8094-67b35d9bed53-225x300.jpeg 225w, https:\/\/agora.xtec.cat\/iesmallafre\/wp-content\/uploads\/usu105\/2025\/03\/bcfd1bf8-efa7-426f-8094-67b35d9bed53-768x1024.jpeg 768w, https:\/\/agora.xtec.cat\/iesmallafre\/wp-content\/uploads\/usu105\/2025\/03\/bcfd1bf8-efa7-426f-8094-67b35d9bed53-1152x1536.jpeg 1152w\" sizes=\"auto, (max-width: 506px) 100vw, 506px\" \/><\/a><\/p>\n<\/div>\n<div id=\"m_6625754649498796606m_-2403140877770152212m_4867049154361954888m_1273474997177655674AppleMailSignature\" dir=\"ltr\"><\/div>\n","protected":false},"excerpt":{"rendered":"<p>Un any m\u00e9s hem estat a la Zona e explicant la nostra oferta postobligat\u00f2ria de cara al curs vinent.<br \/>\nEls batxillerats de Ci\u00e8ncies i Tecnologia, Humanitats i Ci\u00e8ncies Socials i com a centre referent de la comarca el Batxillerat d\u2019Arts Pl\u00e0stiques imatge i disseny i el&hellip;  <a href=\"https:\/\/agora.xtec.cat\/iesmallafre\/batxillerat\/participem-a-la-zona-e\/\" title=\"Read Participem a la Zona E\">Llegeix m\u00e9s\u00bb<\/a><\/p>\n","protected":false},"author":16,"featured_media":25049,"comment_status":"closed","ping_status":"closed","sticky":false,"template":"","format":"standard","meta":{"_bbp_topic_count":0,"_bbp_reply_count":0,"_bbp_total_topic_count":0,"_bbp_total_reply_count":0,"_bbp_voice_count":0,"_bbp_anonymous_reply_count":0,"_bbp_topic_count_hidden":0,"_bbp_reply_count_hidden":0,"_bbp_forum_subforum_count":0,"footnotes":""},"categories":[8,29],"tags":[],"class_list":["post-25047","post","type-post","status-publish","format-standard","has-post-thumbnail","hentry","category-batxillerat","category-portada"],"post_mailing_queue_ids":[],"_links":{"self":[{"href":"https:\/\/agora.xtec.cat\/iesmallafre\/wp-json\/wp\/v2\/posts\/25047","targetHints":{"allow":["GET"]}}],"collection":[{"href":"https:\/\/agora.xtec.cat\/iesmallafre\/wp-json\/wp\/v2\/posts"}],"about":[{"href":"https:\/\/agora.xtec.cat\/iesmallafre\/wp-json\/wp\/v2\/types\/post"}],"author":[{"embeddable":true,"href":"https:\/\/agora.xtec.cat\/iesmallafre\/wp-json\/wp\/v2\/users\/16"}],"replies":[{"embeddable":true,"href":"https:\/\/agora.xtec.cat\/iesmallafre\/wp-json\/wp\/v2\/comments?post=25047"}],"version-history":[{"count":5,"href":"https:\/\/agora.xtec.cat\/iesmallafre\/wp-json\/wp\/v2\/posts\/25047\/revisions"}],"predecessor-version":[{"id":25055,"href":"https:\/\/agora.xtec.cat\/iesmallafre\/wp-json\/wp\/v2\/posts\/25047\/revisions\/25055"}],"wp:featuredmedia":[{"embeddable":true,"href":"https:\/\/agora.xtec.cat\/iesmallafre\/wp-json\/wp\/v2\/media\/25049"}],"wp:attachment":[{"href":"https:\/\/agora.xtec.cat\/iesmallafre\/wp-json\/wp\/v2\/media?parent=25047"}],"wp:term":[{"taxonomy":"category","embeddable":true,"href":"https:\/\/agora.xtec.cat\/iesmallafre\/wp-json\/wp\/v2\/categories?post=25047"},{"taxonomy":"post_tag","embeddable":true,"href":"https:\/\/agora.xtec.cat\/iesmallafre\/wp-json\/wp\/v2\/tags?post=25047"}],"curies":[{"name":"wp","href":"https:\/\/api.w.org\/{rel}","templated":true}]}}